{"id":24793,"date":"2025-04-05T13:39:41","date_gmt":"2025-04-05T12:39:41","guid":{"rendered":"https:\/\/insideamateurfussball-ffm.de\/?p=24793"},"modified":"2025-04-05T13:39:41","modified_gmt":"2025-04-05T12:39:41","slug":"seckbach-siegt-deutlich-bei-bad-vilbel","status":"publish","type":"post","link":"https:\/\/insideamateurfussball-ffm.de\/?p=24793","title":{"rendered":"Seckbach siegt deutlich bei Bad Vilbel"},"content":{"rendered":"<h4>Die FG Seckbach sprang zumindest bis Sonntag auf den f\u00fcnften Tabellenplatz, dem angestrebten Saisonziel. Beim FV Bad Vilbel gelang trotz fr\u00fchem R\u00fcckstand ein klarer 4:1-Sieg.<\/h4>\n<figure id=\"attachment_24792\" aria-describedby=\"caption-attachment-24792\" style=\"width: 2560px\" class=\"wp-caption alignnone\"><img loading=\"lazy\" decoding=\"async\" class=\"wp-image-24792 size-full\" src=\"http:\/\/insideamateurfussball-ffm.de\/wp-content\/uploads\/2025\/04\/250404-Seckbach-H_023-scaled.jpg\" alt=\"\" width=\"2560\" height=\"1707\" srcset=\"https:\/\/insideamateurfussball-ffm.de\/wp-content\/uploads\/2025\/04\/250404-Seckbach-H_023-scaled.jpg 2560w, https:\/\/insideamateurfussball-ffm.de\/wp-content\/uploads\/2025\/04\/250404-Seckbach-H_023-300x200.jpg 300w, https:\/\/insideamateurfussball-ffm.de\/wp-content\/uploads\/2025\/04\/250404-Seckbach-H_023-1024x683.jpg 1024w, https:\/\/insideamateurfussball-ffm.de\/wp-content\/uploads\/2025\/04\/250404-Seckbach-H_023-768x512.jpg 768w, https:\/\/insideamateurfussball-ffm.de\/wp-content\/uploads\/2025\/04\/250404-Seckbach-H_023-1536x1024.jpg 1536w, https:\/\/insideamateurfussball-ffm.de\/wp-content\/uploads\/2025\/04\/250404-Seckbach-H_023-2048x1365.jpg 2048w\" sizes=\"auto, (max-width: 2560px) 100vw, 2560px\" \/><figcaption id=\"caption-attachment-24792\" class=\"wp-caption-text\">Die Seckbacher durften mehrfach in Bad Vilbel jubeln. Foto: Jan Werner<\/figcaption><\/figure>\n<h4>FV Bad Vilbel &#8211; FG Seckbach 1:4 (1:2)<\/h4>\n<p><img loading=\"lazy\" decoding=\"async\" class=\"alignnone size-full wp-image-146\" src=\"http:\/\/insideamateurfussball-ffm.de\/wp-content\/uploads\/2022\/05\/FV-Bad-Vilbel.jpg\" alt=\"\" width=\"80\" height=\"80\" \/><img loading=\"lazy\" decoding=\"async\" class=\"alignnone size-full wp-image-544\" src=\"http:\/\/insideamateurfussball-ffm.de\/wp-content\/uploads\/2022\/06\/Seckbach.jpg\" alt=\"\" width=\"80\" height=\"80\" \/><\/p>\n<p>Die FG Seckbach war bei fr\u00fchlingshaftem Wetter am Freitagabend unter Flutlicht beim FV Bad Vilbel, der zurzeit den Relegationsplatz in der Gruppenliga Frankfurt West belegt. Am Ende konnten sich die favorisierten Frankfurter klar mit 4:1 durchsetzen. Dabei begann das Spiel gut f\u00fcr die Kurst\u00e4dter, schon in der zweiten Minute brachte Amer Smajovic die Gastgeber mit 1:0 in F\u00fchrung. Die G\u00e4ste, bei denen der angeschlagene Florian Schuberth zumindest wieder auf der Bank sa\u00df, lie\u00dfen sich aber nicht beirren. In der 11.Minute konnte ein Seckbacher nur durch ein Foul im Strafraum gestoppt werden, Kapit\u00e4n Milad Wardak verwandelte zum 1:1-Ausgleich.<\/p>\n<p>Noch in der ersten Halbzeit gelang es den Seckbachern, durch Benedict Linzenmeier in der 27.Minute in F\u00fchrung zu gehen, mit 2:1 f\u00fcr die FG ging es auch in die Halbzeit. In der zweiten H\u00e4lfte blieb Seckbach das \u00fcberlegene Team, und in der 63.Minute war es Spielertrainer Manuel May, der nach toller Vorarbeit von Milad Wardak mit dem 3:1 die Vorentscheidung erzielte. In der 74.Minute schw\u00e4chten sich die Gastgeber selbst, Dominik Emmel sah innerhalb von 7 Minuten zwei gelbe Karten und musste mit gelb-rot den Platz verlassen. Nur eine Minute sp\u00e4ter erh\u00f6hte Nicolas Nareike zum 4:1-Endstand nach einem Eckball von Yannick Siering.<\/p>\n<p>Der FV Bad Vilbel, der sich letztes Jahr nur \u00fcber die Relegation in der Gruppenliga halten konnte, bleibt damit weiter auf dem erneuten Relegationsrang, w\u00e4hrend die FG Seckbach ihr Saisonziel, ein Platz unter den Top 5, zumindest bis Sonntag erreicht hat. Am n\u00e4chsten Wochenende empfangen die Seckbacher dann den FC Tempo zum Stadtduell, ehe es dann kurz vor Ostern zum Pokalhalbfinale zur Spvgg. 05 Oberrad geht.<\/p>\n<h4>Schiedsrichter: Tim Deisenroth (DJK Sparta B\u00fcrgel). Zuschauer: 92.<\/h4>\n<h4>Tore: 1:0 Amer Smajovic (2.), 1:1 Milad Wardak (11., Elfmeter), 1:2 Benedict Linzenmeier (27.), 1:3 Manuel May (63.), 1:4 Nicolas Nareike (74.)<\/h4>\n<blockquote>\n<h4>Die Fotos schoss Bad Vilbels Pressesprecher Jan Werner.<\/h4>\n<\/blockquote>\n\n\n<figure class=\"wp-block-image size-large\"><img loading=\"lazy\" decoding=\"async\" width=\"1024\" height=\"683\" src=\"http:\/\/insideamateurfussball-ffm.de\/wp-content\/uploads\/2025\/04\/250404-Seckbach-H_002-1024x683.jpg\" alt=\"\" class=\"wp-image-24782\" srcset=\"https:\/\/insideamateurfussball-ffm.de\/wp-content\/uploads\/2025\/04\/250404-Seckbach-H_002-1024x683.jpg 1024w, https:\/\/insideamateurfussball-ffm.de\/wp-content\/uploads\/2025\/04\/250404-Seckbach-H_002-300x200.jpg 300w, https:\/\/insideamateurfussball-ffm.de\/wp-content\/uploads\/2025\/04\/250404-Seckbach-H_002-768x512.jpg 768w, https:\/\/insideamateurfussball-ffm.de\/wp-content\/uploads\/2025\/04\/250404-Seckbach-H_002-1536x1024.jpg 1536w, https:\/\/insideamateurfussball-ffm.de\/wp-content\/uploads\/2025\/04\/250404-Seckbach-H_002-2048x1365.jpg 2048w\" sizes=\"auto, (max-width: 1024px) 100vw, 1024px\" \/><\/figure>\n\n\n\n<figure class=\"wp-block-image size-large\"><img loading=\"lazy\" decoding=\"async\" width=\"1024\" height=\"683\" src=\"http:\/\/insideamateurfussball-ffm.de\/wp-content\/uploads\/2025\/04\/250404-Seckbach-H_004-1024x683.jpg\" alt=\"\" class=\"wp-image-24783\" srcset=\"https:\/\/insideamateurfussball-ffm.de\/wp-content\/uploads\/2025\/04\/250404-Seckbach-H_004-1024x683.jpg 1024w, https:\/\/insideamateurfussball-ffm.de\/wp-content\/uploads\/2025\/04\/250404-Seckbach-H_004-300x200.jpg 300w, https:\/\/insideamateurfussball-ffm.de\/wp-content\/uploads\/2025\/04\/250404-Seckbach-H_004-768x512.jpg 768w, https:\/\/insideamateurfussball-ffm.de\/wp-content\/uploads\/2025\/04\/250404-Seckbach-H_004-1536x1024.jpg 1536w, https:\/\/insideamateurfussball-ffm.de\/wp-content\/uploads\/2025\/04\/250404-Seckbach-H_004-2048x1365.jpg 2048w\" sizes=\"auto, (max-width: 1024px) 100vw, 1024px\" \/><\/figure>\n\n\n\n<figure class=\"wp-block-image size-large\"><img loading=\"lazy\" decoding=\"async\" width=\"1024\" height=\"683\" src=\"http:\/\/insideamateurfussball-ffm.de\/wp-content\/uploads\/2025\/04\/250404-Seckbach-H_006-1024x683.jpg\" alt=\"\" class=\"wp-image-24784\" srcset=\"https:\/\/insideamateurfussball-ffm.de\/wp-content\/uploads\/2025\/04\/250404-Seckbach-H_006-1024x683.jpg 1024w, https:\/\/insideamateurfussball-ffm.de\/wp-content\/uploads\/2025\/04\/250404-Seckbach-H_006-300x200.jpg 300w, https:\/\/insideamateurfussball-ffm.de\/wp-content\/uploads\/2025\/04\/250404-Seckbach-H_006-768x512.jpg 768w, https:\/\/insideamateurfussball-ffm.de\/wp-content\/uploads\/2025\/04\/250404-Seckbach-H_006-1536x1024.jpg 1536w, https:\/\/insideamateurfussball-ffm.de\/wp-content\/uploads\/2025\/04\/250404-Seckbach-H_006-2048x1365.jpg 2048w\" sizes=\"auto, (max-width: 1024px) 100vw, 1024px\" \/><\/figure>\n\n\n\n<figure class=\"wp-block-image size-large\"><img loading=\"lazy\" decoding=\"async\" width=\"1024\" height=\"683\" src=\"http:\/\/insideamateurfussball-ffm.de\/wp-content\/uploads\/2025\/04\/250404-Seckbach-H_012-1024x683.jpg\" alt=\"\" class=\"wp-image-24785\" srcset=\"https:\/\/insideamateurfussball-ffm.de\/wp-content\/uploads\/2025\/04\/250404-Seckbach-H_012-1024x683.jpg 1024w, https:\/\/insideamateurfussball-ffm.de\/wp-content\/uploads\/2025\/04\/250404-Seckbach-H_012-300x200.jpg 300w, https:\/\/insideamateurfussball-ffm.de\/wp-content\/uploads\/2025\/04\/250404-Seckbach-H_012-768x512.jpg 768w, https:\/\/insideamateurfussball-ffm.de\/wp-content\/uploads\/2025\/04\/250404-Seckbach-H_012-1536x1024.jpg 1536w, https:\/\/insideamateurfussball-ffm.de\/wp-content\/uploads\/2025\/04\/250404-Seckbach-H_012-2048x1365.jpg 2048w\" sizes=\"auto, (max-width: 1024px) 100vw, 1024px\" \/><\/figure>\n\n\n\n<figure class=\"wp-block-image size-large\"><img loading=\"lazy\" decoding=\"async\" width=\"1024\" height=\"683\" src=\"http:\/\/insideamateurfussball-ffm.de\/wp-content\/uploads\/2025\/04\/250404-Seckbach-H_013-1024x683.jpg\" alt=\"\" class=\"wp-image-24786\" srcset=\"https:\/\/insideamateurfussball-ffm.de\/wp-content\/uploads\/2025\/04\/250404-Seckbach-H_013-1024x683.jpg 1024w, https:\/\/insideamateurfussball-ffm.de\/wp-content\/uploads\/2025\/04\/250404-Seckbach-H_013-300x200.jpg 300w, https:\/\/insideamateurfussball-ffm.de\/wp-content\/uploads\/2025\/04\/250404-Seckbach-H_013-768x512.jpg 768w, https:\/\/insideamateurfussball-ffm.de\/wp-content\/uploads\/2025\/04\/250404-Seckbach-H_013-1536x1024.jpg 1536w, https:\/\/insideamateurfussball-ffm.de\/wp-content\/uploads\/2025\/04\/250404-Seckbach-H_013-2048x1365.jpg 2048w\" sizes=\"auto, (max-width: 1024px) 100vw, 1024px\" \/><\/figure>\n\n\n\n<figure class=\"wp-block-image size-large\"><img loading=\"lazy\" decoding=\"async\" width=\"1024\" height=\"683\" src=\"http:\/\/insideamateurfussball-ffm.de\/wp-content\/uploads\/2025\/04\/250404-Seckbach-H_014-1024x683.jpg\" alt=\"\" class=\"wp-image-24787\" srcset=\"https:\/\/insideamateurfussball-ffm.de\/wp-content\/uploads\/2025\/04\/250404-Seckbach-H_014-1024x683.jpg 1024w, https:\/\/insideamateurfussball-ffm.de\/wp-content\/uploads\/2025\/04\/250404-Seckbach-H_014-300x200.jpg 300w, https:\/\/insideamateurfussball-ffm.de\/wp-content\/uploads\/2025\/04\/250404-Seckbach-H_014-768x512.jpg 768w, https:\/\/insideamateurfussball-ffm.de\/wp-content\/uploads\/2025\/04\/250404-Seckbach-H_014-1536x1024.jpg 1536w, https:\/\/insideamateurfussball-ffm.de\/wp-content\/uploads\/2025\/04\/250404-Seckbach-H_014-2048x1365.jpg 2048w\" sizes=\"auto, (max-width: 1024px) 100vw, 1024px\" \/><\/figure>\n\n\n\n<figure class=\"wp-block-image size-large\"><img loading=\"lazy\" decoding=\"async\" width=\"1024\" height=\"683\" src=\"http:\/\/insideamateurfussball-ffm.de\/wp-content\/uploads\/2025\/04\/250404-Seckbach-H_016-1024x683.jpg\" alt=\"\" class=\"wp-image-24788\" srcset=\"https:\/\/insideamateurfussball-ffm.de\/wp-content\/uploads\/2025\/04\/250404-Seckbach-H_016-1024x683.jpg 1024w, https:\/\/insideamateurfussball-ffm.de\/wp-content\/uploads\/2025\/04\/250404-Seckbach-H_016-300x200.jpg 300w, https:\/\/insideamateurfussball-ffm.de\/wp-content\/uploads\/2025\/04\/250404-Seckbach-H_016-768x512.jpg 768w, https:\/\/insideamateurfussball-ffm.de\/wp-content\/uploads\/2025\/04\/250404-Seckbach-H_016-1536x1024.jpg 1536w, https:\/\/insideamateurfussball-ffm.de\/wp-content\/uploads\/2025\/04\/250404-Seckbach-H_016-2048x1365.jpg 2048w\" sizes=\"auto, (max-width: 1024px) 100vw, 1024px\" \/><\/figure>\n\n\n\n<figure class=\"wp-block-image size-large\"><img loading=\"lazy\" decoding=\"async\" width=\"1024\" height=\"683\" src=\"http:\/\/insideamateurfussball-ffm.de\/wp-content\/uploads\/2025\/04\/250404-Seckbach-H_018-1024x683.jpg\" alt=\"\" class=\"wp-image-24789\" srcset=\"https:\/\/insideamateurfussball-ffm.de\/wp-content\/uploads\/2025\/04\/250404-Seckbach-H_018-1024x683.jpg 1024w, https:\/\/insideamateurfussball-ffm.de\/wp-content\/uploads\/2025\/04\/250404-Seckbach-H_018-300x200.jpg 300w, https:\/\/insideamateurfussball-ffm.de\/wp-content\/uploads\/2025\/04\/250404-Seckbach-H_018-768x512.jpg 768w, https:\/\/insideamateurfussball-ffm.de\/wp-content\/uploads\/2025\/04\/250404-Seckbach-H_018-1536x1024.jpg 1536w, https:\/\/insideamateurfussball-ffm.de\/wp-content\/uploads\/2025\/04\/250404-Seckbach-H_018-2048x1365.jpg 2048w\" sizes=\"auto, (max-width: 1024px) 100vw, 1024px\" \/><\/figure>\n\n\n\n<figure class=\"wp-block-image size-large\"><img loading=\"lazy\" decoding=\"async\" width=\"1024\" height=\"683\" src=\"http:\/\/insideamateurfussball-ffm.de\/wp-content\/uploads\/2025\/04\/250404-Seckbach-H_020-1024x683.jpg\" alt=\"\" class=\"wp-image-24790\" srcset=\"https:\/\/insideamateurfussball-ffm.de\/wp-content\/uploads\/2025\/04\/250404-Seckbach-H_020-1024x683.jpg 1024w, https:\/\/insideamateurfussball-ffm.de\/wp-content\/uploads\/2025\/04\/250404-Seckbach-H_020-300x200.jpg 300w, https:\/\/insideamateurfussball-ffm.de\/wp-content\/uploads\/2025\/04\/250404-Seckbach-H_020-768x512.jpg 768w, https:\/\/insideamateurfussball-ffm.de\/wp-content\/uploads\/2025\/04\/250404-Seckbach-H_020-1536x1024.jpg 1536w, https:\/\/insideamateurfussball-ffm.de\/wp-content\/uploads\/2025\/04\/250404-Seckbach-H_020-2048x1365.jpg 2048w\" sizes=\"auto, (max-width: 1024px) 100vw, 1024px\" \/><\/figure>\n\n\n\n<figure class=\"wp-block-image size-large\"><img loading=\"lazy\" decoding=\"async\" width=\"1024\" height=\"683\" src=\"http:\/\/insideamateurfussball-ffm.de\/wp-content\/uploads\/2025\/04\/250404-Seckbach-H_022-1024x683.jpg\" alt=\"\" class=\"wp-image-24791\" srcset=\"https:\/\/insideamateurfussball-ffm.de\/wp-content\/uploads\/2025\/04\/250404-Seckbach-H_022-1024x683.jpg 1024w, https:\/\/insideamateurfussball-ffm.de\/wp-content\/uploads\/2025\/04\/250404-Seckbach-H_022-300x200.jpg 300w, https:\/\/insideamateurfussball-ffm.de\/wp-content\/uploads\/2025\/04\/250404-Seckbach-H_022-768x512.jpg 768w, https:\/\/insideamateurfussball-ffm.de\/wp-content\/uploads\/2025\/04\/250404-Seckbach-H_022-1536x1024.jpg 1536w, https:\/\/insideamateurfussball-ffm.de\/wp-content\/uploads\/2025\/04\/250404-Seckbach-H_022-2048x1365.jpg 2048w\" sizes=\"auto, (max-width: 1024px) 100vw, 1024px\" \/><\/figure>\n\n\n\n<figure class=\"wp-block-image size-large\"><img loading=\"lazy\" decoding=\"async\" width=\"1024\" height=\"683\" src=\"http:\/\/insideamateurfussball-ffm.de\/wp-content\/uploads\/2025\/04\/250404-Seckbach-H_024-1024x683.jpg\" alt=\"\" class=\"wp-image-24781\" srcset=\"https:\/\/insideamateurfussball-ffm.de\/wp-content\/uploads\/2025\/04\/250404-Seckbach-H_024-1024x683.jpg 1024w, https:\/\/insideamateurfussball-ffm.de\/wp-content\/uploads\/2025\/04\/250404-Seckbach-H_024-300x200.jpg 300w, https:\/\/insideamateurfussball-ffm.de\/wp-content\/uploads\/2025\/04\/250404-Seckbach-H_024-768x512.jpg 768w, https:\/\/insideamateurfussball-ffm.de\/wp-content\/uploads\/2025\/04\/250404-Seckbach-H_024-1536x1024.jpg 1536w, https:\/\/insideamateurfussball-ffm.de\/wp-content\/uploads\/2025\/04\/250404-Seckbach-H_024-2048x1365.jpg 2048w\" sizes=\"auto, (max-width: 1024px) 100vw, 1024px\" \/><\/figure>\n","protected":false},"excerpt":{"rendered":"<p>Die FG Seckbach sprang zumindest bis Sonntag auf den f\u00fcnften Tabellenplatz, dem angestrebten Saisonziel. Beim FV Bad Vilbel gelang trotz fr\u00fchem R\u00fcckstand ein klarer 4:1-Sieg. FV Bad Vilbel &#8211; FG Seckbach 1:4 (1:2) Die FG Seckbach war bei fr\u00fchlingshaftem Wetter am Freitagabend unter Flutlicht beim FV Bad Vilbel, der zurzeit den Relegationsplatz in der Gruppenliga [&hellip;]<\/p>\n","protected":false},"author":3,"featured_media":24792,"comment_status":"closed","ping_status":"open","sticky":true,"template":"","format":"standard","meta":{"footnotes":""},"categories":[13],"tags":[],"class_list":["post-24793","post","type-post","status-publish","format-standard","has-post-thumbnail","hentry","category-gruppenliga-frankfurt-west"],"_links":{"self":[{"href":"https:\/\/insideamateurfussball-ffm.de\/index.php?rest_route=\/wp\/v2\/posts\/24793","targetHints":{"allow":["GET"]}}],"collection":[{"href":"https:\/\/insideamateurfussball-ffm.de\/index.php?rest_route=\/wp\/v2\/posts"}],"about":[{"href":"https:\/\/insideamateurfussball-ffm.de\/index.php?rest_route=\/wp\/v2\/types\/post"}],"author":[{"embeddable":true,"href":"https:\/\/insideamateurfussball-ffm.de\/index.php?rest_route=\/wp\/v2\/users\/3"}],"replies":[{"embeddable":true,"href":"https:\/\/insideamateurfussball-ffm.de\/index.php?rest_route=%2Fwp%2Fv2%2Fcomments&post=24793"}],"version-history":[{"count":2,"href":"https:\/\/insideamateurfussball-ffm.de\/index.php?rest_route=\/wp\/v2\/posts\/24793\/revisions"}],"predecessor-version":[{"id":24795,"href":"https:\/\/insideamateurfussball-ffm.de\/index.php?rest_route=\/wp\/v2\/posts\/24793\/revisions\/24795"}],"wp:featuredmedia":[{"embeddable":true,"href":"https:\/\/insideamateurfussball-ffm.de\/index.php?rest_route=\/wp\/v2\/media\/24792"}],"wp:attachment":[{"href":"https:\/\/insideamateurfussball-ffm.de\/index.php?rest_route=%2Fwp%2Fv2%2Fmedia&parent=24793"}],"wp:term":[{"taxonomy":"category","embeddable":true,"href":"https:\/\/insideamateurfussball-ffm.de\/index.php?rest_route=%2Fwp%2Fv2%2Fcategories&post=24793"},{"taxonomy":"post_tag","embeddable":true,"href":"https:\/\/insideamateurfussball-ffm.de\/index.php?rest_route=%2Fwp%2Fv2%2Ftags&post=24793"}],"curies":[{"name":"wp","href":"https:\/\/api.w.org\/{rel}","templated":true}]}}