{"id":24740,"date":"2025-04-01T15:35:53","date_gmt":"2025-04-01T14:35:53","guid":{"rendered":"https:\/\/insideamateurfussball-ffm.de\/?p=24740"},"modified":"2025-04-01T15:38:25","modified_gmt":"2025-04-01T14:38:25","slug":"concordia-nimmt-00-aus-griesheim-mit","status":"publish","type":"post","link":"https:\/\/insideamateurfussball-ffm.de\/?p=24740","title":{"rendered":"Concordia nimmt 0:0 aus Griesheim mit"},"content":{"rendered":"<h3>Die Spvgg. 02 Griesheim kam im Heimspiel gegen Concordia Eschersheim nicht \u00fcber ein 0:0 hinaus, verschoss einen Elfmeter und lie\u00df den R\u00fcckstand auf den Aufstiegsrelegationsplatz auf neun Z\u00e4hler anwachsen. Die Concordia ist Siebter, der Vorsprung auf den Abstiegsrelegationsplatz betr\u00e4gt aktuell sechs Punkte.\u00a0<\/h3>\n<figure id=\"attachment_24741\" aria-describedby=\"caption-attachment-24741\" style=\"width: 886px\" class=\"wp-caption alignnone\"><img loading=\"lazy\" decoding=\"async\" class=\"wp-image-24741 size-full\" src=\"http:\/\/insideamateurfussball-ffm.de\/wp-content\/uploads\/2025\/04\/griesh-conc3.jpg\" alt=\"\" width=\"886\" height=\"639\" srcset=\"https:\/\/insideamateurfussball-ffm.de\/wp-content\/uploads\/2025\/04\/griesh-conc3.jpg 886w, https:\/\/insideamateurfussball-ffm.de\/wp-content\/uploads\/2025\/04\/griesh-conc3-300x216.jpg 300w, https:\/\/insideamateurfussball-ffm.de\/wp-content\/uploads\/2025\/04\/griesh-conc3-768x554.jpg 768w\" sizes=\"auto, (max-width: 886px) 100vw, 886px\" \/><figcaption id=\"caption-attachment-24741\" class=\"wp-caption-text\">Concordia-Trainer Roland Stipp und die Eschersheimer Anh\u00e4nger sahen in Griesheim keine Tore. Foto: Mithat G\u00fcrser.<\/figcaption><\/figure>\n<h3>Spvgg. 02 Griesheim &#8211; Concordia Eschersheim 0:0<\/h3>\n<p><img loading=\"lazy\" decoding=\"async\" class=\"alignnone size-full wp-image-287\" src=\"http:\/\/insideamateurfussball-ffm.de\/wp-content\/uploads\/2022\/05\/SpVgg._02_Griesheim_02.jpg\" alt=\"\" width=\"100\" height=\"100\" \/><img loading=\"lazy\" decoding=\"async\" class=\"alignnone size-full wp-image-37\" src=\"http:\/\/insideamateurfussball-ffm.de\/wp-content\/uploads\/2021\/11\/1sv07_news2_4178_01_01_02.jpg\" alt=\"\" width=\"80\" height=\"80\" \/><\/p>\n<p>Griesheims Trainer Dominic Machado hatte &#8222;keine gute erste Halbzeit von uns&#8220; gesehen. &#8222;Wir hatten viel Ballbesitz, waren aber vor dem Tor harmlos. Ich kann mich auf beiden Seiten an keine Gro\u00dfchance erinnern.&#8220; In der Halbzeit habe Machado einiges angesprochen und korrigiert. &#8222;Die zweite Halbzeit war besser, es gab viel mehr Power nach vorne. Wieder ohne hundertprozentige Torchance aus dem Spiel heraus&#8220;, schilderte Machado.<\/p>\n<p>Allerdings gab es einen Foulelfmeter f\u00fcr Griesheim, den Enver Kelmendi rausholte. Der Gefoulte trat selbst an, jedoch parierte Concordia-Torh\u00fcter Nick Gutschmidt (70.). &#8222;Man hat nichtsdestotrotz das Gef\u00fchl gehabt, dass das Tor gleich fallen muss. Wir hatten dann viele Offensivaktionen mit Befreiungsschl\u00e4gen von Eschersheim. Wir sind immer wieder angelaufen und haben hinten aufgemacht&#8220;, schilderte der Griesheimer Trainer.<\/p>\n<h3><span style=\"text-decoration: underline;\">Standards und Eckb\u00e4lle brachten nichts mehr ein<\/span><\/h3>\n<p>Ein Treffer von Bilal El Gouy wurde dann wegen eines Foulpiels zuvor aberkannt. &#8222;Das war aus meiner Position nicht zu erkennen&#8220;, so Machado. Viele Standards um den Sechzehner herum, viele Eckb\u00e4lle brachten nichts mehr ein. Es fehlte Griesheim an Durchschlagskraft.&#8220; Eschersheim hat das gut gemacht, gut verteidigt. Wenige Akzente nach vorne kamen vom Gast, bis auf einige Konter. Am Ende ist das 0:0 f\u00fcr uns zu wenig&#8220;, analysierte Machado.<\/p>\n<p>G\u00e4stecoach Roland Stipp hatte nur 14 Spieler im Aufgebot, davon &#8222;viele, die zuletzt nicht trainiert haben. Von 30 Leuten im Kader f\u00e4llt die H\u00e4lfte leider regelm\u00e4\u00dfig aus.&#8220; Mit dem Punkt sei er &#8222;total zufrieden, auch wenn er aufgrund der Druckphase der Griesheimer gl\u00fccklich war. Die Mannschaft hat gut gek\u00e4mpft.&#8220; F\u00fcr Griesheim geht es Sonntag zum Spitzenreiter FC Kosova (15 Uhr). Zeitgleich erwartet die Concordia den FC Germania Enkheim.\u00a0<\/p>\n<h3><span style=\"text-decoration: underline;\">Schiedsrichter: Hanif Sch\u00f6nburg (Eintracht Frankfurt). Zuschauer: 41. <\/span><\/h3>\n<h3><span style=\"text-decoration: underline;\">Bildergalerie: Unser Fotograf Mithat G\u00fcrser schaute an der Eichenstra\u00dfe vorbei. <\/span>\u00a0 \u00a0<\/h3>\n\n\n<figure class=\"wp-block-gallery has-nested-images columns-default is-cropped wp-block-gallery-1 is-layout-flex wp-block-gallery-is-layout-flex\">\n<figure class=\"wp-block-image size-large\"><img loading=\"lazy\" decoding=\"async\" width=\"886\" height=\"662\" data-id=\"24742\" src=\"https:\/\/insideamateurfussball-ffm.de\/wp-content\/uploads\/2025\/04\/griesh-conc6.jpg\" alt=\"\" class=\"wp-image-24742\" srcset=\"https:\/\/insideamateurfussball-ffm.de\/wp-content\/uploads\/2025\/04\/griesh-conc6.jpg 886w, https:\/\/insideamateurfussball-ffm.de\/wp-content\/uploads\/2025\/04\/griesh-conc6-300x224.jpg 300w, https:\/\/insideamateurfussball-ffm.de\/wp-content\/uploads\/2025\/04\/griesh-conc6-768x574.jpg 768w\" sizes=\"auto, (max-width: 886px) 100vw, 886px\" \/><\/figure>\n<\/figure>\n\n\n\n<figure class=\"wp-block-gallery has-nested-images columns-default is-cropped wp-block-gallery-2 is-layout-flex wp-block-gallery-is-layout-flex\">\n<figure class=\"wp-block-image size-large\"><img loading=\"lazy\" decoding=\"async\" width=\"886\" height=\"631\" data-id=\"24743\" src=\"https:\/\/insideamateurfussball-ffm.de\/wp-content\/uploads\/2025\/04\/griesh-conc9.jpg\" alt=\"\" class=\"wp-image-24743\" srcset=\"https:\/\/insideamateurfussball-ffm.de\/wp-content\/uploads\/2025\/04\/griesh-conc9.jpg 886w, https:\/\/insideamateurfussball-ffm.de\/wp-content\/uploads\/2025\/04\/griesh-conc9-300x214.jpg 300w, https:\/\/insideamateurfussball-ffm.de\/wp-content\/uploads\/2025\/04\/griesh-conc9-768x547.jpg 768w\" sizes=\"auto, (max-width: 886px) 100vw, 886px\" \/><\/figure>\n<\/figure>\n\n\n\n<figure class=\"wp-block-gallery has-nested-images columns-default is-cropped wp-block-gallery-3 is-layout-flex wp-block-gallery-is-layout-flex\">\n<figure class=\"wp-block-image size-large\"><img loading=\"lazy\" decoding=\"async\" width=\"886\" height=\"625\" data-id=\"24744\" src=\"https:\/\/insideamateurfussball-ffm.de\/wp-content\/uploads\/2025\/04\/griesh-conc4.jpg\" alt=\"\" class=\"wp-image-24744\" srcset=\"https:\/\/insideamateurfussball-ffm.de\/wp-content\/uploads\/2025\/04\/griesh-conc4.jpg 886w, https:\/\/insideamateurfussball-ffm.de\/wp-content\/uploads\/2025\/04\/griesh-conc4-300x212.jpg 300w, https:\/\/insideamateurfussball-ffm.de\/wp-content\/uploads\/2025\/04\/griesh-conc4-768x542.jpg 768w\" sizes=\"auto, (max-width: 886px) 100vw, 886px\" \/><\/figure>\n<\/figure>\n\n\n\n<figure class=\"wp-block-gallery has-nested-images columns-default is-cropped wp-block-gallery-4 is-layout-flex wp-block-gallery-is-layout-flex\">\n<figure class=\"wp-block-image size-large\"><img loading=\"lazy\" decoding=\"async\" width=\"888\" height=\"591\" data-id=\"24745\" src=\"https:\/\/insideamateurfussball-ffm.de\/wp-content\/uploads\/2025\/04\/griesh-conc7.jpg\" alt=\"\" class=\"wp-image-24745\" srcset=\"https:\/\/insideamateurfussball-ffm.de\/wp-content\/uploads\/2025\/04\/griesh-conc7.jpg 888w, https:\/\/insideamateurfussball-ffm.de\/wp-content\/uploads\/2025\/04\/griesh-conc7-300x200.jpg 300w, https:\/\/insideamateurfussball-ffm.de\/wp-content\/uploads\/2025\/04\/griesh-conc7-768x511.jpg 768w\" sizes=\"auto, (max-width: 888px) 100vw, 888px\" \/><\/figure>\n<\/figure>\n\n\n\n<figure class=\"wp-block-gallery has-nested-images columns-default is-cropped wp-block-gallery-5 is-layout-flex wp-block-gallery-is-layout-flex\">\n<figure class=\"wp-block-image size-large\"><img loading=\"lazy\" decoding=\"async\" width=\"886\" height=\"681\" data-id=\"24746\" src=\"https:\/\/insideamateurfussball-ffm.de\/wp-content\/uploads\/2025\/04\/griesh-conc1.jpg\" alt=\"\" class=\"wp-image-24746\" srcset=\"https:\/\/insideamateurfussball-ffm.de\/wp-content\/uploads\/2025\/04\/griesh-conc1.jpg 886w, https:\/\/insideamateurfussball-ffm.de\/wp-content\/uploads\/2025\/04\/griesh-conc1-300x231.jpg 300w, https:\/\/insideamateurfussball-ffm.de\/wp-content\/uploads\/2025\/04\/griesh-conc1-768x590.jpg 768w\" sizes=\"auto, (max-width: 886px) 100vw, 886px\" \/><\/figure>\n<\/figure>\n\n\n\n<figure class=\"wp-block-gallery has-nested-images columns-default is-cropped wp-block-gallery-6 is-layout-flex wp-block-gallery-is-layout-flex\">\n<figure class=\"wp-block-image size-large\"><img loading=\"lazy\" decoding=\"async\" width=\"886\" height=\"589\" data-id=\"24747\" src=\"https:\/\/insideamateurfussball-ffm.de\/wp-content\/uploads\/2025\/04\/griesh-conc5.jpg\" alt=\"\" class=\"wp-image-24747\" srcset=\"https:\/\/insideamateurfussball-ffm.de\/wp-content\/uploads\/2025\/04\/griesh-conc5.jpg 886w, https:\/\/insideamateurfussball-ffm.de\/wp-content\/uploads\/2025\/04\/griesh-conc5-300x199.jpg 300w, https:\/\/insideamateurfussball-ffm.de\/wp-content\/uploads\/2025\/04\/griesh-conc5-768x511.jpg 768w\" sizes=\"auto, (max-width: 886px) 100vw, 886px\" \/><\/figure>\n<\/figure>\n\n\n\n<figure class=\"wp-block-gallery has-nested-images columns-default is-cropped wp-block-gallery-7 is-layout-flex wp-block-gallery-is-layout-flex\">\n<figure class=\"wp-block-image size-large\"><img loading=\"lazy\" decoding=\"async\" width=\"886\" height=\"594\" data-id=\"24748\" src=\"https:\/\/insideamateurfussball-ffm.de\/wp-content\/uploads\/2025\/04\/griesh-conc8.jpg\" alt=\"\" class=\"wp-image-24748\" srcset=\"https:\/\/insideamateurfussball-ffm.de\/wp-content\/uploads\/2025\/04\/griesh-conc8.jpg 886w, https:\/\/insideamateurfussball-ffm.de\/wp-content\/uploads\/2025\/04\/griesh-conc8-300x201.jpg 300w, https:\/\/insideamateurfussball-ffm.de\/wp-content\/uploads\/2025\/04\/griesh-conc8-768x515.jpg 768w\" sizes=\"auto, (max-width: 886px) 100vw, 886px\" \/><\/figure>\n<\/figure>\n\n\n\n<figure class=\"wp-block-gallery has-nested-images columns-default is-cropped wp-block-gallery-8 is-layout-flex wp-block-gallery-is-layout-flex\">\n<figure class=\"wp-block-image size-large\"><img loading=\"lazy\" decoding=\"async\" width=\"886\" height=\"624\" data-id=\"24749\" src=\"https:\/\/insideamateurfussball-ffm.de\/wp-content\/uploads\/2025\/04\/griesh-conc2.jpg\" alt=\"\" class=\"wp-image-24749\" srcset=\"https:\/\/insideamateurfussball-ffm.de\/wp-content\/uploads\/2025\/04\/griesh-conc2.jpg 886w, https:\/\/insideamateurfussball-ffm.de\/wp-content\/uploads\/2025\/04\/griesh-conc2-300x211.jpg 300w, https:\/\/insideamateurfussball-ffm.de\/wp-content\/uploads\/2025\/04\/griesh-conc2-768x541.jpg 768w\" sizes=\"auto, (max-width: 886px) 100vw, 886px\" \/><\/figure>\n<\/figure>\n","protected":false},"excerpt":{"rendered":"<p>Die Spvgg. 02 Griesheim kam im Heimspiel gegen Concordia Eschersheim nicht \u00fcber ein 0:0 hinaus, verschoss einen Elfmeter und lie\u00df den R\u00fcckstand auf den Aufstiegsrelegationsplatz auf neun Z\u00e4hler anwachsen. Die Concordia ist Siebter, der Vorsprung auf den Abstiegsrelegationsplatz betr\u00e4gt aktuell sechs Punkte.\u00a0 Spvgg. 02 Griesheim &#8211; Concordia Eschersheim 0:0 Griesheims Trainer Dominic Machado hatte &#8222;keine [&hellip;]<\/p>\n","protected":false},"author":1,"featured_media":24741,"comment_status":"closed","ping_status":"closed","sticky":true,"template":"","format":"standard","meta":{"footnotes":""},"categories":[2],"tags":[],"class_list":["post-24740","post","type-post","status-publish","format-standard","has-post-thumbnail","hentry","category-kreisoberliga-frankfurt"],"_links":{"self":[{"href":"https:\/\/insideamateurfussball-ffm.de\/index.php?rest_route=\/wp\/v2\/posts\/24740","targetHints":{"allow":["GET"]}}],"collection":[{"href":"https:\/\/insideamateurfussball-ffm.de\/index.php?rest_route=\/wp\/v2\/posts"}],"about":[{"href":"https:\/\/insideamateurfussball-ffm.de\/index.php?rest_route=\/wp\/v2\/types\/post"}],"author":[{"embeddable":true,"href":"https:\/\/insideamateurfussball-ffm.de\/index.php?rest_route=\/wp\/v2\/users\/1"}],"replies":[{"embeddable":true,"href":"https:\/\/insideamateurfussball-ffm.de\/index.php?rest_route=%2Fwp%2Fv2%2Fcomments&post=24740"}],"version-history":[{"count":3,"href":"https:\/\/insideamateurfussball-ffm.de\/index.php?rest_route=\/wp\/v2\/posts\/24740\/revisions"}],"predecessor-version":[{"id":24752,"href":"https:\/\/insideamateurfussball-ffm.de\/index.php?rest_route=\/wp\/v2\/posts\/24740\/revisions\/24752"}],"wp:featuredmedia":[{"embeddable":true,"href":"https:\/\/insideamateurfussball-ffm.de\/index.php?rest_route=\/wp\/v2\/media\/24741"}],"wp:attachment":[{"href":"https:\/\/insideamateurfussball-ffm.de\/index.php?rest_route=%2Fwp%2Fv2%2Fmedia&parent=24740"}],"wp:term":[{"taxonomy":"category","embeddable":true,"href":"https:\/\/insideamateurfussball-ffm.de\/index.php?rest_route=%2Fwp%2Fv2%2Fcategories&post=24740"},{"taxonomy":"post_tag","embeddable":true,"href":"https:\/\/insideamateurfussball-ffm.de\/index.php?rest_route=%2Fwp%2Fv2%2Ftags&post=24740"}],"curies":[{"name":"wp","href":"https:\/\/api.w.org\/{rel}","templated":true}]}}