{"id":24702,"date":"2025-03-31T15:34:50","date_gmt":"2025-03-31T14:34:50","guid":{"rendered":"https:\/\/insideamateurfussball-ffm.de\/?p=24702"},"modified":"2025-03-31T15:34:50","modified_gmt":"2025-03-31T14:34:50","slug":"bosnien-setzt-sich-gegen-oberrad-durch","status":"publish","type":"post","link":"https:\/\/insideamateurfussball-ffm.de\/?p=24702","title":{"rendered":"Bosnien setzt sich gegen Oberrad durch"},"content":{"rendered":"<h4>Nach der bitteren Niederlage in Karben konnte der SV Bosnien\/Herzegowina den n\u00e4chsten Sieg einfahren, gegen die Spvgg. 05 Oberrad gab es in einem Spiel mit wenigen Torchancen ein 2:1.<\/h4>\n<figure id=\"attachment_24704\" aria-describedby=\"caption-attachment-24704\" style=\"width: 886px\" class=\"wp-caption alignnone\"><img loading=\"lazy\" decoding=\"async\" class=\"wp-image-24704 size-full\" src=\"http:\/\/insideamateurfussball-ffm.de\/wp-content\/uploads\/2025\/03\/bosn-oberr2.jpg\" alt=\"\" width=\"886\" height=\"589\" srcset=\"https:\/\/insideamateurfussball-ffm.de\/wp-content\/uploads\/2025\/03\/bosn-oberr2.jpg 886w, https:\/\/insideamateurfussball-ffm.de\/wp-content\/uploads\/2025\/03\/bosn-oberr2-300x199.jpg 300w, https:\/\/insideamateurfussball-ffm.de\/wp-content\/uploads\/2025\/03\/bosn-oberr2-768x511.jpg 768w\" sizes=\"auto, (max-width: 886px) 100vw, 886px\" \/><figcaption id=\"caption-attachment-24704\" class=\"wp-caption-text\">Beide Mannschaften bei der Begr\u00fc\u00dfung. Foto: Mithat G\u00fcrser<\/figcaption><\/figure>\n<h4>SV Bosnien\/Herzegowina &#8211; Spvgg. 05 Oberrad 2:1 (2:1)<\/h4>\n<p><img loading=\"lazy\" decoding=\"async\" class=\"alignnone size-full wp-image-139\" src=\"http:\/\/insideamateurfussball-ffm.de\/wp-content\/uploads\/2022\/05\/Bosnien.jpg\" alt=\"\" width=\"79\" height=\"80\" \/><img loading=\"lazy\" decoding=\"async\" class=\"alignnone size-full wp-image-137\" src=\"http:\/\/insideamateurfussball-ffm.de\/wp-content\/uploads\/2022\/05\/Oberrad05.jpg\" alt=\"\" width=\"79\" height=\"80\" \/><\/p>\n<p>In der ersten Halbzeit waren die Bosnier im Stadtduell gegen Oberrad deutlich aktiver und gingen in der 27.Minute mit 1:0 in F\u00fchrung, Eldin Kurtanovic kam auf der linken Seite an den Ball, legte ihn sich auf den rechten Fu\u00df und zog aus 8 Metern ab, vom Torwart sprang dann der scharf geschossene Ball ins Tor. Das 2:0 entsprang in der 42.Minute aus einer sch\u00f6nen Einzelleistung von Secouba Diatta, nach einer Flanke nahm er mit dem R\u00fccken zum Tor stehend den Ball aus der Luft an, drehte sich und vollendete aus 10 Metern. Noch vor der Pause kam Oberrad zum gl\u00fccklichen Anschluss, ein bosnischer Abwehrspieler rutschte an der Mittellinie aus und der Weg war frei f\u00fcr Sergen Bayraktar, der den Ball dann aus 18 Metern im langen Eck versenkte.<\/p>\n<p>In der zweiten H\u00e4lfte wechselte dann die Dominanz auf dem Platz, Oberrad war jetzt die spielbestimmende Mannschaft, konnte sich aber keine gro\u00dfen Gelegenheiten herausspielen, w\u00e4hrend die Bosnier durch Konterchancen immer wieder gef\u00e4hrlich waren. In der 85.Minute gab es einen Freisto\u00df f\u00fcr Oberrad aus ca. 20 Metern, der Abpraller von der Mauer landete bei einem im Abseits stehenden Oberr\u00e4der. Nach dem Pfiff gab es ein kleines Handgemenge, das der Schiedsrichter mit zwei gelben karten bedachte, f\u00fcr Oberrads Patrick Zimmer war es bereits die zweite und er musste mit gelb-rot den Platz verlassen.<\/p>\n<p>Bosniens Pressesprecher Admer Malohodzic nach dem Spiel: \u201ewir hatten das Spiel eigentlich gut im Griff, kleines Manko, dass wir das Spiel h\u00e4tten fr\u00fcher entscheiden m\u00fcssen. Die erste Halbzeit war hervorragend, in der zweiten Halbzeit haben wir es dann verwaltet, haben aber dann die Chancen nicht genutzt, das dritte Tor zu machen. Dann war es halt ein bisschen spannend die letzten 10 Minuten wie so oft, aber die Jungs haben es souver\u00e4n gemacht und darauf l\u00e4sst sich aufbauen.\u201c<\/p>\n<p>Oberrads Trainer Gabriel Bernstein: \u201eerste Halbzeit waren wir schl\u00e4frig, waren nicht so richtig da. Wir waren in den Zweik\u00e4mpfen immer einen Schritt zu sp\u00e4t. Dann haben wir noch einmal das 2:1 gemacht, hatten auch ein bisschen Gl\u00fcck, das wir nicht das 3:0 kassiert haben. Zweite Halbzeit waren wir meiner Meinung nach spielbestimmend, aber es hat dann am Ende die hundertprozentige Torchance gefehlt, deswegen geht es auch so in Ordnung. Es ist auch klar, dass wenn man hierherkommt, ein robustes Spiel wird, und in der ersten Halbzeit waren wir, obwohl wir es angesprochen haben, nicht richtig vorbereitet.\u201c<\/p>\n<p>Die Bosnier m\u00fcssen am n\u00e4chsten Wochenende zum Tabellendritten Spvgg. 03 Fechenheim, w\u00e4hrend die Oberr\u00e4der den Tabellenzweiten FC Karben empfangen.<\/p>\n<h4>Schiedsrichter: Lucas Renner (Olympia Lorsch). Zuschauer: 55.<\/h4>\n<h4>Tore: 1:0 Eldin Kurtanovic (27.), 2:0 Secouba Diatta (42.), 2:1 Sergen Bayraktar (44.)<\/h4>\n<blockquote>\n<h4>Die Bilder stellte uns Mithat G\u00fcrser zur Verf\u00fcgung, der u.a. auch in der Ackermannstr. vor Ort war.<\/h4>\n<\/blockquote>\n\n\n<figure class=\"wp-block-image size-full\"><img loading=\"lazy\" decoding=\"async\" width=\"886\" height=\"591\" src=\"http:\/\/insideamateurfussball-ffm.de\/wp-content\/uploads\/2025\/03\/bosn-oberr1.jpg\" alt=\"\" class=\"wp-image-24703\" srcset=\"https:\/\/insideamateurfussball-ffm.de\/wp-content\/uploads\/2025\/03\/bosn-oberr1.jpg 886w, https:\/\/insideamateurfussball-ffm.de\/wp-content\/uploads\/2025\/03\/bosn-oberr1-300x200.jpg 300w, https:\/\/insideamateurfussball-ffm.de\/wp-content\/uploads\/2025\/03\/bosn-oberr1-768x512.jpg 768w\" sizes=\"auto, (max-width: 886px) 100vw, 886px\" \/><\/figure>\n\n\n\n<figure class=\"wp-block-image size-full\"><img loading=\"lazy\" decoding=\"async\" width=\"886\" height=\"623\" src=\"http:\/\/insideamateurfussball-ffm.de\/wp-content\/uploads\/2025\/03\/bosn-oberr3.jpg\" alt=\"\" class=\"wp-image-24705\" srcset=\"https:\/\/insideamateurfussball-ffm.de\/wp-content\/uploads\/2025\/03\/bosn-oberr3.jpg 886w, https:\/\/insideamateurfussball-ffm.de\/wp-content\/uploads\/2025\/03\/bosn-oberr3-300x211.jpg 300w, https:\/\/insideamateurfussball-ffm.de\/wp-content\/uploads\/2025\/03\/bosn-oberr3-768x540.jpg 768w\" sizes=\"auto, (max-width: 886px) 100vw, 886px\" \/><\/figure>\n\n\n\n<figure class=\"wp-block-image size-full\"><img loading=\"lazy\" decoding=\"async\" width=\"886\" height=\"683\" src=\"http:\/\/insideamateurfussball-ffm.de\/wp-content\/uploads\/2025\/03\/bosn-oberr4.jpg\" alt=\"\" class=\"wp-image-24706\" srcset=\"https:\/\/insideamateurfussball-ffm.de\/wp-content\/uploads\/2025\/03\/bosn-oberr4.jpg 886w, https:\/\/insideamateurfussball-ffm.de\/wp-content\/uploads\/2025\/03\/bosn-oberr4-300x231.jpg 300w, https:\/\/insideamateurfussball-ffm.de\/wp-content\/uploads\/2025\/03\/bosn-oberr4-768x592.jpg 768w\" sizes=\"auto, (max-width: 886px) 100vw, 886px\" \/><\/figure>\n\n\n\n<figure class=\"wp-block-image size-full\"><img loading=\"lazy\" decoding=\"async\" width=\"886\" height=\"575\" src=\"http:\/\/insideamateurfussball-ffm.de\/wp-content\/uploads\/2025\/03\/bosn-oberr5.jpg\" alt=\"\" class=\"wp-image-24707\" srcset=\"https:\/\/insideamateurfussball-ffm.de\/wp-content\/uploads\/2025\/03\/bosn-oberr5.jpg 886w, https:\/\/insideamateurfussball-ffm.de\/wp-content\/uploads\/2025\/03\/bosn-oberr5-300x195.jpg 300w, https:\/\/insideamateurfussball-ffm.de\/wp-content\/uploads\/2025\/03\/bosn-oberr5-768x498.jpg 768w\" sizes=\"auto, (max-width: 886px) 100vw, 886px\" \/><\/figure>\n\n\n\n<figure class=\"wp-block-image size-full\"><img loading=\"lazy\" decoding=\"async\" width=\"886\" height=\"645\" src=\"http:\/\/insideamateurfussball-ffm.de\/wp-content\/uploads\/2025\/03\/bosn-oberr6.jpg\" alt=\"\" class=\"wp-image-24708\" srcset=\"https:\/\/insideamateurfussball-ffm.de\/wp-content\/uploads\/2025\/03\/bosn-oberr6.jpg 886w, https:\/\/insideamateurfussball-ffm.de\/wp-content\/uploads\/2025\/03\/bosn-oberr6-300x218.jpg 300w, https:\/\/insideamateurfussball-ffm.de\/wp-content\/uploads\/2025\/03\/bosn-oberr6-768x559.jpg 768w\" sizes=\"auto, (max-width: 886px) 100vw, 886px\" \/><\/figure>\n\n\n\n<figure class=\"wp-block-image size-full\"><img loading=\"lazy\" decoding=\"async\" width=\"886\" height=\"637\" src=\"http:\/\/insideamateurfussball-ffm.de\/wp-content\/uploads\/2025\/03\/bosn-oberr7.jpg\" alt=\"\" class=\"wp-image-24709\" srcset=\"https:\/\/insideamateurfussball-ffm.de\/wp-content\/uploads\/2025\/03\/bosn-oberr7.jpg 886w, https:\/\/insideamateurfussball-ffm.de\/wp-content\/uploads\/2025\/03\/bosn-oberr7-300x216.jpg 300w, https:\/\/insideamateurfussball-ffm.de\/wp-content\/uploads\/2025\/03\/bosn-oberr7-768x552.jpg 768w\" sizes=\"auto, (max-width: 886px) 100vw, 886px\" \/><\/figure>\n\n\n\n<figure class=\"wp-block-image size-full\"><img loading=\"lazy\" decoding=\"async\" width=\"886\" height=\"635\" src=\"http:\/\/insideamateurfussball-ffm.de\/wp-content\/uploads\/2025\/03\/bosn-oberr8.jpg\" alt=\"\" class=\"wp-image-24710\" srcset=\"https:\/\/insideamateurfussball-ffm.de\/wp-content\/uploads\/2025\/03\/bosn-oberr8.jpg 886w, https:\/\/insideamateurfussball-ffm.de\/wp-content\/uploads\/2025\/03\/bosn-oberr8-300x215.jpg 300w, https:\/\/insideamateurfussball-ffm.de\/wp-content\/uploads\/2025\/03\/bosn-oberr8-768x550.jpg 768w\" sizes=\"auto, (max-width: 886px) 100vw, 886px\" \/><\/figure>\n\n\n\n<figure class=\"wp-block-image size-full\"><img loading=\"lazy\" decoding=\"async\" width=\"886\" height=\"580\" src=\"http:\/\/insideamateurfussball-ffm.de\/wp-content\/uploads\/2025\/03\/bosn-oberr9.jpg\" alt=\"\" class=\"wp-image-24711\" srcset=\"https:\/\/insideamateurfussball-ffm.de\/wp-content\/uploads\/2025\/03\/bosn-oberr9.jpg 886w, https:\/\/insideamateurfussball-ffm.de\/wp-content\/uploads\/2025\/03\/bosn-oberr9-300x196.jpg 300w, https:\/\/insideamateurfussball-ffm.de\/wp-content\/uploads\/2025\/03\/bosn-oberr9-768x503.jpg 768w\" sizes=\"auto, (max-width: 886px) 100vw, 886px\" \/><\/figure>\n\n\n\n<figure class=\"wp-block-image size-full\"><img loading=\"lazy\" decoding=\"async\" width=\"886\" height=\"651\" src=\"http:\/\/insideamateurfussball-ffm.de\/wp-content\/uploads\/2025\/03\/bosn-oberr10.jpg\" alt=\"\" class=\"wp-image-24712\" srcset=\"https:\/\/insideamateurfussball-ffm.de\/wp-content\/uploads\/2025\/03\/bosn-oberr10.jpg 886w, https:\/\/insideamateurfussball-ffm.de\/wp-content\/uploads\/2025\/03\/bosn-oberr10-300x220.jpg 300w, https:\/\/insideamateurfussball-ffm.de\/wp-content\/uploads\/2025\/03\/bosn-oberr10-768x564.jpg 768w\" sizes=\"auto, (max-width: 886px) 100vw, 886px\" \/><\/figure>\n","protected":false},"excerpt":{"rendered":"<p>Nach der bitteren Niederlage in Karben konnte der SV Bosnien\/Herzegowina den n\u00e4chsten Sieg einfahren, gegen die Spvgg. 05 Oberrad gab es in einem Spiel mit wenigen Torchancen ein 2:1. SV Bosnien\/Herzegowina &#8211; Spvgg. 05 Oberrad 2:1 (2:1) In der ersten Halbzeit waren die Bosnier im Stadtduell gegen Oberrad deutlich aktiver und gingen in der 27.Minute [&hellip;]<\/p>\n","protected":false},"author":3,"featured_media":24704,"comment_status":"closed","ping_status":"open","sticky":true,"template":"","format":"standard","meta":{"footnotes":""},"categories":[13],"tags":[],"class_list":["post-24702","post","type-post","status-publish","format-standard","has-post-thumbnail","hentry","category-gruppenliga-frankfurt-west"],"_links":{"self":[{"href":"https:\/\/insideamateurfussball-ffm.de\/index.php?rest_route=\/wp\/v2\/posts\/24702","targetHints":{"allow":["GET"]}}],"collection":[{"href":"https:\/\/insideamateurfussball-ffm.de\/index.php?rest_route=\/wp\/v2\/posts"}],"about":[{"href":"https:\/\/insideamateurfussball-ffm.de\/index.php?rest_route=\/wp\/v2\/types\/post"}],"author":[{"embeddable":true,"href":"https:\/\/insideamateurfussball-ffm.de\/index.php?rest_route=\/wp\/v2\/users\/3"}],"replies":[{"embeddable":true,"href":"https:\/\/insideamateurfussball-ffm.de\/index.php?rest_route=%2Fwp%2Fv2%2Fcomments&post=24702"}],"version-history":[{"count":2,"href":"https:\/\/insideamateurfussball-ffm.de\/index.php?rest_route=\/wp\/v2\/posts\/24702\/revisions"}],"predecessor-version":[{"id":24714,"href":"https:\/\/insideamateurfussball-ffm.de\/index.php?rest_route=\/wp\/v2\/posts\/24702\/revisions\/24714"}],"wp:featuredmedia":[{"embeddable":true,"href":"https:\/\/insideamateurfussball-ffm.de\/index.php?rest_route=\/wp\/v2\/media\/24704"}],"wp:attachment":[{"href":"https:\/\/insideamateurfussball-ffm.de\/index.php?rest_route=%2Fwp%2Fv2%2Fmedia&parent=24702"}],"wp:term":[{"taxonomy":"category","embeddable":true,"href":"https:\/\/insideamateurfussball-ffm.de\/index.php?rest_route=%2Fwp%2Fv2%2Fcategories&post=24702"},{"taxonomy":"post_tag","embeddable":true,"href":"https:\/\/insideamateurfussball-ffm.de\/index.php?rest_route=%2Fwp%2Fv2%2Ftags&post=24702"}],"curies":[{"name":"wp","href":"https:\/\/api.w.org\/{rel}","templated":true}]}}