{"id":24646,"date":"2025-03-28T23:27:47","date_gmt":"2025-03-28T22:27:47","guid":{"rendered":"https:\/\/insideamateurfussball-ffm.de\/?p=24646"},"modified":"2025-03-30T11:09:51","modified_gmt":"2025-03-30T10:09:51","slug":"rot-weiss-erkaempft-00-mit-feldspieler-im-tor","status":"publish","type":"post","link":"https:\/\/insideamateurfussball-ffm.de\/?p=24646","title":{"rendered":"Rot-Weiss erk\u00e4mpft 0:0 mit Feldspieler im Tor"},"content":{"rendered":"<h3>In Unterzahl erk\u00e4mpfte sich Rot-Weiss Frankfurt in der Verbandsliga S\u00fcd ein 0:0 gegen Hessenliga-Absteiger Viktoria Griesheim. Damit bleibt der Vorsprung von neun Punkten vor den derzeit den Abstiegsrelegationsplatz belegenden G\u00e4sten aus der Region Darmstadt bestehen.<\/h3>\n<figure id=\"attachment_24647\" aria-describedby=\"caption-attachment-24647\" style=\"width: 640px\" class=\"wp-caption alignright\"><img loading=\"lazy\" decoding=\"async\" class=\"wp-image-24647 size-large\" src=\"http:\/\/insideamateurfussball-ffm.de\/wp-content\/uploads\/2025\/03\/RW_VG2-1024x577.jpg\" alt=\"\" width=\"640\" height=\"361\" srcset=\"https:\/\/insideamateurfussball-ffm.de\/wp-content\/uploads\/2025\/03\/RW_VG2-1024x577.jpg 1024w, https:\/\/insideamateurfussball-ffm.de\/wp-content\/uploads\/2025\/03\/RW_VG2-300x169.jpg 300w, https:\/\/insideamateurfussball-ffm.de\/wp-content\/uploads\/2025\/03\/RW_VG2-768x432.jpg 768w, https:\/\/insideamateurfussball-ffm.de\/wp-content\/uploads\/2025\/03\/RW_VG2-1536x865.jpg 1536w, https:\/\/insideamateurfussball-ffm.de\/wp-content\/uploads\/2025\/03\/RW_VG2.jpg 2048w\" sizes=\"auto, (max-width: 640px) 100vw, 640px\" \/><figcaption id=\"caption-attachment-24647\" class=\"wp-caption-text\">Christian Idahosa (Nr.15), daneben Trainer Ibrahim Cigdem. Foto: PA.<\/figcaption><\/figure>\n<h3>SG Rot-Weiss Frankfurt &#8211; SC Viktoria Griesheim 0:0<\/h3>\n<p><img loading=\"lazy\" decoding=\"async\" class=\"alignnone size-full wp-image-4032\" src=\"http:\/\/insideamateurfussball-ffm.de\/wp-content\/uploads\/2022\/11\/rot-weiss.png\" alt=\"\" width=\"80\" height=\"70\" \/><img loading=\"lazy\" decoding=\"async\" class=\"alignnone size-full wp-image-20529\" src=\"http:\/\/insideamateurfussball-ffm.de\/wp-content\/uploads\/2024\/08\/viktoriagriesheim.png\" alt=\"\" width=\"80\" height=\"80\" \/><\/p>\n<p>Vor 102 Zuschauern verlie\u00df Rot-Weiss-Torh\u00fcter Dusan Zbiljic in der 15. Minute seinen Kasten, um 35 Meter vor seinem Tor ein Foulspiel zu begehen.<\/p>\n<p>Der Schiedsrichter entschied auf Notbremse und verwies den Keeper mit der Roten Karte vom Platz. Da Rot-Weiss kein Ersatztorh\u00fcter zur Verf\u00fcgung stand, zog sich Ersan Rovcanin das Torwarttrikot \u00fcber und agierte in ungewohnter Rolle souver\u00e4n. Allerdings bekam Rovcanin kaum einen Ball auf das Tor, denn die Sturmleistung der von Cagakan Kiran trainierten Griesheimer war schwach.<\/p>\n<h3><span style=\"text-decoration: underline;\">&#8222;Wir schreiben uns nicht ab, zeigen eine Super Einstellung.&#8220; (Rot-Weiss-Trainer Ibrahim Cigdem).<\/span><\/h3>\n<p>Meist wurde besonders nach dem Seitenwechsel neben oder \u00fcber das Tor geschossen. Mit viel Einsatz und Bereitschaft brachten die Frankfurter das 0:0 \u00fcber die Zeit. Rot-Weiss-Trainer Ibrahim Cigdem \u00fcberraschte die Kampfbereitschaft seiner Spieler nicht: &#8222;Wir schreiben uns nicht ab, zeigen eine Super Einstellung. Auch wenn sich das Spiel durch eine Aktion komplett ver\u00e4ndert hat, konnte man sehen, dass wir mit einem gebeutelten Kader und einer zusammengew\u00fcrfelten Mannschaft es sehr gut gemacht haben. Der Punkt ist absolut verdient. Man hat auch nicht gemerkt, dass wir mit einem Feldspieler im Tor ein Mann weniger sind.&#8220;<\/p>\n<p>Warum Zbiljic sein Tor verlassen habe, um Foul zu spielen konnte Cigdem nicht erkl\u00e4ren: &#8222;Das kann ich nicht sagen. Er hat eine Entscheidung getroffen und die war falsch.&#8220; Rovcanin ins Tor zu stellen, sei eine spontane Notl\u00f6sung gewesen: &#8222;Wir wussten, dass Kai Klug krank ist und die Torh\u00fcter aus der Jugend erst 17 und somit nicht spielberechtigt sind.&#8220;<\/p>\n<h5><span style=\"text-decoration: underline;\"><span style=\"font-size: 16px;\">Schiedsrichter: Terlan Tavasolli (SKG Rumpenheim). Zuschauer: 102. <\/span><\/span><\/h5>\n","protected":false},"excerpt":{"rendered":"<p>In Unterzahl erk\u00e4mpfte sich Rot-Weiss Frankfurt in der Verbandsliga S\u00fcd ein 0:0 gegen Hessenliga-Absteiger Viktoria Griesheim. Damit bleibt der Vorsprung von neun Punkten vor den derzeit den Abstiegsrelegationsplatz belegenden G\u00e4sten aus der Region Darmstadt bestehen. SG Rot-Weiss Frankfurt &#8211; SC Viktoria Griesheim 0:0 Vor 102 Zuschauern verlie\u00df Rot-Weiss-Torh\u00fcter Dusan Zbiljic in der 15. Minute seinen [&hellip;]<\/p>\n","protected":false},"author":1,"featured_media":24647,"comment_status":"closed","ping_status":"closed","sticky":true,"template":"","format":"standard","meta":{"footnotes":""},"categories":[10],"tags":[],"class_list":["post-24646","post","type-post","status-publish","format-standard","has-post-thumbnail","hentry","category-verbandsliga-sued"],"_links":{"self":[{"href":"https:\/\/insideamateurfussball-ffm.de\/index.php?rest_route=\/wp\/v2\/posts\/24646","targetHints":{"allow":["GET"]}}],"collection":[{"href":"https:\/\/insideamateurfussball-ffm.de\/index.php?rest_route=\/wp\/v2\/posts"}],"about":[{"href":"https:\/\/insideamateurfussball-ffm.de\/index.php?rest_route=\/wp\/v2\/types\/post"}],"author":[{"embeddable":true,"href":"https:\/\/insideamateurfussball-ffm.de\/index.php?rest_route=\/wp\/v2\/users\/1"}],"replies":[{"embeddable":true,"href":"https:\/\/insideamateurfussball-ffm.de\/index.php?rest_route=%2Fwp%2Fv2%2Fcomments&post=24646"}],"version-history":[{"count":2,"href":"https:\/\/insideamateurfussball-ffm.de\/index.php?rest_route=\/wp\/v2\/posts\/24646\/revisions"}],"predecessor-version":[{"id":24649,"href":"https:\/\/insideamateurfussball-ffm.de\/index.php?rest_route=\/wp\/v2\/posts\/24646\/revisions\/24649"}],"wp:featuredmedia":[{"embeddable":true,"href":"https:\/\/insideamateurfussball-ffm.de\/index.php?rest_route=\/wp\/v2\/media\/24647"}],"wp:attachment":[{"href":"https:\/\/insideamateurfussball-ffm.de\/index.php?rest_route=%2Fwp%2Fv2%2Fmedia&parent=24646"}],"wp:term":[{"taxonomy":"category","embeddable":true,"href":"https:\/\/insideamateurfussball-ffm.de\/index.php?rest_route=%2Fwp%2Fv2%2Fcategories&post=24646"},{"taxonomy":"post_tag","embeddable":true,"href":"https:\/\/insideamateurfussball-ffm.de\/index.php?rest_route=%2Fwp%2Fv2%2Ftags&post=24646"}],"curies":[{"name":"wp","href":"https:\/\/api.w.org\/{rel}","templated":true}]}}