{"id":24639,"date":"2025-03-28T17:02:22","date_gmt":"2025-03-28T16:02:22","guid":{"rendered":"https:\/\/insideamateurfussball-ffm.de\/?p=24639"},"modified":"2025-03-28T17:04:36","modified_gmt":"2025-03-28T16:04:36","slug":"enkheim-gewinnt-vorgezogene-partie-in-heddernheim","status":"publish","type":"post","link":"https:\/\/insideamateurfussball-ffm.de\/?p=24639","title":{"rendered":"Enkheim gewinnt vorgezogene Partie in Heddernheim"},"content":{"rendered":"<h3><span style=\"font-size: 16px;\">In einer vom 4. Mai vorgezogenen Partie unterlag der SV 07 Heddernheim am Donnerstagabend vor 80 Zuschauern dem Aufsteiger FC Germania Enkheim am Ende zu deutlich mit 1:4 (0:1).<\/span><\/h3>\n<figure id=\"attachment_24640\" aria-describedby=\"caption-attachment-24640\" style=\"width: 640px\" class=\"wp-caption alignright\"><img loading=\"lazy\" decoding=\"async\" class=\"wp-image-24640 size-large\" src=\"http:\/\/insideamateurfussball-ffm.de\/wp-content\/uploads\/2025\/03\/Trams-1024x577.jpg\" alt=\"\" width=\"640\" height=\"361\" srcset=\"https:\/\/insideamateurfussball-ffm.de\/wp-content\/uploads\/2025\/03\/Trams-1024x577.jpg 1024w, https:\/\/insideamateurfussball-ffm.de\/wp-content\/uploads\/2025\/03\/Trams-300x169.jpg 300w, https:\/\/insideamateurfussball-ffm.de\/wp-content\/uploads\/2025\/03\/Trams-768x432.jpg 768w, https:\/\/insideamateurfussball-ffm.de\/wp-content\/uploads\/2025\/03\/Trams-1536x865.jpg 1536w, https:\/\/insideamateurfussball-ffm.de\/wp-content\/uploads\/2025\/03\/Trams.jpg 2048w\" sizes=\"auto, (max-width: 640px) 100vw, 640px\" \/><figcaption id=\"caption-attachment-24640\" class=\"wp-caption-text\">Heddernheims Oliver Solarz am Boden, sein Enkheimer Sturmkollege Lars Trams erzielte das 0:1. Foto: PA.<\/figcaption><\/figure>\n<h3>SV 07 Heddernheim &#8211; FC Germania Enkheim 1:4 (0:1)<\/h3>\n<p><img loading=\"lazy\" decoding=\"async\" class=\"alignnone size-full wp-image-302\" src=\"http:\/\/insideamateurfussball-ffm.de\/wp-content\/uploads\/2022\/05\/1sv07_news2_4511-1.jpg\" alt=\"\" width=\"80\" height=\"80\" \/><img loading=\"lazy\" decoding=\"async\" class=\"alignnone size-full wp-image-1748\" src=\"http:\/\/insideamateurfussball-ffm.de\/wp-content\/uploads\/2022\/07\/Enkheim-1.jpg\" alt=\"\" width=\"63\" height=\"80\" \/><\/p>\n<p>Die Partie war auf Antrag der G\u00e4ste vorverlegt worden, was den Platzherren personell nicht entgegen kam, da der etatm\u00e4\u00dfige Sturm mit Marcus Kreckel (krank) und Cherano Willef\u00fchr (verletzt) f\u00fcr dieses Spiel ausfiel. Daf\u00fcr begannen der wieder genesene Oliver Solarz und Serdar Birhimeoglu.<\/p>\n<p>Im chancenarmen ersten Abschnitt kam Enkheim mit dem langen St\u00fcrmer Lars Trams zum ersten Abschluss, ehe der Schlaks nach einer Ecke per Kopfball zur Enkheimer F\u00fchrung einnetzten konnte (29.). Kurz vor der Pause rettete Heddernheims Berke Cadir auf der Torlinie gegen Tobias Schirmer (41.). Nach dem Seitenwechsel \u00e4nderte sich die Szenerie mit der Hereinnahme von Dogan Nazim Erbulan f\u00fcr Birhimeoglu in den Sturm. Der giftige Erbulan schob den Ball auf Zuspiel von Solarz zum 1:1 ein (48.) und mit dem Schwung des Ausgleichs f\u00fchrte Solarz einen Einwurf schnell aus, Erbulan schoss knapp vorbei. Doch statt in F\u00fchrung zu gehen, kassierten die Gr\u00fcn-Wei\u00dfen wieder ein Gegentor nach einer Ecke durch Mohamed Baryinti (66.), das vermeidbar erschien.<\/p>\n<h3><span style=\"text-decoration: underline;\">Flamme pariert Solarz-Schuss<\/span><\/h3>\n<p>Kurz darauf forderten die SVH-Anh\u00e4nger vehement nach einem Freisto\u00df Handelfmeter, der nicht gegeben wurde. Durch einen Konter vollendete Tobias Schirmer zum 3:1 (78.). Danach blieb der SV 07 am Dr\u00fccker durch den lauffreudigen Solarz, dessen Schuss Enkheims Torwart Max Emil Flamme parierte (82.). Dazu landeten noch zwei Eckb\u00e4lle von Tomislav Cudina an der Latte. Mit der letzten Aktion erh\u00f6hte der eingewechselte Christian L\u00f6rke in der Nachspielzeit auf 1:4 (90.\/+4). Heddernheims Trainer Andreas Berggold reagierte auf die bittere Niederlage mit den Worten: &#8222;Das 1:4 spiegelt nicht den Spielverlauf wider. Die erste Halbzeit war sehr ausgeglichen, sehr intensiv. Beim 0:1 haben wir schlecht gegen den kopfballstarken Trams verteidigt. Wir sind dann mit dem 1:1 sehr gut in die zweite Halbzeit gekommen, waren dann spielbestimmend am Dr\u00fccker und werden zweimal ausgekontert und kriegen wieder so ein Slapstick-Tor. Wir selbst h\u00e4tten drei oder vier Tore machen m\u00fcssen, uns wurde ein Elfmeter verweigert. Von daher ist das ein bitterer Abend, das h\u00e4tten wir nicht verlieren brauchen.&#8220;<\/p>\n<p>Enkheims Trainer Steffen Wittig war zufrieden: &#8222;Die erste Halbzeit wurde auf beiden Seiten k\u00e4mpferisch gef\u00fchrt, wo wir gl\u00fccklich nach einem Standard in F\u00fchrung gegangen sind. Kurz nach der Halbzeit machte Heddernheim Druck und wir kassierten verdient das 1:1. Das Spiel war dann auf Messers Schneide, das Ergebnis ist am Ende zu hoch. Wir sind gl\u00fccklich \u00fcber die drei Punkte und eigentlich so gut wie sicher aus dem Abstiegsrennen raus.&#8220; Am Sonntag (15 Uhr) erwarten die Enkheimer die SG Harheim. Heddernheim darf sich spielfrei ausruhen.<\/p>\n<h3><span style=\"text-decoration: underline;\">Schiedsrichter: Neil Kenneth Arthur Waterman (TV Idstein). Zuschauer: 80. <\/span><\/h3>\n<h3><span style=\"text-decoration: underline;\">Tore: 0:1 Lars Trams (29.), 1:1 Dogan Nazim Erbulan (48.), 1:2 Mohamed Baryinti (66.), 1:3 Tobias Schirmer (78.), 1:4 Christian L\u00f6rke (90.\/+4). <\/span><\/h3>\n","protected":false},"excerpt":{"rendered":"<p>In einer vom 4. Mai vorgezogenen Partie unterlag der SV 07 Heddernheim am Donnerstagabend vor 80 Zuschauern dem Aufsteiger FC Germania Enkheim am Ende zu deutlich mit 1:4 (0:1). SV 07 Heddernheim &#8211; FC Germania Enkheim 1:4 (0:1) Die Partie war auf Antrag der G\u00e4ste vorverlegt worden, was den Platzherren personell nicht entgegen kam, da [&hellip;]<\/p>\n","protected":false},"author":1,"featured_media":24640,"comment_status":"closed","ping_status":"closed","sticky":true,"template":"","format":"standard","meta":{"footnotes":""},"categories":[2],"tags":[],"class_list":["post-24639","post","type-post","status-publish","format-standard","has-post-thumbnail","hentry","category-kreisoberliga-frankfurt"],"_links":{"self":[{"href":"https:\/\/insideamateurfussball-ffm.de\/index.php?rest_route=\/wp\/v2\/posts\/24639","targetHints":{"allow":["GET"]}}],"collection":[{"href":"https:\/\/insideamateurfussball-ffm.de\/index.php?rest_route=\/wp\/v2\/posts"}],"about":[{"href":"https:\/\/insideamateurfussball-ffm.de\/index.php?rest_route=\/wp\/v2\/types\/post"}],"author":[{"embeddable":true,"href":"https:\/\/insideamateurfussball-ffm.de\/index.php?rest_route=\/wp\/v2\/users\/1"}],"replies":[{"embeddable":true,"href":"https:\/\/insideamateurfussball-ffm.de\/index.php?rest_route=%2Fwp%2Fv2%2Fcomments&post=24639"}],"version-history":[{"count":3,"href":"https:\/\/insideamateurfussball-ffm.de\/index.php?rest_route=\/wp\/v2\/posts\/24639\/revisions"}],"predecessor-version":[{"id":24643,"href":"https:\/\/insideamateurfussball-ffm.de\/index.php?rest_route=\/wp\/v2\/posts\/24639\/revisions\/24643"}],"wp:featuredmedia":[{"embeddable":true,"href":"https:\/\/insideamateurfussball-ffm.de\/index.php?rest_route=\/wp\/v2\/media\/24640"}],"wp:attachment":[{"href":"https:\/\/insideamateurfussball-ffm.de\/index.php?rest_route=%2Fwp%2Fv2%2Fmedia&parent=24639"}],"wp:term":[{"taxonomy":"category","embeddable":true,"href":"https:\/\/insideamateurfussball-ffm.de\/index.php?rest_route=%2Fwp%2Fv2%2Fcategories&post=24639"},{"taxonomy":"post_tag","embeddable":true,"href":"https:\/\/insideamateurfussball-ffm.de\/index.php?rest_route=%2Fwp%2Fv2%2Ftags&post=24639"}],"curies":[{"name":"wp","href":"https:\/\/api.w.org\/{rel}","templated":true}]}}