{"id":24634,"date":"2025-03-28T10:59:07","date_gmt":"2025-03-28T09:59:07","guid":{"rendered":"https:\/\/insideamateurfussball-ffm.de\/?p=24634"},"modified":"2025-03-28T10:59:07","modified_gmt":"2025-03-28T09:59:07","slug":"titelverteidiger-kalbach-erneut-im-pokal-finale","status":"publish","type":"post","link":"https:\/\/insideamateurfussball-ffm.de\/?p=24634","title":{"rendered":"Titelverteidiger Kalbach erneut im Pokal-Finale"},"content":{"rendered":"<h4>Nach gut einer Stunde Spielzeit entschieden drei Tore in drei Minuten das Pokalhalbfinale zwischen dem FC Kalbach und dem FC Tempo, mit dem 4:1-Sieg qualifizierte sich der Gruppenliga-Tabellenf\u00fchrer FC Kalbach erneut f\u00fcr das Finale des Frankfurter Kreispokals.<\/h4>\n<figure id=\"attachment_24635\" aria-describedby=\"caption-attachment-24635\" style=\"width: 886px\" class=\"wp-caption alignnone\"><img loading=\"lazy\" decoding=\"async\" class=\"wp-image-24635 size-full\" src=\"http:\/\/insideamateurfussball-ffm.de\/wp-content\/uploads\/2025\/03\/kalbach400.jpg\" alt=\"\" width=\"886\" height=\"594\" srcset=\"https:\/\/insideamateurfussball-ffm.de\/wp-content\/uploads\/2025\/03\/kalbach400.jpg 886w, https:\/\/insideamateurfussball-ffm.de\/wp-content\/uploads\/2025\/03\/kalbach400-300x201.jpg 300w, https:\/\/insideamateurfussball-ffm.de\/wp-content\/uploads\/2025\/03\/kalbach400-768x515.jpg 768w\" sizes=\"auto, (max-width: 886px) 100vw, 886px\" \/><figcaption id=\"caption-attachment-24635\" class=\"wp-caption-text\">Die Kalbacher stehen erneut im Finale des Kreispokals. Foto: Archiv Mithat G\u00fcrser<\/figcaption><\/figure>\n<h4>FC Kalbach &#8211; FC Tempo 4:1 (1:0)<\/h4>\n<p><img loading=\"lazy\" decoding=\"async\" class=\"alignnone size-full wp-image-16\" src=\"http:\/\/insideamateurfussball-ffm.de\/wp-content\/uploads\/2021\/11\/kalbach-wappen.jpg\" alt=\"\" width=\"80\" height=\"80\" \/><img loading=\"lazy\" decoding=\"async\" class=\"alignnone size-full wp-image-31\" src=\"http:\/\/insideamateurfussball-ffm.de\/wp-content\/uploads\/2021\/11\/Tempo.jpg\" alt=\"\" width=\"80\" height=\"80\" \/><\/p>\n<p>Der FC Kalbach war dankbar, dass sich der FC Tempo bereit erkl\u00e4rt hatte, das Pokalhalbfinale bereits im M\u00e4rz auszutragen, so hat der Gruppenliga-Tabellenf\u00fchrer in der hei\u00dfen Phase der Meisterschaft etwas mehr Ruhezeit. Der FC Kalbach zeigte nach der Winterpause sein bestes Spiel und gewann am Ende verdient mit 4:1. In der 32.Minute erzielte der Neuzugang Kyota Isokawa die 1:0-F\u00fchrung, mit der es auch in die Halbzeit ging.<\/p>\n<h3>3 Tore in 3 Minuten<\/h3>\n<p>Nach etwas mehr als eine Stunde Spielzeit sorgten die Kalbacher dann f\u00fcr die endg\u00fcltige Entscheidung und den Einzug ins Pokalfinale, drei Tore in drei Minuten besiegten die Mannschaft des FC Tempo. Achraf Gara Ali in der 62.Minute nach einem Freisto\u00df von Oliver Pauls, erneut Kyota Isokawa in der 63.Minute und wieder Achraf Gara Ali in der 64.Minute stellten das Ergebnis auf 4:0. Der FC Tempo kam in der 77.Minute mit dem 1:4 durch Milos Cvetkovic noch zum Ehrentreffer.<\/p>\n<p>Kalbachs Vorstandsmitglied Manni Meyer: \u201ees war ein tolles Spiel von uns, wir waren die ganze Zeit \u00fcber dominant. Der Mannschaft hat man angemerkt, dass sie ins Finale will, es war unser bestes Spiel nach der Winterpause. Wir haben wieder Fu\u00dfball gespielt, gut den Ball laufen lassen und geduldig gespielt.\u201c Tempos Sportlicher Leiter Zoran Marcetic meinte: \u201ewir haben das Spiel verdient verloren, die drei schnellen Tore haben das Spiel entschieden. Das war eine sch\u00f6ne Pokalrunde, ab sofort konzentrieren wir uns wieder auf die Meisterschaft.\u201c<\/p>\n<p>Im Endspiel trifft der FC Kalbach am 04.Juni auf den Sieger der Begegnung Spvgg. 05 Oberrad gegen die FG Seckbach. Am Wochenende geht es in der Liga f\u00fcr Kalbach weiter mit dem Ausw\u00e4rtsspiel bei dem 1.FC-TSG K\u00f6nigstein, w\u00e4hrend der FC Tempo im Abstiegskampf gegen den FV Bad Vilbel antreten muss.<\/p>\n<h4>Schiedsrichter: Simeon Elias Thomm (Spvgg 03 Fechenheim). Zuschauer: 120.<\/h4>\n<h4>Tore: 1:0 Kyota Isokawa (32.), 2:0 Achraf Gara Ali (62.), 3:0 Kyota Isokawa (63.), 4:0 Achraf Gara Ali (64.), 4:1 Milos Cvetkovic (77.)<\/h4>\n","protected":false},"excerpt":{"rendered":"<p>Nach gut einer Stunde Spielzeit entschieden drei Tore in drei Minuten das Pokalhalbfinale zwischen dem FC Kalbach und dem FC Tempo, mit dem 4:1-Sieg qualifizierte sich der Gruppenliga-Tabellenf\u00fchrer FC Kalbach erneut f\u00fcr das Finale des Frankfurter Kreispokals. FC Kalbach &#8211; FC Tempo 4:1 (1:0) Der FC Kalbach war dankbar, dass sich der FC Tempo bereit [&hellip;]<\/p>\n","protected":false},"author":3,"featured_media":24635,"comment_status":"closed","ping_status":"open","sticky":true,"template":"","format":"standard","meta":{"footnotes":""},"categories":[9],"tags":[],"class_list":["post-24634","post","type-post","status-publish","format-standard","has-post-thumbnail","hentry","category-kreispokal"],"_links":{"self":[{"href":"https:\/\/insideamateurfussball-ffm.de\/index.php?rest_route=\/wp\/v2\/posts\/24634","targetHints":{"allow":["GET"]}}],"collection":[{"href":"https:\/\/insideamateurfussball-ffm.de\/index.php?rest_route=\/wp\/v2\/posts"}],"about":[{"href":"https:\/\/insideamateurfussball-ffm.de\/index.php?rest_route=\/wp\/v2\/types\/post"}],"author":[{"embeddable":true,"href":"https:\/\/insideamateurfussball-ffm.de\/index.php?rest_route=\/wp\/v2\/users\/3"}],"replies":[{"embeddable":true,"href":"https:\/\/insideamateurfussball-ffm.de\/index.php?rest_route=%2Fwp%2Fv2%2Fcomments&post=24634"}],"version-history":[{"count":2,"href":"https:\/\/insideamateurfussball-ffm.de\/index.php?rest_route=\/wp\/v2\/posts\/24634\/revisions"}],"predecessor-version":[{"id":24637,"href":"https:\/\/insideamateurfussball-ffm.de\/index.php?rest_route=\/wp\/v2\/posts\/24634\/revisions\/24637"}],"wp:featuredmedia":[{"embeddable":true,"href":"https:\/\/insideamateurfussball-ffm.de\/index.php?rest_route=\/wp\/v2\/media\/24635"}],"wp:attachment":[{"href":"https:\/\/insideamateurfussball-ffm.de\/index.php?rest_route=%2Fwp%2Fv2%2Fmedia&parent=24634"}],"wp:term":[{"taxonomy":"category","embeddable":true,"href":"https:\/\/insideamateurfussball-ffm.de\/index.php?rest_route=%2Fwp%2Fv2%2Fcategories&post=24634"},{"taxonomy":"post_tag","embeddable":true,"href":"https:\/\/insideamateurfussball-ffm.de\/index.php?rest_route=%2Fwp%2Fv2%2Ftags&post=24634"}],"curies":[{"name":"wp","href":"https:\/\/api.w.org\/{rel}","templated":true}]}}