{"id":24597,"date":"2025-03-25T20:29:02","date_gmt":"2025-03-25T19:29:02","guid":{"rendered":"https:\/\/insideamateurfussball-ffm.de\/?p=24597"},"modified":"2025-03-25T20:29:02","modified_gmt":"2025-03-25T19:29:02","slug":"nach-krolo-ruecktritt-croatia-11-gegen-germania","status":"publish","type":"post","link":"https:\/\/insideamateurfussball-ffm.de\/?p=24597","title":{"rendered":"Nach Krolo-R\u00fccktritt: Croatia 1:1 gegen Germania"},"content":{"rendered":"<h5><span style=\"font-size: 16px;\">Schlusslicht FC Croatia erreichte gegen den Tabellenzweiten VfL Germania 94 ein beachtliches 1:1-Unentschieden, der R\u00fcckstand zum Relegationsplatz ist aber angesichts der Ergebnisse der Konkurrenz auf acht Punkte gestiegen. Am Freitag war Sportdirektor Darko Krolo zur\u00fcckgetreten. Neuer und alter Sportlicher Leiter ist &#8222;Urgestein&#8220; Stanislav Konta.\u00a0<\/span><\/h5>\n<figure id=\"attachment_24598\" aria-describedby=\"caption-attachment-24598\" style=\"width: 150px\" class=\"wp-caption alignleft\"><img loading=\"lazy\" decoding=\"async\" class=\"wp-image-24598 size-thumbnail\" src=\"http:\/\/insideamateurfussball-ffm.de\/wp-content\/uploads\/2025\/03\/croa5-1-150x150.jpg\" alt=\"\" width=\"150\" height=\"150\" \/><figcaption id=\"caption-attachment-24598\" class=\"wp-caption-text\">Der Spieler Tomislav Zovko (rechts) geht zur\u00fcck nach Kroatien. Foto: Mithat G\u00fcrser.\u00a0\u00a0<\/figcaption><\/figure>\n<h5><span style=\"font-size: 16px;\">FC Croatia &#8211; VfL Germania 94 1:1 (0:0)<\/span><\/h5>\n<p><img loading=\"lazy\" decoding=\"async\" class=\"alignnone size-full wp-image-29\" src=\"http:\/\/insideamateurfussball-ffm.de\/wp-content\/uploads\/2021\/11\/croatia.jpg\" alt=\"\" width=\"63\" height=\"80\" \/><img loading=\"lazy\" decoding=\"async\" class=\"alignnone size-full wp-image-11577\" src=\"http:\/\/insideamateurfussball-ffm.de\/wp-content\/uploads\/2023\/08\/Germania-94.jpg\" alt=\"\" width=\"80\" height=\"80\" \/><\/p>\n<p><span style=\"font-size: 16px;\">Krolo teilte mit &#8222;aus privaten Gr\u00fcnden&#8220; sein Amt niederzulegen. Die sportliche Talfahrt inklusive von zwei Trainerwechseln habe bei seiner Entscheidung keine Rolle gespielt. &#8222;Hier bei Croatia ist das Aufgabengebiet deutlich umfangreicher als bei Germania Enkheim oder dem FSV Bergen, wo ich zuvor t\u00e4tig war. Meine Familie ist dadurch zu kurz gekommen.&#8220; Ab sofort \u00fcbernimmt wieder Stanislav Konta die sportliche Verantwortung, der ohnehin im Verein als &#8222;Mann f\u00fcr alle F\u00e4lle&#8220; gilt. <\/span><\/p>\n<p><span style=\"font-size: 16px;\">Zum \u00fcberraschenden Remis gegen das Spitzenteam sagte Konta: &#8222;Wir waren von der ersten Minute an da, haben alles umgesetzt, was Trainer Tino Lagator wollte und der Germania kaum eine Gelegenheit gegeben.&#8220; Nach dem Seitenwechsel gingen die G\u00e4ste durch St\u00fcrmer Asmir Hajdarovic in F\u00fchrung (51.). Ante Strljic glich per Freisto\u00df aus 30 Metern zum 1:1 aus (68.).<\/span><\/p>\n<ul>\n<li><strong><span style=\"font-size: 16px;\">Zovko kehrt in kroatische Heimat zur\u00fcck<\/span><\/strong><\/li>\n<\/ul>\n<p><span style=\"font-size: 16px;\">&#8222;Auf dem Spiel k\u00f6nnen wir aufbauen. Jetzt gilt es, die Ausw\u00e4rtsschw\u00e4che zu beseitigen&#8220;, so Konta. Verabschiedet wurde der Spieler Tomislav Zovko, der meistens f\u00fcr die Zweite Mannschaft spielte, Croatia im Erstrundenspiel des Kreispokals bei Sandhof Niederrad mit zwei Toren weiter schoss. Er spielte auch f\u00fcr die Erste Mannschaft und die SOMA, kam also in allen drei Aktiventeams zum Einsatz. Zovko kehrt in seine kroatische Heimat zur\u00fcck. Germania-Trainer Siar Daudi erkannte an: &#8222;Wir laufen derzeit unserer Form hinterher. An diesem Tag war nicht mehr drin f\u00fcr uns. Croatia hat das ordentlich gemacht.&#8220; <\/span><\/p>\n<p><span style=\"font-size: 16px;\">Da Daudi beruflich derzeit sehr eingespannt ist, werde das Training derzeit von Mohammed El Moussaoui geleitet. Daudi versuche aber, bei den Spielen anwesend zu sein. Bereits am Freitagabend um 20.30 Uhr geht es dann gegen Griesheim Tarik. Die Croatia gastiert am Sonntag um 15 Uhr beim TuS Makkabi.<\/span><\/p>\n<ul>\n<li><span style=\"font-size: 16px;\"><strong>Schiedsrichter: Sascha Wagenbach (TuS Kubach). <\/strong><\/span><\/li>\n<li><span style=\"font-size: 16px;\"><strong>Zuschauer: 130. <\/strong><\/span><\/li>\n<li><span style=\"font-size: 16px;\"><strong>Tore: 0:1 Asmir Hajdarovic (51.), 1:1 Ante Strljic (68.). <\/strong><\/span><\/li>\n<li><span style=\"font-size: 16px;\"><strong>Bildergalerie: Mithat G\u00fcrser war auch an der Br\u00fchlwiese vor Ort!<\/strong>\u00a0 \u00a0<\/span><\/li>\n<\/ul>\n\n\n<figure class=\"wp-block-image size-full\"><img loading=\"lazy\" decoding=\"async\" width=\"827\" height=\"559\" src=\"https:\/\/insideamateurfussball-ffm.de\/wp-content\/uploads\/2025\/03\/croa10-2.jpg\" alt=\"\" class=\"wp-image-24599\" srcset=\"https:\/\/insideamateurfussball-ffm.de\/wp-content\/uploads\/2025\/03\/croa10-2.jpg 827w, https:\/\/insideamateurfussball-ffm.de\/wp-content\/uploads\/2025\/03\/croa10-2-300x203.jpg 300w, https:\/\/insideamateurfussball-ffm.de\/wp-content\/uploads\/2025\/03\/croa10-2-768x519.jpg 768w\" sizes=\"auto, (max-width: 827px) 100vw, 827px\" \/><\/figure>\n\n\n\n<figure class=\"wp-block-gallery has-nested-images columns-default is-cropped wp-block-gallery-1 is-layout-flex wp-block-gallery-is-layout-flex\">\n<figure class=\"wp-block-image size-large\"><img loading=\"lazy\" decoding=\"async\" width=\"827\" height=\"550\" data-id=\"24600\" src=\"https:\/\/insideamateurfussball-ffm.de\/wp-content\/uploads\/2025\/03\/croa15.jpg\" alt=\"\" class=\"wp-image-24600\" srcset=\"https:\/\/insideamateurfussball-ffm.de\/wp-content\/uploads\/2025\/03\/croa15.jpg 827w, https:\/\/insideamateurfussball-ffm.de\/wp-content\/uploads\/2025\/03\/croa15-300x200.jpg 300w, https:\/\/insideamateurfussball-ffm.de\/wp-content\/uploads\/2025\/03\/croa15-768x511.jpg 768w\" sizes=\"auto, (max-width: 827px) 100vw, 827px\" \/><\/figure>\n<\/figure>\n\n\n\n<figure class=\"wp-block-gallery has-nested-images columns-default is-cropped wp-block-gallery-2 is-layout-flex wp-block-gallery-is-layout-flex\">\n<figure class=\"wp-block-image size-large\"><img loading=\"lazy\" decoding=\"async\" width=\"886\" height=\"589\" data-id=\"24601\" src=\"https:\/\/insideamateurfussball-ffm.de\/wp-content\/uploads\/2025\/03\/germ94-trainer102.jpg\" alt=\"\" class=\"wp-image-24601\" srcset=\"https:\/\/insideamateurfussball-ffm.de\/wp-content\/uploads\/2025\/03\/germ94-trainer102.jpg 886w, https:\/\/insideamateurfussball-ffm.de\/wp-content\/uploads\/2025\/03\/germ94-trainer102-300x199.jpg 300w, https:\/\/insideamateurfussball-ffm.de\/wp-content\/uploads\/2025\/03\/germ94-trainer102-768x511.jpg 768w\" sizes=\"auto, (max-width: 886px) 100vw, 886px\" \/><\/figure>\n<\/figure>\n\n\n\n<figure class=\"wp-block-gallery has-nested-images columns-default is-cropped wp-block-gallery-3 is-layout-flex wp-block-gallery-is-layout-flex\">\n<figure class=\"wp-block-image size-large\"><img loading=\"lazy\" decoding=\"async\" width=\"827\" height=\"614\" data-id=\"24602\" src=\"https:\/\/insideamateurfussball-ffm.de\/wp-content\/uploads\/2025\/03\/croa3-1.jpg\" alt=\"\" class=\"wp-image-24602\" srcset=\"https:\/\/insideamateurfussball-ffm.de\/wp-content\/uploads\/2025\/03\/croa3-1.jpg 827w, https:\/\/insideamateurfussball-ffm.de\/wp-content\/uploads\/2025\/03\/croa3-1-300x223.jpg 300w, https:\/\/insideamateurfussball-ffm.de\/wp-content\/uploads\/2025\/03\/croa3-1-768x570.jpg 768w\" sizes=\"auto, (max-width: 827px) 100vw, 827px\" \/><\/figure>\n<\/figure>\n\n\n\n<figure class=\"wp-block-gallery has-nested-images columns-default is-cropped wp-block-gallery-4 is-layout-flex wp-block-gallery-is-layout-flex\">\n<figure class=\"wp-block-image size-large\"><img loading=\"lazy\" decoding=\"async\" width=\"827\" height=\"566\" data-id=\"24603\" src=\"https:\/\/insideamateurfussball-ffm.de\/wp-content\/uploads\/2025\/03\/croa8-2.jpg\" alt=\"\" class=\"wp-image-24603\" srcset=\"https:\/\/insideamateurfussball-ffm.de\/wp-content\/uploads\/2025\/03\/croa8-2.jpg 827w, https:\/\/insideamateurfussball-ffm.de\/wp-content\/uploads\/2025\/03\/croa8-2-300x205.jpg 300w, https:\/\/insideamateurfussball-ffm.de\/wp-content\/uploads\/2025\/03\/croa8-2-768x526.jpg 768w\" sizes=\"auto, (max-width: 827px) 100vw, 827px\" \/><\/figure>\n<\/figure>\n\n\n\n<figure class=\"wp-block-gallery has-nested-images columns-default is-cropped wp-block-gallery-5 is-layout-flex wp-block-gallery-is-layout-flex\">\n<figure class=\"wp-block-image size-large\"><img loading=\"lazy\" decoding=\"async\" width=\"827\" height=\"617\" data-id=\"24604\" src=\"https:\/\/insideamateurfussball-ffm.de\/wp-content\/uploads\/2025\/03\/croa13.jpg\" alt=\"\" class=\"wp-image-24604\" srcset=\"https:\/\/insideamateurfussball-ffm.de\/wp-content\/uploads\/2025\/03\/croa13.jpg 827w, https:\/\/insideamateurfussball-ffm.de\/wp-content\/uploads\/2025\/03\/croa13-300x224.jpg 300w, https:\/\/insideamateurfussball-ffm.de\/wp-content\/uploads\/2025\/03\/croa13-768x573.jpg 768w\" sizes=\"auto, (max-width: 827px) 100vw, 827px\" \/><\/figure>\n<\/figure>\n\n\n\n<figure class=\"wp-block-gallery has-nested-images columns-default is-cropped wp-block-gallery-6 is-layout-flex wp-block-gallery-is-layout-flex\">\n<figure class=\"wp-block-image size-large\"><img loading=\"lazy\" decoding=\"async\" width=\"886\" height=\"609\" data-id=\"24605\" src=\"https:\/\/insideamateurfussball-ffm.de\/wp-content\/uploads\/2025\/03\/germ94-205.jpg\" alt=\"\" class=\"wp-image-24605\" srcset=\"https:\/\/insideamateurfussball-ffm.de\/wp-content\/uploads\/2025\/03\/germ94-205.jpg 886w, https:\/\/insideamateurfussball-ffm.de\/wp-content\/uploads\/2025\/03\/germ94-205-300x206.jpg 300w, https:\/\/insideamateurfussball-ffm.de\/wp-content\/uploads\/2025\/03\/germ94-205-768x528.jpg 768w\" sizes=\"auto, (max-width: 886px) 100vw, 886px\" \/><\/figure>\n<\/figure>\n\n\n\n<figure class=\"wp-block-gallery has-nested-images columns-default is-cropped wp-block-gallery-7 is-layout-flex wp-block-gallery-is-layout-flex\">\n<figure class=\"wp-block-image size-large\"><img loading=\"lazy\" decoding=\"async\" width=\"827\" height=\"620\" data-id=\"24606\" src=\"https:\/\/insideamateurfussball-ffm.de\/wp-content\/uploads\/2025\/03\/croa1-1.jpg\" alt=\"\" class=\"wp-image-24606\" srcset=\"https:\/\/insideamateurfussball-ffm.de\/wp-content\/uploads\/2025\/03\/croa1-1.jpg 827w, https:\/\/insideamateurfussball-ffm.de\/wp-content\/uploads\/2025\/03\/croa1-1-300x225.jpg 300w, https:\/\/insideamateurfussball-ffm.de\/wp-content\/uploads\/2025\/03\/croa1-1-768x576.jpg 768w\" sizes=\"auto, (max-width: 827px) 100vw, 827px\" \/><\/figure>\n<\/figure>\n\n\n\n<figure class=\"wp-block-gallery has-nested-images columns-default is-cropped wp-block-gallery-8 is-layout-flex wp-block-gallery-is-layout-flex\">\n<figure class=\"wp-block-image size-large\"><img loading=\"lazy\" decoding=\"async\" width=\"827\" height=\"656\" data-id=\"24607\" src=\"https:\/\/insideamateurfussball-ffm.de\/wp-content\/uploads\/2025\/03\/croa6-1.jpg\" alt=\"\" class=\"wp-image-24607\" srcset=\"https:\/\/insideamateurfussball-ffm.de\/wp-content\/uploads\/2025\/03\/croa6-1.jpg 827w, https:\/\/insideamateurfussball-ffm.de\/wp-content\/uploads\/2025\/03\/croa6-1-300x238.jpg 300w, https:\/\/insideamateurfussball-ffm.de\/wp-content\/uploads\/2025\/03\/croa6-1-768x609.jpg 768w\" sizes=\"auto, (max-width: 827px) 100vw, 827px\" \/><\/figure>\n<\/figure>\n\n\n\n<figure class=\"wp-block-gallery has-nested-images columns-default is-cropped wp-block-gallery-9 is-layout-flex wp-block-gallery-is-layout-flex\">\n<figure class=\"wp-block-image size-large\"><img loading=\"lazy\" decoding=\"async\" width=\"827\" height=\"589\" data-id=\"24608\" src=\"https:\/\/insideamateurfussball-ffm.de\/wp-content\/uploads\/2025\/03\/croa11.jpg\" alt=\"\" class=\"wp-image-24608\" srcset=\"https:\/\/insideamateurfussball-ffm.de\/wp-content\/uploads\/2025\/03\/croa11.jpg 827w, https:\/\/insideamateurfussball-ffm.de\/wp-content\/uploads\/2025\/03\/croa11-300x214.jpg 300w, https:\/\/insideamateurfussball-ffm.de\/wp-content\/uploads\/2025\/03\/croa11-768x547.jpg 768w\" sizes=\"auto, (max-width: 827px) 100vw, 827px\" \/><\/figure>\n<\/figure>\n\n\n\n<figure class=\"wp-block-gallery has-nested-images columns-default is-cropped wp-block-gallery-10 is-layout-flex wp-block-gallery-is-layout-flex\">\n<figure class=\"wp-block-image size-large\"><img loading=\"lazy\" decoding=\"async\" width=\"886\" height=\"614\" data-id=\"24609\" src=\"https:\/\/insideamateurfussball-ffm.de\/wp-content\/uploads\/2025\/03\/croa-trainer201.jpg\" alt=\"\" class=\"wp-image-24609\" srcset=\"https:\/\/insideamateurfussball-ffm.de\/wp-content\/uploads\/2025\/03\/croa-trainer201.jpg 886w, https:\/\/insideamateurfussball-ffm.de\/wp-content\/uploads\/2025\/03\/croa-trainer201-300x208.jpg 300w, https:\/\/insideamateurfussball-ffm.de\/wp-content\/uploads\/2025\/03\/croa-trainer201-768x532.jpg 768w\" sizes=\"auto, (max-width: 886px) 100vw, 886px\" \/><\/figure>\n<\/figure>\n\n\n\n<figure class=\"wp-block-gallery has-nested-images columns-default is-cropped wp-block-gallery-11 is-layout-flex wp-block-gallery-is-layout-flex\">\n<figure class=\"wp-block-image size-large\"><img loading=\"lazy\" decoding=\"async\" width=\"886\" height=\"670\" data-id=\"24610\" src=\"https:\/\/insideamateurfussball-ffm.de\/wp-content\/uploads\/2025\/03\/germ94-trainr05.jpg\" alt=\"\" class=\"wp-image-24610\" srcset=\"https:\/\/insideamateurfussball-ffm.de\/wp-content\/uploads\/2025\/03\/germ94-trainr05.jpg 886w, https:\/\/insideamateurfussball-ffm.de\/wp-content\/uploads\/2025\/03\/germ94-trainr05-300x227.jpg 300w, https:\/\/insideamateurfussball-ffm.de\/wp-content\/uploads\/2025\/03\/germ94-trainr05-768x581.jpg 768w\" sizes=\"auto, (max-width: 886px) 100vw, 886px\" \/><\/figure>\n<\/figure>\n\n\n\n<figure class=\"wp-block-gallery has-nested-images columns-default is-cropped wp-block-gallery-12 is-layout-flex wp-block-gallery-is-layout-flex\">\n<figure class=\"wp-block-image size-large\"><img loading=\"lazy\" decoding=\"async\" width=\"827\" height=\"594\" data-id=\"24612\" src=\"https:\/\/insideamateurfussball-ffm.de\/wp-content\/uploads\/2025\/03\/croa4-1.jpg\" alt=\"\" class=\"wp-image-24612\" srcset=\"https:\/\/insideamateurfussball-ffm.de\/wp-content\/uploads\/2025\/03\/croa4-1.jpg 827w, https:\/\/insideamateurfussball-ffm.de\/wp-content\/uploads\/2025\/03\/croa4-1-300x215.jpg 300w, https:\/\/insideamateurfussball-ffm.de\/wp-content\/uploads\/2025\/03\/croa4-1-768x552.jpg 768w\" sizes=\"auto, (max-width: 827px) 100vw, 827px\" \/><\/figure>\n<\/figure>\n\n\n\n<figure class=\"wp-block-gallery has-nested-images columns-default is-cropped wp-block-gallery-13 is-layout-flex wp-block-gallery-is-layout-flex\">\n<figure class=\"wp-block-image size-large\"><img loading=\"lazy\" decoding=\"async\" width=\"896\" height=\"586\" data-id=\"24613\" src=\"https:\/\/insideamateurfussball-ffm.de\/wp-content\/uploads\/2025\/03\/croa9-1.jpg\" alt=\"\" class=\"wp-image-24613\" srcset=\"https:\/\/insideamateurfussball-ffm.de\/wp-content\/uploads\/2025\/03\/croa9-1.jpg 896w, https:\/\/insideamateurfussball-ffm.de\/wp-content\/uploads\/2025\/03\/croa9-1-300x196.jpg 300w, https:\/\/insideamateurfussball-ffm.de\/wp-content\/uploads\/2025\/03\/croa9-1-768x502.jpg 768w\" sizes=\"auto, (max-width: 896px) 100vw, 896px\" \/><\/figure>\n<\/figure>\n\n\n\n<figure class=\"wp-block-gallery has-nested-images columns-default is-cropped wp-block-gallery-14 is-layout-flex wp-block-gallery-is-layout-flex\">\n<figure class=\"wp-block-image size-large\"><img loading=\"lazy\" decoding=\"async\" width=\"827\" height=\"597\" data-id=\"24614\" src=\"https:\/\/insideamateurfussball-ffm.de\/wp-content\/uploads\/2025\/03\/croa14.jpg\" alt=\"\" class=\"wp-image-24614\" srcset=\"https:\/\/insideamateurfussball-ffm.de\/wp-content\/uploads\/2025\/03\/croa14.jpg 827w, https:\/\/insideamateurfussball-ffm.de\/wp-content\/uploads\/2025\/03\/croa14-300x217.jpg 300w, https:\/\/insideamateurfussball-ffm.de\/wp-content\/uploads\/2025\/03\/croa14-768x554.jpg 768w\" sizes=\"auto, (max-width: 827px) 100vw, 827px\" \/><\/figure>\n<\/figure>\n\n\n\n<figure class=\"wp-block-gallery has-nested-images columns-default is-cropped wp-block-gallery-15 is-layout-flex wp-block-gallery-is-layout-flex\">\n<figure class=\"wp-block-image size-large\"><img loading=\"lazy\" decoding=\"async\" width=\"886\" height=\"686\" data-id=\"24615\" src=\"https:\/\/insideamateurfussball-ffm.de\/wp-content\/uploads\/2025\/03\/germ94-trainer101.jpg\" alt=\"\" class=\"wp-image-24615\" srcset=\"https:\/\/insideamateurfussball-ffm.de\/wp-content\/uploads\/2025\/03\/germ94-trainer101.jpg 886w, https:\/\/insideamateurfussball-ffm.de\/wp-content\/uploads\/2025\/03\/germ94-trainer101-300x232.jpg 300w, https:\/\/insideamateurfussball-ffm.de\/wp-content\/uploads\/2025\/03\/germ94-trainer101-768x595.jpg 768w\" sizes=\"auto, (max-width: 886px) 100vw, 886px\" \/><\/figure>\n<\/figure>\n\n\n\n<figure class=\"wp-block-gallery has-nested-images columns-default is-cropped wp-block-gallery-16 is-layout-flex wp-block-gallery-is-layout-flex\">\n<figure class=\"wp-block-image size-large\"><img loading=\"lazy\" decoding=\"async\" width=\"888\" height=\"591\" data-id=\"24616\" src=\"https:\/\/insideamateurfussball-ffm.de\/wp-content\/uploads\/2025\/03\/croa2-1.jpg\" alt=\"\" class=\"wp-image-24616\" srcset=\"https:\/\/insideamateurfussball-ffm.de\/wp-content\/uploads\/2025\/03\/croa2-1.jpg 888w, https:\/\/insideamateurfussball-ffm.de\/wp-content\/uploads\/2025\/03\/croa2-1-300x200.jpg 300w, https:\/\/insideamateurfussball-ffm.de\/wp-content\/uploads\/2025\/03\/croa2-1-768x511.jpg 768w\" sizes=\"auto, (max-width: 888px) 100vw, 888px\" \/><\/figure>\n<\/figure>\n\n\n\n<figure class=\"wp-block-gallery has-nested-images columns-default is-cropped wp-block-gallery-17 is-layout-flex wp-block-gallery-is-layout-flex\">\n<figure class=\"wp-block-image size-large\"><img loading=\"lazy\" decoding=\"async\" width=\"827\" height=\"603\" data-id=\"24617\" src=\"https:\/\/insideamateurfussball-ffm.de\/wp-content\/uploads\/2025\/03\/croa7-1.jpg\" alt=\"\" class=\"wp-image-24617\" srcset=\"https:\/\/insideamateurfussball-ffm.de\/wp-content\/uploads\/2025\/03\/croa7-1.jpg 827w, https:\/\/insideamateurfussball-ffm.de\/wp-content\/uploads\/2025\/03\/croa7-1-300x219.jpg 300w, https:\/\/insideamateurfussball-ffm.de\/wp-content\/uploads\/2025\/03\/croa7-1-768x560.jpg 768w\" sizes=\"auto, (max-width: 827px) 100vw, 827px\" \/><\/figure>\n<\/figure>\n\n\n\n<figure class=\"wp-block-gallery has-nested-images columns-default is-cropped wp-block-gallery-18 is-layout-flex wp-block-gallery-is-layout-flex\">\n<figure class=\"wp-block-image size-large\"><img loading=\"lazy\" decoding=\"async\" width=\"827\" height=\"550\" data-id=\"24618\" src=\"https:\/\/insideamateurfussball-ffm.de\/wp-content\/uploads\/2025\/03\/croa12-1.jpg\" alt=\"\" class=\"wp-image-24618\" srcset=\"https:\/\/insideamateurfussball-ffm.de\/wp-content\/uploads\/2025\/03\/croa12-1.jpg 827w, https:\/\/insideamateurfussball-ffm.de\/wp-content\/uploads\/2025\/03\/croa12-1-300x200.jpg 300w, https:\/\/insideamateurfussball-ffm.de\/wp-content\/uploads\/2025\/03\/croa12-1-768x511.jpg 768w\" sizes=\"auto, (max-width: 827px) 100vw, 827px\" \/><\/figure>\n<\/figure>\n\n\n\n<figure class=\"wp-block-gallery has-nested-images columns-default is-cropped wp-block-gallery-19 is-layout-flex wp-block-gallery-is-layout-flex\">\n<figure class=\"wp-block-image size-large\"><img loading=\"lazy\" decoding=\"async\" width=\"886\" height=\"604\" data-id=\"24619\" src=\"https:\/\/insideamateurfussball-ffm.de\/wp-content\/uploads\/2025\/03\/croat-trainer333.jpg\" alt=\"\" class=\"wp-image-24619\" srcset=\"https:\/\/insideamateurfussball-ffm.de\/wp-content\/uploads\/2025\/03\/croat-trainer333.jpg 886w, https:\/\/insideamateurfussball-ffm.de\/wp-content\/uploads\/2025\/03\/croat-trainer333-300x205.jpg 300w, https:\/\/insideamateurfussball-ffm.de\/wp-content\/uploads\/2025\/03\/croat-trainer333-768x524.jpg 768w\" sizes=\"auto, (max-width: 886px) 100vw, 886px\" \/><\/figure>\n<\/figure>\n\n\n\n<figure class=\"wp-block-gallery has-nested-images columns-default is-cropped wp-block-gallery-20 is-layout-flex wp-block-gallery-is-layout-flex\">\n<figure class=\"wp-block-image size-large\"><img loading=\"lazy\" decoding=\"async\" width=\"886\" height=\"677\" data-id=\"24620\" src=\"https:\/\/insideamateurfussball-ffm.de\/wp-content\/uploads\/2025\/03\/germ94203.jpg\" alt=\"\" class=\"wp-image-24620\" srcset=\"https:\/\/insideamateurfussball-ffm.de\/wp-content\/uploads\/2025\/03\/germ94203.jpg 886w, https:\/\/insideamateurfussball-ffm.de\/wp-content\/uploads\/2025\/03\/germ94203-300x229.jpg 300w, https:\/\/insideamateurfussball-ffm.de\/wp-content\/uploads\/2025\/03\/germ94203-768x587.jpg 768w\" sizes=\"auto, (max-width: 886px) 100vw, 886px\" \/><\/figure>\n<\/figure>\n","protected":false},"excerpt":{"rendered":"<p>Schlusslicht FC Croatia erreichte gegen den Tabellenzweiten VfL Germania 94 ein beachtliches 1:1-Unentschieden, der R\u00fcckstand zum Relegationsplatz ist aber angesichts der Ergebnisse der Konkurrenz auf acht Punkte gestiegen. Am Freitag war Sportdirektor Darko Krolo zur\u00fcckgetreten. Neuer und alter Sportlicher Leiter ist &#8222;Urgestein&#8220; Stanislav Konta.\u00a0 FC Croatia &#8211; VfL Germania 94 1:1 (0:0) Krolo teilte mit [&hellip;]<\/p>\n","protected":false},"author":1,"featured_media":24598,"comment_status":"closed","ping_status":"closed","sticky":true,"template":"","format":"standard","meta":{"footnotes":""},"categories":[2],"tags":[],"class_list":["post-24597","post","type-post","status-publish","format-standard","has-post-thumbnail","hentry","category-kreisoberliga-frankfurt"],"_links":{"self":[{"href":"https:\/\/insideamateurfussball-ffm.de\/index.php?rest_route=\/wp\/v2\/posts\/24597","targetHints":{"allow":["GET"]}}],"collection":[{"href":"https:\/\/insideamateurfussball-ffm.de\/index.php?rest_route=\/wp\/v2\/posts"}],"about":[{"href":"https:\/\/insideamateurfussball-ffm.de\/index.php?rest_route=\/wp\/v2\/types\/post"}],"author":[{"embeddable":true,"href":"https:\/\/insideamateurfussball-ffm.de\/index.php?rest_route=\/wp\/v2\/users\/1"}],"replies":[{"embeddable":true,"href":"https:\/\/insideamateurfussball-ffm.de\/index.php?rest_route=%2Fwp%2Fv2%2Fcomments&post=24597"}],"version-history":[{"count":1,"href":"https:\/\/insideamateurfussball-ffm.de\/index.php?rest_route=\/wp\/v2\/posts\/24597\/revisions"}],"predecessor-version":[{"id":24621,"href":"https:\/\/insideamateurfussball-ffm.de\/index.php?rest_route=\/wp\/v2\/posts\/24597\/revisions\/24621"}],"wp:featuredmedia":[{"embeddable":true,"href":"https:\/\/insideamateurfussball-ffm.de\/index.php?rest_route=\/wp\/v2\/media\/24598"}],"wp:attachment":[{"href":"https:\/\/insideamateurfussball-ffm.de\/index.php?rest_route=%2Fwp%2Fv2%2Fmedia&parent=24597"}],"wp:term":[{"taxonomy":"category","embeddable":true,"href":"https:\/\/insideamateurfussball-ffm.de\/index.php?rest_route=%2Fwp%2Fv2%2Fcategories&post=24597"},{"taxonomy":"post_tag","embeddable":true,"href":"https:\/\/insideamateurfussball-ffm.de\/index.php?rest_route=%2Fwp%2Fv2%2Ftags&post=24597"}],"curies":[{"name":"wp","href":"https:\/\/api.w.org\/{rel}","templated":true}]}}