{"id":24569,"date":"2025-03-24T21:43:55","date_gmt":"2025-03-24T20:43:55","guid":{"rendered":"https:\/\/insideamateurfussball-ffm.de\/?p=24569"},"modified":"2025-03-24T21:48:07","modified_gmt":"2025-03-24T20:48:07","slug":"heddernheim-nach-53-derbysieg-neunter","status":"publish","type":"post","link":"https:\/\/insideamateurfussball-ffm.de\/?p=24569","title":{"rendered":"Heddernheim nach 5:3-Derbysieg Neunter"},"content":{"rendered":"<h5><span style=\"font-size: 16px;\">Mit einer starken Willensleistung gewann der SV 07 Heddernheim das Ausw\u00e4rtsderby beim SV Viktoria Preu\u00dfen mit 5:3 (3:1) und vergr\u00f6\u00dferte den Vorsprung auf den ersten Abstiegsplatz auf sieben Punkte. Der Abstand zur Abstiegsrelegation betr\u00e4gt aber trotz des Sprungs auf Rang neun nur drei Punkte. Die Gastgeber, im Vorjahr noch Vizemeister, weisen hingegen auf dem ersten Abstiegsplatz schon vier Punkte R\u00fcckstand zur Relegation auf.\u00a0\u00a0<\/span><\/h5>\n<figure id=\"attachment_24570\" aria-describedby=\"caption-attachment-24570\" style=\"width: 652px\" class=\"wp-caption alignleft\"><img loading=\"lazy\" decoding=\"async\" class=\"wp-image-24570\" src=\"http:\/\/insideamateurfussball-ffm.de\/wp-content\/uploads\/2025\/03\/yassir-1024x768.jpg\" alt=\"\" width=\"652\" height=\"489\" srcset=\"https:\/\/insideamateurfussball-ffm.de\/wp-content\/uploads\/2025\/03\/yassir-1024x768.jpg 1024w, https:\/\/insideamateurfussball-ffm.de\/wp-content\/uploads\/2025\/03\/yassir-300x225.jpg 300w, https:\/\/insideamateurfussball-ffm.de\/wp-content\/uploads\/2025\/03\/yassir-768x576.jpg 768w, https:\/\/insideamateurfussball-ffm.de\/wp-content\/uploads\/2025\/03\/yassir-1536x1152.jpg 1536w, https:\/\/insideamateurfussball-ffm.de\/wp-content\/uploads\/2025\/03\/yassir.jpg 2048w\" sizes=\"auto, (max-width: 652px) 100vw, 652px\" \/><figcaption id=\"caption-attachment-24570\" class=\"wp-caption-text\">Yassir Achati (rechts) erzielte das 5:3 f\u00fcr Heddernheim. Foto: PA.<\/figcaption><\/figure>\n<h5><span style=\"font-size: 16px;\">SV Viktoria Preu\u00dfen &#8211; SV 07 Heddernheim 3:5 (1:3)<\/span><\/h5>\n<p><img loading=\"lazy\" decoding=\"async\" class=\"alignnone size-full wp-image-12\" src=\"http:\/\/insideamateurfussball-ffm.de\/wp-content\/uploads\/2021\/11\/preussen.jpg\" alt=\"\" width=\"72\" height=\"80\" \/><img loading=\"lazy\" decoding=\"async\" class=\"alignnone size-full wp-image-302\" src=\"http:\/\/insideamateurfussball-ffm.de\/wp-content\/uploads\/2022\/05\/1sv07_news2_4511-1.jpg\" alt=\"\" width=\"80\" height=\"80\" \/><\/p>\n<p><span style=\"font-size: 16px;\">Die Gastgeber mit dem besseren Start in die Partie, gingen schon nach f\u00fcnf Minuten mit einem Diagonalschuss durch Noah Cebaqueba Bangura in F\u00fchrung (5.). Heddernheim fand in der Anfangsphase nicht ins Spiel, erst nach einer Viertelstunde kamen die Gr\u00fcn-Wei\u00dfen zu einigen Freist\u00f6\u00dfen in der gegnerischen H\u00e4lfte. <\/span><\/p>\n<p><span style=\"font-size: 16px;\">Ohne den krank ausgefallenen Marcus Kreckel spielend, gelang Antonie Willef\u00fchr mit einem abgef\u00e4lschten Freisto\u00df gegen seinen Ex-Verein der Ausgleich (20.). Josh Haas mit einem Aufsetzer aus 30 Metern sorgte dann f\u00fcr die G\u00e4stef\u00fchrung (26.). Kurz vor der Pause wurde Haas im Strafraum gelegt, den f\u00e4lligen Foulelfmeter verwandelte Antonie Willef\u00fchr zum 3:1 (45.\/+1). In der Halbzeit musste Cherano Willef\u00fchr mit Leistenbeschwerden passen, f\u00fcr ihn kam erstmals nach der Winterpause Oliver Solarz zum Einsatz, der mit Serdar Birhimeoglu im Sturm spielte. Nach Wiederbeginn dauerte es nur 40 Sekunden, bis die Preu\u00dfen mit dem eingewechselten Mehmet Aslan auf 2:3 verk\u00fcrzten (46.).<\/span><\/p>\n<ul>\n<li><strong><span style=\"font-size: 16px;\">Durch Zeitstrafe in Unterzahl geraten <\/span><\/strong><\/li>\n<\/ul>\n<p><span style=\"font-size: 16px;\">Die Gastgeber verst\u00e4rkten den Druck und glichen durch Karim Taous per Direktabnahme an den Innenpfosten zum 3:3 aus (64.). In dieser Phase h\u00e4tte das Spiel kippen k\u00f6nnen, Taous traf mit einem Freisto\u00df die Latte (76.). Doch Heddernheim befreite sich, setzte auf Konter und ging nach einer Solarz-Hereingabe mit 4:3 in F\u00fchrung. Zun\u00e4chst wurde der Treffer dem &#8222;B\u00fcffel&#8220; Birhimeoglu zugeschrieben, tags darauf wurde der Torsch\u00fctze in Haas korrigiert (78.). Durch eine Zeitstrafe gerieten die Hausherren in Unterzahl, da \u00d6mer Faruk Zengin schon gelbvorbelastet war (79.). Yassir Achati setzte in \u00dcberzahl den Schlusspunkt zum 5:3 (82.). Fu\u00dfball-Abteilungsleiter Thomas Mahlau hatte &#8222;drei Geschenke gesehen. Heddernheim hatte erste Halbzeit mehr Spielanteile. Nach der Halbzeit sind wir gut rausgekommen, haben gleich den Anschluss und den Ausgleich geschafft. Dann habe ich eine Heddernheimer Mannschaft gesehen, die eigentlich tot war. Wir waren \u00fcberlegen und h\u00e4tten eigentlich nachlegen m\u00fcssen. Die Zeitstrafe war dumm, in Unterzahl haben wir nicht gut verteidigt und noch verloren. Wir haben aber alles noch selbst in der Hand.&#8220; <\/span><\/p>\n<p><span style=\"font-size: 16px;\">SVH-Trainer Andreas Berggold sagte: &#8222;Wir wollten hier unbedingt den Dreier holen, um den Abstand nach unten zu vergr\u00f6\u00dfern. Da war es nat\u00fcrlich fatal, dass wir diesen fr\u00fchen Gegentreffer kassiert haben. Da waren wir noch nicht auf der H\u00f6he, haben das Spiel dann aber gedreht. Es war kein gutes Spiel von beiden Mannschaften. In die zweite Halbzeit sind wir wieder schlecht rein gekommen, da hat Preu\u00dfen Druck gemacht und sich den Ausgleich verdient. Hinten raus durch zwei Konter haben wir Tor vier und f\u00fcnf geschossen. Wir haben es unn\u00f6tig spannend gemacht, am Ende z\u00e4hlen die drei Punkte.&#8220; Bereits am Donnerstag (20.15 Uhr) bestreiten die Heddernheimer das aus dem Mai vorgezogene Heimspiel gegen den FC Germania Enkheim und sind am kommenden Sonntag spielfrei. Viktoria Preu\u00dfen muss am Sonntag um 15 Uhr beim R\u00f6delheimer FC antreten.\u00a0\u00a0<\/span><\/p>\n<ul>\n<li><strong><span style=\"font-size: 16px;\">Schiedsrichter: Samir Yousufzai (Hanau).\u00a0<\/span><\/strong><\/li>\n<li><strong><span style=\"font-size: 16px;\">Zuschauer: 127.<\/span><\/strong><\/li>\n<li><strong><span style=\"font-size: 16px;\">Tore: 1:0 Noah Cebaqueba Bangura (5.), 1:1 Antonie Willef\u00fchr (20.), 1:2 Josh Haas (26.), 1:3 Antonie Willef\u00fchr (45.\/+1, Foulelfmeter), 2:3 Mehmet Aslan (46.), 3:3 Karim Tous (64.), 3:4 Josh Haas (78.), 3:5 Yassir Achati (82.).<\/span><\/strong><\/li>\n<\/ul>\n\n\n<figure class=\"wp-block-image size-large\"><img loading=\"lazy\" decoding=\"async\" width=\"1024\" height=\"768\" src=\"https:\/\/insideamateurfussball-ffm.de\/wp-content\/uploads\/2025\/03\/Preu-Hed-1-1024x768.jpg\" alt=\"\" class=\"wp-image-24571\" srcset=\"https:\/\/insideamateurfussball-ffm.de\/wp-content\/uploads\/2025\/03\/Preu-Hed-1-1024x768.jpg 1024w, https:\/\/insideamateurfussball-ffm.de\/wp-content\/uploads\/2025\/03\/Preu-Hed-1-300x225.jpg 300w, https:\/\/insideamateurfussball-ffm.de\/wp-content\/uploads\/2025\/03\/Preu-Hed-1-768x576.jpg 768w, https:\/\/insideamateurfussball-ffm.de\/wp-content\/uploads\/2025\/03\/Preu-Hed-1-1536x1152.jpg 1536w, https:\/\/insideamateurfussball-ffm.de\/wp-content\/uploads\/2025\/03\/Preu-Hed-1.jpg 2048w\" sizes=\"auto, (max-width: 1024px) 100vw, 1024px\" \/><\/figure>\n\n\n\n<figure class=\"wp-block-gallery has-nested-images columns-default is-cropped wp-block-gallery-1 is-layout-flex wp-block-gallery-is-layout-flex\">\n<figure class=\"wp-block-image size-large\"><img loading=\"lazy\" decoding=\"async\" width=\"1024\" height=\"768\" data-id=\"24572\" src=\"https:\/\/insideamateurfussball-ffm.de\/wp-content\/uploads\/2025\/03\/Preu-Hed2-1024x768.jpg\" alt=\"\" class=\"wp-image-24572\" srcset=\"https:\/\/insideamateurfussball-ffm.de\/wp-content\/uploads\/2025\/03\/Preu-Hed2-1024x768.jpg 1024w, https:\/\/insideamateurfussball-ffm.de\/wp-content\/uploads\/2025\/03\/Preu-Hed2-300x225.jpg 300w, https:\/\/insideamateurfussball-ffm.de\/wp-content\/uploads\/2025\/03\/Preu-Hed2-768x576.jpg 768w, https:\/\/insideamateurfussball-ffm.de\/wp-content\/uploads\/2025\/03\/Preu-Hed2-1536x1152.jpg 1536w, https:\/\/insideamateurfussball-ffm.de\/wp-content\/uploads\/2025\/03\/Preu-Hed2.jpg 2048w\" sizes=\"auto, (max-width: 1024px) 100vw, 1024px\" \/><\/figure>\n<\/figure>\n\n\n\n<figure class=\"wp-block-image size-large\"><img loading=\"lazy\" decoding=\"async\" width=\"1024\" height=\"768\" src=\"https:\/\/insideamateurfussball-ffm.de\/wp-content\/uploads\/2025\/03\/Preu-Hed3-1024x768.jpg\" alt=\"\" class=\"wp-image-24573\" srcset=\"https:\/\/insideamateurfussball-ffm.de\/wp-content\/uploads\/2025\/03\/Preu-Hed3-1024x768.jpg 1024w, https:\/\/insideamateurfussball-ffm.de\/wp-content\/uploads\/2025\/03\/Preu-Hed3-300x225.jpg 300w, https:\/\/insideamateurfussball-ffm.de\/wp-content\/uploads\/2025\/03\/Preu-Hed3-768x576.jpg 768w, https:\/\/insideamateurfussball-ffm.de\/wp-content\/uploads\/2025\/03\/Preu-Hed3-1536x1152.jpg 1536w, https:\/\/insideamateurfussball-ffm.de\/wp-content\/uploads\/2025\/03\/Preu-Hed3.jpg 2048w\" sizes=\"auto, (max-width: 1024px) 100vw, 1024px\" \/><\/figure>\n\n\n\n<figure class=\"wp-block-gallery has-nested-images columns-default is-cropped wp-block-gallery-2 is-layout-flex wp-block-gallery-is-layout-flex\">\n<figure class=\"wp-block-image size-large\"><img loading=\"lazy\" decoding=\"async\" width=\"1024\" height=\"768\" data-id=\"24574\" src=\"https:\/\/insideamateurfussball-ffm.de\/wp-content\/uploads\/2025\/03\/Preu-Hed-4-1024x768.jpg\" alt=\"\" class=\"wp-image-24574\" srcset=\"https:\/\/insideamateurfussball-ffm.de\/wp-content\/uploads\/2025\/03\/Preu-Hed-4-1024x768.jpg 1024w, https:\/\/insideamateurfussball-ffm.de\/wp-content\/uploads\/2025\/03\/Preu-Hed-4-300x225.jpg 300w, https:\/\/insideamateurfussball-ffm.de\/wp-content\/uploads\/2025\/03\/Preu-Hed-4-768x576.jpg 768w, https:\/\/insideamateurfussball-ffm.de\/wp-content\/uploads\/2025\/03\/Preu-Hed-4-1536x1152.jpg 1536w, https:\/\/insideamateurfussball-ffm.de\/wp-content\/uploads\/2025\/03\/Preu-Hed-4.jpg 2048w\" sizes=\"auto, (max-width: 1024px) 100vw, 1024px\" \/><\/figure>\n<\/figure>\n","protected":false},"excerpt":{"rendered":"<p>Mit einer starken Willensleistung gewann der SV 07 Heddernheim das Ausw\u00e4rtsderby beim SV Viktoria Preu\u00dfen mit 5:3 (3:1) und vergr\u00f6\u00dferte den Vorsprung auf den ersten Abstiegsplatz auf sieben Punkte. Der Abstand zur Abstiegsrelegation betr\u00e4gt aber trotz des Sprungs auf Rang neun nur drei Punkte. Die Gastgeber, im Vorjahr noch Vizemeister, weisen hingegen auf dem ersten [&hellip;]<\/p>\n","protected":false},"author":1,"featured_media":24570,"comment_status":"closed","ping_status":"closed","sticky":true,"template":"","format":"standard","meta":{"footnotes":""},"categories":[2],"tags":[],"class_list":["post-24569","post","type-post","status-publish","format-standard","has-post-thumbnail","hentry","category-kreisoberliga-frankfurt"],"_links":{"self":[{"href":"https:\/\/insideamateurfussball-ffm.de\/index.php?rest_route=\/wp\/v2\/posts\/24569","targetHints":{"allow":["GET"]}}],"collection":[{"href":"https:\/\/insideamateurfussball-ffm.de\/index.php?rest_route=\/wp\/v2\/posts"}],"about":[{"href":"https:\/\/insideamateurfussball-ffm.de\/index.php?rest_route=\/wp\/v2\/types\/post"}],"author":[{"embeddable":true,"href":"https:\/\/insideamateurfussball-ffm.de\/index.php?rest_route=\/wp\/v2\/users\/1"}],"replies":[{"embeddable":true,"href":"https:\/\/insideamateurfussball-ffm.de\/index.php?rest_route=%2Fwp%2Fv2%2Fcomments&post=24569"}],"version-history":[{"count":4,"href":"https:\/\/insideamateurfussball-ffm.de\/index.php?rest_route=\/wp\/v2\/posts\/24569\/revisions"}],"predecessor-version":[{"id":24578,"href":"https:\/\/insideamateurfussball-ffm.de\/index.php?rest_route=\/wp\/v2\/posts\/24569\/revisions\/24578"}],"wp:featuredmedia":[{"embeddable":true,"href":"https:\/\/insideamateurfussball-ffm.de\/index.php?rest_route=\/wp\/v2\/media\/24570"}],"wp:attachment":[{"href":"https:\/\/insideamateurfussball-ffm.de\/index.php?rest_route=%2Fwp%2Fv2%2Fmedia&parent=24569"}],"wp:term":[{"taxonomy":"category","embeddable":true,"href":"https:\/\/insideamateurfussball-ffm.de\/index.php?rest_route=%2Fwp%2Fv2%2Fcategories&post=24569"},{"taxonomy":"post_tag","embeddable":true,"href":"https:\/\/insideamateurfussball-ffm.de\/index.php?rest_route=%2Fwp%2Fv2%2Ftags&post=24569"}],"curies":[{"name":"wp","href":"https:\/\/api.w.org\/{rel}","templated":true}]}}