{"id":24550,"date":"2025-03-24T10:29:00","date_gmt":"2025-03-24T09:29:00","guid":{"rendered":"https:\/\/insideamateurfussball-ffm.de\/?p=24550"},"modified":"2025-03-24T18:23:49","modified_gmt":"2025-03-24T17:23:49","slug":"strenger-erloest-dortelweil-in-der-90-minute","status":"publish","type":"post","link":"https:\/\/insideamateurfussball-ffm.de\/?p=24550","title":{"rendered":"Strenger erl\u00f6st Dortelweil in der 90. Minute"},"content":{"rendered":"<h5><span style=\"font-size: 16px;\">Durch den 1:0-Sieg gegen Germania Ober-Roden bleibt der SC Dortelweil auf Rang zwei der Verbandsliga S\u00fcd, der zur Teilnahme an den Relegationsspielen zur Hessenliga berechtigt. Der Siegtreffer der Wetterauer fiel in der 90. Minute.\u00a0<\/span><\/h5>\n<figure id=\"attachment_23962\" aria-describedby=\"caption-attachment-23962\" style=\"width: 652px\" class=\"wp-caption alignleft\"><img loading=\"lazy\" decoding=\"async\" class=\"wp-image-23962\" src=\"http:\/\/insideamateurfussball-ffm.de\/wp-content\/uploads\/2025\/03\/250301-Hummetroth-Dortelweil_IMG_032-1024x683.jpg\" alt=\"\" width=\"652\" height=\"435\" srcset=\"https:\/\/insideamateurfussball-ffm.de\/wp-content\/uploads\/2025\/03\/250301-Hummetroth-Dortelweil_IMG_032-1024x683.jpg 1024w, https:\/\/insideamateurfussball-ffm.de\/wp-content\/uploads\/2025\/03\/250301-Hummetroth-Dortelweil_IMG_032-300x200.jpg 300w, https:\/\/insideamateurfussball-ffm.de\/wp-content\/uploads\/2025\/03\/250301-Hummetroth-Dortelweil_IMG_032-768x512.jpg 768w, https:\/\/insideamateurfussball-ffm.de\/wp-content\/uploads\/2025\/03\/250301-Hummetroth-Dortelweil_IMG_032-1536x1024.jpg 1536w, https:\/\/insideamateurfussball-ffm.de\/wp-content\/uploads\/2025\/03\/250301-Hummetroth-Dortelweil_IMG_032-2048x1365.jpg 2048w\" sizes=\"auto, (max-width: 652px) 100vw, 652px\" \/><figcaption id=\"caption-attachment-23962\" class=\"wp-caption-text\">Dortelweiler Jubel unter der Fair-Play-Wand in Michelstadt. Foto: Archiv Jan Werner.<\/figcaption><\/figure>\n<h5><span style=\"font-size: 16px;\">SC Dortelweil &#8211; Germania Ober-Roden 1:0 (0:0)<\/span><\/h5>\n<p><img loading=\"lazy\" decoding=\"async\" class=\"alignnone size-full wp-image-598\" src=\"http:\/\/insideamateurfussball-ffm.de\/wp-content\/uploads\/2022\/06\/Dortelweil.jpg\" alt=\"\" width=\"80\" height=\"80\" \/><img loading=\"lazy\" decoding=\"async\" class=\"alignnone size-full wp-image-17592\" src=\"http:\/\/insideamateurfussball-ffm.de\/wp-content\/uploads\/2024\/03\/germania.jpeg\" alt=\"\" width=\"99\" height=\"96\" \/><\/p>\n<p><span style=\"font-size: 16px;\">Marvin Strenger traf in der 90. Minute auf Zuspiel von Masahito Morishima zum ersten Sieg der Dortelweiler im neuen Jahr. <\/span><\/p>\n<p><span style=\"font-size: 16px;\">Unter dem Strich seien die Gastgeber &#8222;dominanter gewesen&#8220;, wie Co-Trainer Stefan Geppert analysierte. <\/span><\/p>\n<p><span style=\"font-size: 16px;\">Die G\u00e4ste aus dem R\u00f6dermarker Stadtteil hatten die klareren Chancen, am Ende entschied eben dieses eine Tor \u00fcber Sieg oder Niederlage. Am kommenden Sonntag geht es erneut gegen eine Mannschaft aus Ober-Roden, diesmal bei der TS Ober-Roden (15 Uhr).\u00a0<\/span><\/p>\n<ul>\n<li><strong><span style=\"font-size: 16px;\">Schiedsrichter: Justin Herbert (FV Schwarzbach).\u00a0<\/span><\/strong><\/li>\n<li><strong><span style=\"font-size: 16px;\">Zuschauer: 150.<\/span><\/strong><\/li>\n<li><strong><span style=\"font-size: 16px;\">Tor: 1:0 Marvin Strenger (90.).<\/span><\/strong><\/li>\n<\/ul>\n","protected":false},"excerpt":{"rendered":"<p>Durch den 1:0-Sieg gegen Germania Ober-Roden bleibt der SC Dortelweil auf Rang zwei der Verbandsliga S\u00fcd, der zur Teilnahme an den Relegationsspielen zur Hessenliga berechtigt. Der Siegtreffer der Wetterauer fiel in der 90. Minute.\u00a0 SC Dortelweil &#8211; Germania Ober-Roden 1:0 (0:0) Marvin Strenger traf in der 90. Minute auf Zuspiel von Masahito Morishima zum ersten [&hellip;]<\/p>\n","protected":false},"author":1,"featured_media":23962,"comment_status":"closed","ping_status":"closed","sticky":true,"template":"","format":"standard","meta":{"footnotes":""},"categories":[10],"tags":[],"class_list":["post-24550","post","type-post","status-publish","format-standard","has-post-thumbnail","hentry","category-verbandsliga-sued"],"_links":{"self":[{"href":"https:\/\/insideamateurfussball-ffm.de\/index.php?rest_route=\/wp\/v2\/posts\/24550","targetHints":{"allow":["GET"]}}],"collection":[{"href":"https:\/\/insideamateurfussball-ffm.de\/index.php?rest_route=\/wp\/v2\/posts"}],"about":[{"href":"https:\/\/insideamateurfussball-ffm.de\/index.php?rest_route=\/wp\/v2\/types\/post"}],"author":[{"embeddable":true,"href":"https:\/\/insideamateurfussball-ffm.de\/index.php?rest_route=\/wp\/v2\/users\/1"}],"replies":[{"embeddable":true,"href":"https:\/\/insideamateurfussball-ffm.de\/index.php?rest_route=%2Fwp%2Fv2%2Fcomments&post=24550"}],"version-history":[{"count":2,"href":"https:\/\/insideamateurfussball-ffm.de\/index.php?rest_route=\/wp\/v2\/posts\/24550\/revisions"}],"predecessor-version":[{"id":24552,"href":"https:\/\/insideamateurfussball-ffm.de\/index.php?rest_route=\/wp\/v2\/posts\/24550\/revisions\/24552"}],"wp:featuredmedia":[{"embeddable":true,"href":"https:\/\/insideamateurfussball-ffm.de\/index.php?rest_route=\/wp\/v2\/media\/23962"}],"wp:attachment":[{"href":"https:\/\/insideamateurfussball-ffm.de\/index.php?rest_route=%2Fwp%2Fv2%2Fmedia&parent=24550"}],"wp:term":[{"taxonomy":"category","embeddable":true,"href":"https:\/\/insideamateurfussball-ffm.de\/index.php?rest_route=%2Fwp%2Fv2%2Fcategories&post=24550"},{"taxonomy":"post_tag","embeddable":true,"href":"https:\/\/insideamateurfussball-ffm.de\/index.php?rest_route=%2Fwp%2Fv2%2Ftags&post=24550"}],"curies":[{"name":"wp","href":"https:\/\/api.w.org\/{rel}","templated":true}]}}