{"id":24540,"date":"2025-03-24T14:22:16","date_gmt":"2025-03-24T13:22:16","guid":{"rendered":"https:\/\/insideamateurfussball-ffm.de\/?p=24540"},"modified":"2025-03-24T14:22:16","modified_gmt":"2025-03-24T13:22:16","slug":"oberrad-mit-spaeten-toren-zum-sieg","status":"publish","type":"post","link":"https:\/\/insideamateurfussball-ffm.de\/?p=24540","title":{"rendered":"Oberrad mit sp\u00e4ten Toren zum Sieg"},"content":{"rendered":"<h4>Die Spvgg. 05 Oberrad schlug den abstiegsbedrohten FC Kaichen mit 2:0, dabei fielen beide Tore durch Armin Gama und Alessio Ruben de Filippis erst in der Nachspielzeit zum verdienten Sieg.<\/h4>\n<figure id=\"attachment_20449\" aria-describedby=\"caption-attachment-20449\" style=\"width: 1008px\" class=\"wp-caption alignnone\"><img loading=\"lazy\" decoding=\"async\" class=\"wp-image-20449 size-full\" src=\"http:\/\/insideamateurfussball-ffm.de\/wp-content\/uploads\/2024\/08\/sp5-3.jpg\" alt=\"\" width=\"1008\" height=\"692\" srcset=\"https:\/\/insideamateurfussball-ffm.de\/wp-content\/uploads\/2024\/08\/sp5-3.jpg 1008w, https:\/\/insideamateurfussball-ffm.de\/wp-content\/uploads\/2024\/08\/sp5-3-300x206.jpg 300w, https:\/\/insideamateurfussball-ffm.de\/wp-content\/uploads\/2024\/08\/sp5-3-768x527.jpg 768w\" sizes=\"auto, (max-width: 1008px) 100vw, 1008px\" \/><figcaption id=\"caption-attachment-20449\" class=\"wp-caption-text\">Oberrad kam zu einem sp\u00e4ten Sieg. Foto: Archiv Mithat G\u00fcrser<\/figcaption><\/figure>\n<h4>Spvgg. 05 Oberrad &#8211; FC Kaichen 2:0 (0:0)<\/h4>\n<p><img loading=\"lazy\" decoding=\"async\" class=\"alignnone size-full wp-image-137\" src=\"http:\/\/insideamateurfussball-ffm.de\/wp-content\/uploads\/2022\/05\/Oberrad05.jpg\" alt=\"\" width=\"79\" height=\"80\" \/><img loading=\"lazy\" decoding=\"async\" class=\"alignnone size-full wp-image-20254\" src=\"http:\/\/insideamateurfussball-ffm.de\/wp-content\/uploads\/2024\/08\/o-kaichen.jpeg\" alt=\"\" width=\"88\" height=\"99\" \/><\/p>\n<p>Nach dem etwas schw\u00e4cheren Auftritt in K\u00f6nigstein wollte die Spvgg. 05 Oberrad zu Hause gegen den FC Kaichen, der sich im unteren Tabellendrittel befindet, wieder zu drei Punkten kommen. Dies gelang am Ende, allerdings konnten die Gastgeber ihre Tore beim 2:0-Sieg erst in der Nachspielzeit erzielen. Oberrads Trainer Gabriel Bernstein monierte nach dem Spiel: \u201eschon zur Halbzeit h\u00e4tte es 3:0 stehen m\u00fcssen\u201c.<\/p>\n<p>Oberrad dominierte das gesamte Spiel, nur in der zweiten Halbzeit kamen die G\u00e4ste aus Kaichen zu zwei kleineren Chancen, Bernstein: \u201ewir waren komplett \u00fcberlegen, doch besonders in der zweiten Halbzeit hat der Torwart des FC Kaichen ein herausragendes Spiel gemacht\u201c. In der Nachspielzeit waren die Gastgeber dann doch noch erfolgreich, erst k\u00f6pfte Armin Gama einen Eckball ins Tor und zwei Minuten sp\u00e4ter versenkte Alessio Ruben de Filippis den Ball nach einem Steckpass zum 2:0-Endstand im gegnerischen Geh\u00e4use.\u00a0 Oberrad konnte sich dadurch auf den 8.Tabellenplatz verbessern mit gro\u00dfem Abstand nach oben und nach unten, am n\u00e4chsten Wochenende geht es zum punktgleichen Tabellennachbarn SV Bosnien\/Herzegowina.<\/p>\n<h4>Schiedsrichter: Bastian Sch\u00e4fer (SG Dornheim). Zuschauer: 80.<\/h4>\n<h4>Tore: 1:0 Armin Gama (90.+1), 2:0 Alessio Ruben de Filippis (90.+3)<\/h4>\n","protected":false},"excerpt":{"rendered":"<p>Die Spvgg. 05 Oberrad schlug den abstiegsbedrohten FC Kaichen mit 2:0, dabei fielen beide Tore durch Armin Gama und Alessio Ruben de Filippis erst in der Nachspielzeit zum verdienten Sieg. Spvgg. 05 Oberrad &#8211; FC Kaichen 2:0 (0:0) Nach dem etwas schw\u00e4cheren Auftritt in K\u00f6nigstein wollte die Spvgg. 05 Oberrad zu Hause gegen den FC [&hellip;]<\/p>\n","protected":false},"author":3,"featured_media":20449,"comment_status":"closed","ping_status":"open","sticky":true,"template":"","format":"standard","meta":{"footnotes":""},"categories":[13],"tags":[],"class_list":["post-24540","post","type-post","status-publish","format-standard","has-post-thumbnail","hentry","category-gruppenliga-frankfurt-west"],"_links":{"self":[{"href":"https:\/\/insideamateurfussball-ffm.de\/index.php?rest_route=\/wp\/v2\/posts\/24540","targetHints":{"allow":["GET"]}}],"collection":[{"href":"https:\/\/insideamateurfussball-ffm.de\/index.php?rest_route=\/wp\/v2\/posts"}],"about":[{"href":"https:\/\/insideamateurfussball-ffm.de\/index.php?rest_route=\/wp\/v2\/types\/post"}],"author":[{"embeddable":true,"href":"https:\/\/insideamateurfussball-ffm.de\/index.php?rest_route=\/wp\/v2\/users\/3"}],"replies":[{"embeddable":true,"href":"https:\/\/insideamateurfussball-ffm.de\/index.php?rest_route=%2Fwp%2Fv2%2Fcomments&post=24540"}],"version-history":[{"count":2,"href":"https:\/\/insideamateurfussball-ffm.de\/index.php?rest_route=\/wp\/v2\/posts\/24540\/revisions"}],"predecessor-version":[{"id":24542,"href":"https:\/\/insideamateurfussball-ffm.de\/index.php?rest_route=\/wp\/v2\/posts\/24540\/revisions\/24542"}],"wp:featuredmedia":[{"embeddable":true,"href":"https:\/\/insideamateurfussball-ffm.de\/index.php?rest_route=\/wp\/v2\/media\/20449"}],"wp:attachment":[{"href":"https:\/\/insideamateurfussball-ffm.de\/index.php?rest_route=%2Fwp%2Fv2%2Fmedia&parent=24540"}],"wp:term":[{"taxonomy":"category","embeddable":true,"href":"https:\/\/insideamateurfussball-ffm.de\/index.php?rest_route=%2Fwp%2Fv2%2Fcategories&post=24540"},{"taxonomy":"post_tag","embeddable":true,"href":"https:\/\/insideamateurfussball-ffm.de\/index.php?rest_route=%2Fwp%2Fv2%2Ftags&post=24540"}],"curies":[{"name":"wp","href":"https:\/\/api.w.org\/{rel}","templated":true}]}}