{"id":24537,"date":"2025-03-24T13:59:06","date_gmt":"2025-03-24T12:59:06","guid":{"rendered":"https:\/\/insideamateurfussball-ffm.de\/?p=24537"},"modified":"2025-03-24T13:59:06","modified_gmt":"2025-03-24T12:59:06","slug":"bosnier-nach-23-mit-schiedsrichter-schelte","status":"publish","type":"post","link":"https:\/\/insideamateurfussball-ffm.de\/?p=24537","title":{"rendered":"Bosnier nach 2:3 mit Schiedsrichter-Schelte"},"content":{"rendered":"<h4>Der SV Bosnien\/Herzegowina verlor beim FC Karben mit 2:3, wobei sich die Bosnier nach Angaben ihres Pressesprechers Admir Malohodzic in zwei entscheidenden Situationen vom Schiedsrichter benachteiligt f\u00fchlen.<\/h4>\n<figure id=\"attachment_24009\" aria-describedby=\"caption-attachment-24009\" style=\"width: 2048px\" class=\"wp-caption alignnone\"><img loading=\"lazy\" decoding=\"async\" class=\"wp-image-24009 size-full\" src=\"http:\/\/insideamateurfussball-ffm.de\/wp-content\/uploads\/2025\/03\/DSC_1472.jpg\" alt=\"\" width=\"2048\" height=\"1536\" srcset=\"https:\/\/insideamateurfussball-ffm.de\/wp-content\/uploads\/2025\/03\/DSC_1472.jpg 2048w, https:\/\/insideamateurfussball-ffm.de\/wp-content\/uploads\/2025\/03\/DSC_1472-300x225.jpg 300w, https:\/\/insideamateurfussball-ffm.de\/wp-content\/uploads\/2025\/03\/DSC_1472-1024x768.jpg 1024w, https:\/\/insideamateurfussball-ffm.de\/wp-content\/uploads\/2025\/03\/DSC_1472-768x576.jpg 768w, https:\/\/insideamateurfussball-ffm.de\/wp-content\/uploads\/2025\/03\/DSC_1472-1536x1152.jpg 1536w\" sizes=\"auto, (max-width: 2048px) 100vw, 2048px\" \/><figcaption id=\"caption-attachment-24009\" class=\"wp-caption-text\">Die Spieler des FC Karben bauten ihre Serie auf 6 Siege in Folge aus. Foto: Archiv J\u00f6rg Schulz<\/figcaption><\/figure>\n<h4>FC Karben -SV Bosnien\/Herzegowina 3:2 (2:2)<\/h4>\n<p><img loading=\"lazy\" decoding=\"async\" class=\"alignnone size-full wp-image-2525\" src=\"http:\/\/insideamateurfussball-ffm.de\/wp-content\/uploads\/2022\/09\/karben.jpg\" alt=\"\" width=\"65\" height=\"80\" \/><img loading=\"lazy\" decoding=\"async\" class=\"alignnone size-full wp-image-139\" src=\"http:\/\/insideamateurfussball-ffm.de\/wp-content\/uploads\/2022\/05\/Bosnien.jpg\" alt=\"\" width=\"79\" height=\"80\" \/><\/p>\n<p>In Karben trafen mit dem heimischen FC und dem SV Bosnien\/Herzegowina zwei Mannschaften aufeinander, die beide gut in Form waren. Der FC Karben konnte seine letzten 5 Spiele, alles Ausw\u00e4rtsspiele, alle gewinnen, auch der SV Bosnien\/Herzegowina holte 16 Punkte aus den letzten 6 Spielen. Und es entwickelte sich nach Aussagen von Bosniens Pressesprecher Admir Malohodzic \u201eein gutes Gruppenligaspiel auf hohem Niveau\u201c. Der FC Karben ging durch Moritz Heitefu\u00df in der 13.Minute mit 1:0 in F\u00fchrung, doch die G\u00e4ste schlugen doppelt zur\u00fcck. In der 17.Minute erzielte Ventsislav Rusev den 1:1-Ausgleich, dann brachte Secouba Siatta die Bosnier in der 28.Minute mit 2:1 in F\u00fchrung.<\/p>\n<p>Dann warf der Schiedsrichter nach den Worten von Malohodzic die G\u00e4ste aus der Bahn, dem 3:1 verweigerte er wegen einer \u201eangeblichen\u201c (Malohodzic) Abseitsstellung die Anerkennung, und in der 37.Minute zeigte der Schiedsrichter auf den Elfmeterpunkt, Malohodzic: \u201e\u00fcber den Elfmeter haben alle gelacht\u201c. Doch Karbens Owen Hare lie\u00df sich die Gelegenheit nicht entgehen und verwandelte den Elfmeter zum 2:2-Halbzeitstand.<\/p>\n<p>In der zweiten Halbzeit war es weiterhin ein Spiel auf Augenh\u00f6he zweier guter Mannschaften mit einigen Chancen auf beiden Seiten und der FC Karben konnte in der 63.Minute durch Luca Hannig das 3:2 erzielen, Malohodzic: \u201eein gut herausgespielter Treffer, das muss man zugeben.\u201c Den Bosniern gelang es in der weiteren Spielzeit nicht mehr, den Ausgleich zu erzielen, und so konnte der FC Karben seine Serie auf sechs Siege in Folge ausdehnen und bleibt damit dem Spitzenreiter FC Kalbach auf den Fersen. Malohodzic: \u201eeinen Punkt h\u00e4tten wir verdient\u201c.<\/p>\n<p>Am n\u00e4chsten Wochenende empf\u00e4ngt der SV Bosnien\/Herzegowina die Spvgg. 05 Oberrad zum Frankfurter Duell.<\/p>\n<h4>Schiedsrichter: Andreas Luschberger (SV Wisper Lorch). Zuschauer: 110.<\/h4>\n<h4>Tore: 1:0 Moritz Heitefu\u00df (13.), 1:1 Ventsislav Rusev (17.), 1:2 Secouba Diatta (28.), 2:2 Owen Hare (37., Elfmeter), 3:2 Luca Hannig (63.)<\/h4>\n","protected":false},"excerpt":{"rendered":"<p>Der SV Bosnien\/Herzegowina verlor beim FC Karben mit 2:3, wobei sich die Bosnier nach Angaben ihres Pressesprechers Admir Malohodzic in zwei entscheidenden Situationen vom Schiedsrichter benachteiligt f\u00fchlen. FC Karben -SV Bosnien\/Herzegowina 3:2 (2:2) In Karben trafen mit dem heimischen FC und dem SV Bosnien\/Herzegowina zwei Mannschaften aufeinander, die beide gut in Form waren. Der FC [&hellip;]<\/p>\n","protected":false},"author":3,"featured_media":24009,"comment_status":"closed","ping_status":"open","sticky":true,"template":"","format":"standard","meta":{"footnotes":""},"categories":[13],"tags":[],"class_list":["post-24537","post","type-post","status-publish","format-standard","has-post-thumbnail","hentry","category-gruppenliga-frankfurt-west"],"_links":{"self":[{"href":"https:\/\/insideamateurfussball-ffm.de\/index.php?rest_route=\/wp\/v2\/posts\/24537","targetHints":{"allow":["GET"]}}],"collection":[{"href":"https:\/\/insideamateurfussball-ffm.de\/index.php?rest_route=\/wp\/v2\/posts"}],"about":[{"href":"https:\/\/insideamateurfussball-ffm.de\/index.php?rest_route=\/wp\/v2\/types\/post"}],"author":[{"embeddable":true,"href":"https:\/\/insideamateurfussball-ffm.de\/index.php?rest_route=\/wp\/v2\/users\/3"}],"replies":[{"embeddable":true,"href":"https:\/\/insideamateurfussball-ffm.de\/index.php?rest_route=%2Fwp%2Fv2%2Fcomments&post=24537"}],"version-history":[{"count":2,"href":"https:\/\/insideamateurfussball-ffm.de\/index.php?rest_route=\/wp\/v2\/posts\/24537\/revisions"}],"predecessor-version":[{"id":24539,"href":"https:\/\/insideamateurfussball-ffm.de\/index.php?rest_route=\/wp\/v2\/posts\/24537\/revisions\/24539"}],"wp:featuredmedia":[{"embeddable":true,"href":"https:\/\/insideamateurfussball-ffm.de\/index.php?rest_route=\/wp\/v2\/media\/24009"}],"wp:attachment":[{"href":"https:\/\/insideamateurfussball-ffm.de\/index.php?rest_route=%2Fwp%2Fv2%2Fmedia&parent=24537"}],"wp:term":[{"taxonomy":"category","embeddable":true,"href":"https:\/\/insideamateurfussball-ffm.de\/index.php?rest_route=%2Fwp%2Fv2%2Fcategories&post=24537"},{"taxonomy":"post_tag","embeddable":true,"href":"https:\/\/insideamateurfussball-ffm.de\/index.php?rest_route=%2Fwp%2Fv2%2Ftags&post=24537"}],"curies":[{"name":"wp","href":"https:\/\/api.w.org\/{rel}","templated":true}]}}