{"id":24534,"date":"2025-03-24T11:49:15","date_gmt":"2025-03-24T10:49:15","guid":{"rendered":"https:\/\/insideamateurfussball-ffm.de\/?p=24534"},"modified":"2025-03-24T11:52:40","modified_gmt":"2025-03-24T10:52:40","slug":"fechenheim-weiter-im-torrausch","status":"publish","type":"post","link":"https:\/\/insideamateurfussball-ffm.de\/?p=24534","title":{"rendered":"Fechenheim weiter im Torrausch"},"content":{"rendered":"<h4>Mit 7:2 war die Spvgg. 03 Fechenheim beim Abstiegskandidaten 1.FC-TSG K\u00f6nigstein erfolgreich, damit erzielten die Frankfurter in diesem Jahr in ihren 4 Spielen bereits 27 Tore und liegen auf Platz 3 in Lauerstellung.<\/h4>\n<figure id=\"attachment_22818\" aria-describedby=\"caption-attachment-22818\" style=\"width: 2016px\" class=\"wp-caption alignnone\"><img loading=\"lazy\" decoding=\"async\" class=\"wp-image-22818 size-full\" src=\"http:\/\/insideamateurfussball-ffm.de\/wp-content\/uploads\/2024\/11\/tuerkguecuefechenheim01.jpg\" alt=\"\" width=\"2016\" height=\"1512\" srcset=\"https:\/\/insideamateurfussball-ffm.de\/wp-content\/uploads\/2024\/11\/tuerkguecuefechenheim01.jpg 2016w, https:\/\/insideamateurfussball-ffm.de\/wp-content\/uploads\/2024\/11\/tuerkguecuefechenheim01-300x225.jpg 300w, https:\/\/insideamateurfussball-ffm.de\/wp-content\/uploads\/2024\/11\/tuerkguecuefechenheim01-1024x768.jpg 1024w, https:\/\/insideamateurfussball-ffm.de\/wp-content\/uploads\/2024\/11\/tuerkguecuefechenheim01-768x576.jpg 768w, https:\/\/insideamateurfussball-ffm.de\/wp-content\/uploads\/2024\/11\/tuerkguecuefechenheim01-1536x1152.jpg 1536w\" sizes=\"auto, (max-width: 2016px) 100vw, 2016px\" \/><figcaption id=\"caption-attachment-22818\" class=\"wp-caption-text\">Yassin Chaouki (Nr. 19), war erneut zweimal erfolgreich und hat jetzt bereits 22 Saisontore. Foto;: Archiv MZ<\/figcaption><\/figure>\n<h4>1.FC-TSG K\u00f6nigstein &#8211; Spvgg. 03 Fechenheim 2:7 (1:4)<\/h4>\n<p><img loading=\"lazy\" decoding=\"async\" class=\"alignnone size-full wp-image-1396\" src=\"http:\/\/insideamateurfussball-ffm.de\/wp-content\/uploads\/2022\/07\/koenigstein.png\" alt=\"\" width=\"80\" height=\"72\" \/><img loading=\"lazy\" decoding=\"async\" class=\"alignnone size-full wp-image-603\" src=\"http:\/\/insideamateurfussball-ffm.de\/wp-content\/uploads\/2022\/06\/Fech03.jpg\" alt=\"\" width=\"52\" height=\"80\" \/><\/p>\n<p>Die Spvgg.03 Fechenheim geht in der Gruppenliga weiter auf Torejagd und erzielte in ihren 4 Spielen nach der Winterpause bereits 27 Tore, Opfer an diesem Sonntag war der Tabellenvorletzte 1.FC-TSG K\u00f6nigstein, der als Gastgeber 7 Tore von den Fechenheimern eingeschenkt bekam. Dabei sprach Fechenheims Trainer Piradeep Siva Anandan nachher von einem nicht so guten Spiel seiner Mannschaft: \u201ewir haben es im eigenen Ballbesitz diesmal nicht so gut wie in den letzten Spielen gemacht, haben aber die Fehler vom Gegner konsequent bestraft.\u201c<\/p>\n<p>Schon vor der Pause war mit dem 4:1 bereits die Vorentscheidung gefallen gegen einen Gegner der sich nach den Worten von Trainer Anandan \u201enie aufgegeben hat\u201c. Nach dem 1:0 der G\u00e4ste durch Metehan Karakus in der 10.Minute konnten die Gastgeber sogar in der der 23.Minute durch Tim Hilgers ausgleichen, doch Yassin Chaouki mit zwei Toren in der 26.Minute zum 2:1 in der 26.Minute und zum 4:1 in der 42.Minute sowie Ouassim Ouass mit seinem Treffer zum 3:1 in der 36.Minute machten bereits zur Pause alles klar. Chaouki kommt damit in 24 Spielen auf 22 Tore, eine beachtliche Leistung und Platz 2 in der Torj\u00e4gerliste.<\/p>\n<p>Auch in der zweiten Halbzeit fielen die Tore f\u00fcr die G\u00e4ste aus Fechenheim wie die reifen Fr\u00fcchte, Roberto Martins Pereira (5:1, 54.Minute), Kaleab Eyassu (6:2, 71.Minute) und Ouassim Ouass (7:2, 83.Minute) schossen die weiteren Treffer, auch den Gegentreffer zum 2:5 in der 65.Minute schoss mit Ayman Azarioh ein Fechenheimer ins eigene Tor. Am n\u00e4chsten Wochenende m\u00fcssen die Fechenheimer erneut reisen, gegen den FC Kaichen geht es wieder gegen einen Gegner aus der aus dem unteren Tabellendrittel, eine Gelegenheit, den zwei F\u00fchrenden in der Tabelle aus Kalbach und Karben weiterhin auf den Fersen zu bleiben.<\/p>\n<h4>Schiedsrichter: Julius Schenk (SG Modau). Zuschauer: 30.<\/h4>\n<h4>Tore: 0:1 Metehan Karakus (10.), 1:1 Tim Hilgers (23.), 1:2 Yassin Chaouki (26.), 1:3 Ouassim Ouass (36.), 1:4 Yassin Chaouki (42.), 1:5 Roberto Martins Pereira (54.), 2:5 Ayman Azarioh (65., Eigentor), 2:6 Kaleab Eyassu (71.), 2:7 Ouassim Ouass (83.)<\/h4>\n","protected":false},"excerpt":{"rendered":"<p>Mit 7:2 war die Spvgg. 03 Fechenheim beim Abstiegskandidaten 1.FC-TSG K\u00f6nigstein erfolgreich, damit erzielten die Frankfurter in diesem Jahr in ihren 4 Spielen bereits 27 Tore und liegen auf Platz 3 in Lauerstellung. 1.FC-TSG K\u00f6nigstein &#8211; Spvgg. 03 Fechenheim 2:7 (1:4) Die Spvgg.03 Fechenheim geht in der Gruppenliga weiter auf Torejagd und erzielte in ihren [&hellip;]<\/p>\n","protected":false},"author":3,"featured_media":22818,"comment_status":"closed","ping_status":"open","sticky":true,"template":"","format":"standard","meta":{"footnotes":""},"categories":[13],"tags":[],"class_list":["post-24534","post","type-post","status-publish","format-standard","has-post-thumbnail","hentry","category-gruppenliga-frankfurt-west"],"_links":{"self":[{"href":"https:\/\/insideamateurfussball-ffm.de\/index.php?rest_route=\/wp\/v2\/posts\/24534","targetHints":{"allow":["GET"]}}],"collection":[{"href":"https:\/\/insideamateurfussball-ffm.de\/index.php?rest_route=\/wp\/v2\/posts"}],"about":[{"href":"https:\/\/insideamateurfussball-ffm.de\/index.php?rest_route=\/wp\/v2\/types\/post"}],"author":[{"embeddable":true,"href":"https:\/\/insideamateurfussball-ffm.de\/index.php?rest_route=\/wp\/v2\/users\/3"}],"replies":[{"embeddable":true,"href":"https:\/\/insideamateurfussball-ffm.de\/index.php?rest_route=%2Fwp%2Fv2%2Fcomments&post=24534"}],"version-history":[{"count":2,"href":"https:\/\/insideamateurfussball-ffm.de\/index.php?rest_route=\/wp\/v2\/posts\/24534\/revisions"}],"predecessor-version":[{"id":24536,"href":"https:\/\/insideamateurfussball-ffm.de\/index.php?rest_route=\/wp\/v2\/posts\/24534\/revisions\/24536"}],"wp:featuredmedia":[{"embeddable":true,"href":"https:\/\/insideamateurfussball-ffm.de\/index.php?rest_route=\/wp\/v2\/media\/22818"}],"wp:attachment":[{"href":"https:\/\/insideamateurfussball-ffm.de\/index.php?rest_route=%2Fwp%2Fv2%2Fmedia&parent=24534"}],"wp:term":[{"taxonomy":"category","embeddable":true,"href":"https:\/\/insideamateurfussball-ffm.de\/index.php?rest_route=%2Fwp%2Fv2%2Fcategories&post=24534"},{"taxonomy":"post_tag","embeddable":true,"href":"https:\/\/insideamateurfussball-ffm.de\/index.php?rest_route=%2Fwp%2Fv2%2Ftags&post=24534"}],"curies":[{"name":"wp","href":"https:\/\/api.w.org\/{rel}","templated":true}]}}