{"id":24490,"date":"2025-03-24T10:34:39","date_gmt":"2025-03-24T09:34:39","guid":{"rendered":"https:\/\/insideamateurfussball-ffm.de\/?p=24490"},"modified":"2025-03-24T10:34:39","modified_gmt":"2025-03-24T09:34:39","slug":"bornheimer-ko-in-8-minuten","status":"publish","type":"post","link":"https:\/\/insideamateurfussball-ffm.de\/?p=24490","title":{"rendered":"Bornheimer KO in 8 Minuten"},"content":{"rendered":"<h4>Die SG Bornheim unterlag dem Tabellendritten Spfrd. Seligenstadt klar mit 2:6, nach torloser erster Halbzeit zogen die G\u00e4ste innerhalb von 8 Minuten vorentscheidend auf 3:0 davon und bleiben in der Spitzengruppe der Verbandsliga S\u00fcd.<\/h4>\n<figure id=\"attachment_24508\" aria-describedby=\"caption-attachment-24508\" style=\"width: 2560px\" class=\"wp-caption alignnone\"><img loading=\"lazy\" decoding=\"async\" class=\"wp-image-24508 size-full\" src=\"http:\/\/insideamateurfussball-ffm.de\/wp-content\/uploads\/2025\/03\/SGB-SpfrSeligenstadt_250323-331-scaled.jpg\" alt=\"\" width=\"2560\" height=\"1707\" srcset=\"https:\/\/insideamateurfussball-ffm.de\/wp-content\/uploads\/2025\/03\/SGB-SpfrSeligenstadt_250323-331-scaled.jpg 2560w, https:\/\/insideamateurfussball-ffm.de\/wp-content\/uploads\/2025\/03\/SGB-SpfrSeligenstadt_250323-331-300x200.jpg 300w, https:\/\/insideamateurfussball-ffm.de\/wp-content\/uploads\/2025\/03\/SGB-SpfrSeligenstadt_250323-331-1024x683.jpg 1024w, https:\/\/insideamateurfussball-ffm.de\/wp-content\/uploads\/2025\/03\/SGB-SpfrSeligenstadt_250323-331-768x512.jpg 768w, https:\/\/insideamateurfussball-ffm.de\/wp-content\/uploads\/2025\/03\/SGB-SpfrSeligenstadt_250323-331-1536x1024.jpg 1536w, https:\/\/insideamateurfussball-ffm.de\/wp-content\/uploads\/2025\/03\/SGB-SpfrSeligenstadt_250323-331-2048x1365.jpg 2048w\" sizes=\"auto, (max-width: 2560px) 100vw, 2560px\" \/><figcaption id=\"caption-attachment-24508\" class=\"wp-caption-text\">Die Abwehr der Spfrd. Seligenstadt stand sicher. Foto: Andre Sturmeit<\/figcaption><\/figure>\n<h4>SG Bornheim &#8211; Spfrd. Seligenstadt 2:6 (0:0)<\/h4>\n<p><img loading=\"lazy\" decoding=\"async\" class=\"alignnone size-full wp-image-119\" src=\"http:\/\/insideamateurfussball-ffm.de\/wp-content\/uploads\/2022\/05\/Bornheim.jpg\" alt=\"\" width=\"80\" height=\"80\" \/><img loading=\"lazy\" decoding=\"async\" class=\"alignnone size-full wp-image-2324\" src=\"http:\/\/insideamateurfussball-ffm.de\/wp-content\/uploads\/2022\/08\/Seligen.jpg\" alt=\"\" width=\"72\" height=\"80\" \/><\/p>\n<p>Die SG Bornheim empfing bei fr\u00fchlingshaften Temperaturen den Tabellendritten aus Seligenstadt, und die erste H\u00e4lfte verlief auf Augenh\u00f6he, beide Mannschaften hatten kleinere Torchancen, es blieb aber bis zum Pausenpfiff torlos, wobei die Gastgeber bereits zweimal verletzungsbedingt auswechseln mussten, es erwischte Ben Schwarz und Germain Luc Amoa. Am Anfang der zweiten H\u00e4lfte verschliefen die Bornheimer 8 Minuten, zwischen der 48. und der 55. Minute zogen die G\u00e4srte aus Seligenstadt vorentscheidend auf 3:0 davon, Robin Weber (48.), Johannes Rex (54.) und Marvin Heinz (55.) waren nach individuellen Fehlern der Gastgeber die Torsch\u00fctzen.<\/p>\n<p>Zwar brachte der gerade eingewechselte Jannis Schwarz Bornheim in der 61.Minute auf 1:3 heran, doch nur eine Minute sp\u00e4ter erh\u00f6hte erneut Robin Weber auf 4:1, dem Lukas Knell bereits in der 64.Minute das 2:4 folgen lie\u00df. Die Gastgeber versuchten jetzt alles und erspielten sich auch einige Torchancen, doch durch zwei Kontertore in den letzten Minuten erh\u00f6hten Philipp Traut (86.) und Marvin Heinz (90.+3) f\u00fcr Seligenstadt auf 6:2. Bornheims Trainer Maik Rudolf nach dem Spiel: \u201edas Ergebnis gibt den Spielverlauf nicht so richtig wieder, der Sieg von Seligenstadt war etwas zu hoch. Die 8 Minuten nach der Pause waren entscheidend und es reicht nicht, 82 gute Minuten zu spielen. Wir m\u00fcssen daran wachsen und m\u00fcssen versuchen, jeden m\u00f6glichen Punkt zu ergattern.\u201c<\/p>\n<p>Die Bornheimer bleiben mit 29 Punkten auf Platz 13 der Tabelle, der Vorsprung auf den derzeitigen Relegationsplatz schrumpfte allerdings auf 5 Punkte. Am n\u00e4chsten Wochenende geht es zum Spitzenreiter, dem SV Hummetroth.<\/p>\n<h4>Schiedsrichter: Boris Reisert (TG Ober-Roden). Zuschauer: 150.<\/h4>\n<h4>Tore: 0:1 Robin Weber (48.), 0:2 Johannes Rex (54.), 0:3 Marvin Heinz (55.), 1:3 Jannis Schwarz (61.), 1:4 Robin Weber (62.), 2:4 Lukas Knell (64.), 2:5 Philipp Traut (86.), 2:6 Marvin Heinz (90.+3)<\/h4>\n<blockquote>\n<h4>Die Fotos stellte uns SG-Fotograf Andre Sturmeit zur verf\u00fcgung.<\/h4>\n<\/blockquote>\n\n\n<figure class=\"wp-block-image size-large\"><img loading=\"lazy\" decoding=\"async\" width=\"1024\" height=\"683\" src=\"http:\/\/insideamateurfussball-ffm.de\/wp-content\/uploads\/2025\/03\/SGB-SpfrSeligenstadt_250323-8-1024x683.jpg\" alt=\"\" class=\"wp-image-24492\" srcset=\"https:\/\/insideamateurfussball-ffm.de\/wp-content\/uploads\/2025\/03\/SGB-SpfrSeligenstadt_250323-8-1024x683.jpg 1024w, https:\/\/insideamateurfussball-ffm.de\/wp-content\/uploads\/2025\/03\/SGB-SpfrSeligenstadt_250323-8-300x200.jpg 300w, https:\/\/insideamateurfussball-ffm.de\/wp-content\/uploads\/2025\/03\/SGB-SpfrSeligenstadt_250323-8-768x512.jpg 768w, https:\/\/insideamateurfussball-ffm.de\/wp-content\/uploads\/2025\/03\/SGB-SpfrSeligenstadt_250323-8-1536x1024.jpg 1536w, https:\/\/insideamateurfussball-ffm.de\/wp-content\/uploads\/2025\/03\/SGB-SpfrSeligenstadt_250323-8-2048x1365.jpg 2048w\" sizes=\"auto, (max-width: 1024px) 100vw, 1024px\" \/><\/figure>\n\n\n\n<figure class=\"wp-block-image size-large\"><img loading=\"lazy\" decoding=\"async\" width=\"1024\" height=\"683\" src=\"http:\/\/insideamateurfussball-ffm.de\/wp-content\/uploads\/2025\/03\/SGB-SpfrSeligenstadt_250323-38-1024x683.jpg\" alt=\"\" class=\"wp-image-24495\" srcset=\"https:\/\/insideamateurfussball-ffm.de\/wp-content\/uploads\/2025\/03\/SGB-SpfrSeligenstadt_250323-38-1024x683.jpg 1024w, https:\/\/insideamateurfussball-ffm.de\/wp-content\/uploads\/2025\/03\/SGB-SpfrSeligenstadt_250323-38-300x200.jpg 300w, https:\/\/insideamateurfussball-ffm.de\/wp-content\/uploads\/2025\/03\/SGB-SpfrSeligenstadt_250323-38-768x512.jpg 768w, https:\/\/insideamateurfussball-ffm.de\/wp-content\/uploads\/2025\/03\/SGB-SpfrSeligenstadt_250323-38-1536x1024.jpg 1536w, https:\/\/insideamateurfussball-ffm.de\/wp-content\/uploads\/2025\/03\/SGB-SpfrSeligenstadt_250323-38-2048x1365.jpg 2048w\" sizes=\"auto, (max-width: 1024px) 100vw, 1024px\" \/><\/figure>\n\n\n\n<figure class=\"wp-block-image size-large\"><img loading=\"lazy\" decoding=\"async\" width=\"1024\" height=\"683\" src=\"http:\/\/insideamateurfussball-ffm.de\/wp-content\/uploads\/2025\/03\/SGB-SpfrSeligenstadt_250323-100-1024x683.jpg\" alt=\"\" class=\"wp-image-24496\" srcset=\"https:\/\/insideamateurfussball-ffm.de\/wp-content\/uploads\/2025\/03\/SGB-SpfrSeligenstadt_250323-100-1024x683.jpg 1024w, https:\/\/insideamateurfussball-ffm.de\/wp-content\/uploads\/2025\/03\/SGB-SpfrSeligenstadt_250323-100-300x200.jpg 300w, https:\/\/insideamateurfussball-ffm.de\/wp-content\/uploads\/2025\/03\/SGB-SpfrSeligenstadt_250323-100-768x512.jpg 768w, https:\/\/insideamateurfussball-ffm.de\/wp-content\/uploads\/2025\/03\/SGB-SpfrSeligenstadt_250323-100-1536x1024.jpg 1536w, https:\/\/insideamateurfussball-ffm.de\/wp-content\/uploads\/2025\/03\/SGB-SpfrSeligenstadt_250323-100-2048x1365.jpg 2048w\" sizes=\"auto, (max-width: 1024px) 100vw, 1024px\" \/><\/figure>\n\n\n\n<figure class=\"wp-block-image size-large\"><img loading=\"lazy\" decoding=\"async\" width=\"1024\" height=\"683\" src=\"http:\/\/insideamateurfussball-ffm.de\/wp-content\/uploads\/2025\/03\/SGB-SpfrSeligenstadt_250323-112-1024x683.jpg\" alt=\"\" class=\"wp-image-24497\" srcset=\"https:\/\/insideamateurfussball-ffm.de\/wp-content\/uploads\/2025\/03\/SGB-SpfrSeligenstadt_250323-112-1024x683.jpg 1024w, https:\/\/insideamateurfussball-ffm.de\/wp-content\/uploads\/2025\/03\/SGB-SpfrSeligenstadt_250323-112-300x200.jpg 300w, https:\/\/insideamateurfussball-ffm.de\/wp-content\/uploads\/2025\/03\/SGB-SpfrSeligenstadt_250323-112-768x512.jpg 768w, https:\/\/insideamateurfussball-ffm.de\/wp-content\/uploads\/2025\/03\/SGB-SpfrSeligenstadt_250323-112-1536x1024.jpg 1536w, https:\/\/insideamateurfussball-ffm.de\/wp-content\/uploads\/2025\/03\/SGB-SpfrSeligenstadt_250323-112-2048x1365.jpg 2048w\" sizes=\"auto, (max-width: 1024px) 100vw, 1024px\" \/><\/figure>\n\n\n\n<figure class=\"wp-block-image size-large\"><img loading=\"lazy\" decoding=\"async\" width=\"1024\" height=\"683\" src=\"http:\/\/insideamateurfussball-ffm.de\/wp-content\/uploads\/2025\/03\/SGB-SpfrSeligenstadt_250323-140-1024x683.jpg\" alt=\"\" class=\"wp-image-24499\" srcset=\"https:\/\/insideamateurfussball-ffm.de\/wp-content\/uploads\/2025\/03\/SGB-SpfrSeligenstadt_250323-140-1024x683.jpg 1024w, https:\/\/insideamateurfussball-ffm.de\/wp-content\/uploads\/2025\/03\/SGB-SpfrSeligenstadt_250323-140-300x200.jpg 300w, https:\/\/insideamateurfussball-ffm.de\/wp-content\/uploads\/2025\/03\/SGB-SpfrSeligenstadt_250323-140-768x512.jpg 768w, https:\/\/insideamateurfussball-ffm.de\/wp-content\/uploads\/2025\/03\/SGB-SpfrSeligenstadt_250323-140-1536x1024.jpg 1536w, https:\/\/insideamateurfussball-ffm.de\/wp-content\/uploads\/2025\/03\/SGB-SpfrSeligenstadt_250323-140-2048x1365.jpg 2048w\" sizes=\"auto, (max-width: 1024px) 100vw, 1024px\" \/><\/figure>\n\n\n\n<figure class=\"wp-block-image size-large\"><img loading=\"lazy\" decoding=\"async\" width=\"1024\" height=\"683\" src=\"http:\/\/insideamateurfussball-ffm.de\/wp-content\/uploads\/2025\/03\/SGB-SpfrSeligenstadt_250323-174-1024x683.jpg\" alt=\"\" class=\"wp-image-24501\" srcset=\"https:\/\/insideamateurfussball-ffm.de\/wp-content\/uploads\/2025\/03\/SGB-SpfrSeligenstadt_250323-174-1024x683.jpg 1024w, https:\/\/insideamateurfussball-ffm.de\/wp-content\/uploads\/2025\/03\/SGB-SpfrSeligenstadt_250323-174-300x200.jpg 300w, https:\/\/insideamateurfussball-ffm.de\/wp-content\/uploads\/2025\/03\/SGB-SpfrSeligenstadt_250323-174-768x512.jpg 768w, https:\/\/insideamateurfussball-ffm.de\/wp-content\/uploads\/2025\/03\/SGB-SpfrSeligenstadt_250323-174-1536x1024.jpg 1536w, https:\/\/insideamateurfussball-ffm.de\/wp-content\/uploads\/2025\/03\/SGB-SpfrSeligenstadt_250323-174-2048x1365.jpg 2048w\" sizes=\"auto, (max-width: 1024px) 100vw, 1024px\" \/><\/figure>\n\n\n\n<figure class=\"wp-block-image size-large\"><img loading=\"lazy\" decoding=\"async\" width=\"1024\" height=\"683\" src=\"http:\/\/insideamateurfussball-ffm.de\/wp-content\/uploads\/2025\/03\/SGB-SpfrSeligenstadt_250323-241-1024x683.jpg\" alt=\"\" class=\"wp-image-24502\" srcset=\"https:\/\/insideamateurfussball-ffm.de\/wp-content\/uploads\/2025\/03\/SGB-SpfrSeligenstadt_250323-241-1024x683.jpg 1024w, https:\/\/insideamateurfussball-ffm.de\/wp-content\/uploads\/2025\/03\/SGB-SpfrSeligenstadt_250323-241-300x200.jpg 300w, https:\/\/insideamateurfussball-ffm.de\/wp-content\/uploads\/2025\/03\/SGB-SpfrSeligenstadt_250323-241-768x512.jpg 768w, https:\/\/insideamateurfussball-ffm.de\/wp-content\/uploads\/2025\/03\/SGB-SpfrSeligenstadt_250323-241-1536x1024.jpg 1536w, https:\/\/insideamateurfussball-ffm.de\/wp-content\/uploads\/2025\/03\/SGB-SpfrSeligenstadt_250323-241-2048x1365.jpg 2048w\" sizes=\"auto, (max-width: 1024px) 100vw, 1024px\" \/><\/figure>\n\n\n\n<figure class=\"wp-block-image size-large\"><img loading=\"lazy\" decoding=\"async\" width=\"1024\" height=\"682\" src=\"http:\/\/insideamateurfussball-ffm.de\/wp-content\/uploads\/2025\/03\/SGB-SpfrSeligenstadt_250323-260-1024x682.jpg\" alt=\"\" class=\"wp-image-24503\" srcset=\"https:\/\/insideamateurfussball-ffm.de\/wp-content\/uploads\/2025\/03\/SGB-SpfrSeligenstadt_250323-260-1024x682.jpg 1024w, https:\/\/insideamateurfussball-ffm.de\/wp-content\/uploads\/2025\/03\/SGB-SpfrSeligenstadt_250323-260-300x200.jpg 300w, https:\/\/insideamateurfussball-ffm.de\/wp-content\/uploads\/2025\/03\/SGB-SpfrSeligenstadt_250323-260-768x512.jpg 768w, https:\/\/insideamateurfussball-ffm.de\/wp-content\/uploads\/2025\/03\/SGB-SpfrSeligenstadt_250323-260-1536x1024.jpg 1536w, https:\/\/insideamateurfussball-ffm.de\/wp-content\/uploads\/2025\/03\/SGB-SpfrSeligenstadt_250323-260-2048x1365.jpg 2048w\" sizes=\"auto, (max-width: 1024px) 100vw, 1024px\" \/><\/figure>\n\n\n\n<figure class=\"wp-block-image size-large\"><img loading=\"lazy\" decoding=\"async\" width=\"1024\" height=\"683\" src=\"http:\/\/insideamateurfussball-ffm.de\/wp-content\/uploads\/2025\/03\/SGB-SpfrSeligenstadt_250323-269-1024x683.jpg\" alt=\"\" class=\"wp-image-24504\" srcset=\"https:\/\/insideamateurfussball-ffm.de\/wp-content\/uploads\/2025\/03\/SGB-SpfrSeligenstadt_250323-269-1024x683.jpg 1024w, https:\/\/insideamateurfussball-ffm.de\/wp-content\/uploads\/2025\/03\/SGB-SpfrSeligenstadt_250323-269-300x200.jpg 300w, https:\/\/insideamateurfussball-ffm.de\/wp-content\/uploads\/2025\/03\/SGB-SpfrSeligenstadt_250323-269-768x512.jpg 768w, https:\/\/insideamateurfussball-ffm.de\/wp-content\/uploads\/2025\/03\/SGB-SpfrSeligenstadt_250323-269-1536x1024.jpg 1536w, https:\/\/insideamateurfussball-ffm.de\/wp-content\/uploads\/2025\/03\/SGB-SpfrSeligenstadt_250323-269-2048x1365.jpg 2048w\" sizes=\"auto, (max-width: 1024px) 100vw, 1024px\" \/><\/figure>\n\n\n\n<figure class=\"wp-block-image size-large\"><img loading=\"lazy\" decoding=\"async\" width=\"1024\" height=\"683\" src=\"http:\/\/insideamateurfussball-ffm.de\/wp-content\/uploads\/2025\/03\/SGB-SpfrSeligenstadt_250323-277-1024x683.jpg\" alt=\"\" class=\"wp-image-24505\" srcset=\"https:\/\/insideamateurfussball-ffm.de\/wp-content\/uploads\/2025\/03\/SGB-SpfrSeligenstadt_250323-277-1024x683.jpg 1024w, https:\/\/insideamateurfussball-ffm.de\/wp-content\/uploads\/2025\/03\/SGB-SpfrSeligenstadt_250323-277-300x200.jpg 300w, https:\/\/insideamateurfussball-ffm.de\/wp-content\/uploads\/2025\/03\/SGB-SpfrSeligenstadt_250323-277-768x512.jpg 768w, https:\/\/insideamateurfussball-ffm.de\/wp-content\/uploads\/2025\/03\/SGB-SpfrSeligenstadt_250323-277-1536x1024.jpg 1536w, https:\/\/insideamateurfussball-ffm.de\/wp-content\/uploads\/2025\/03\/SGB-SpfrSeligenstadt_250323-277-2048x1366.jpg 2048w\" sizes=\"auto, (max-width: 1024px) 100vw, 1024px\" \/><\/figure>\n\n\n\n<figure class=\"wp-block-image size-large\"><img loading=\"lazy\" decoding=\"async\" width=\"1024\" height=\"683\" src=\"http:\/\/insideamateurfussball-ffm.de\/wp-content\/uploads\/2025\/03\/SGB-SpfrSeligenstadt_250323-361-1024x683.jpg\" alt=\"\" class=\"wp-image-24512\" srcset=\"https:\/\/insideamateurfussball-ffm.de\/wp-content\/uploads\/2025\/03\/SGB-SpfrSeligenstadt_250323-361-1024x683.jpg 1024w, https:\/\/insideamateurfussball-ffm.de\/wp-content\/uploads\/2025\/03\/SGB-SpfrSeligenstadt_250323-361-300x200.jpg 300w, https:\/\/insideamateurfussball-ffm.de\/wp-content\/uploads\/2025\/03\/SGB-SpfrSeligenstadt_250323-361-768x512.jpg 768w, https:\/\/insideamateurfussball-ffm.de\/wp-content\/uploads\/2025\/03\/SGB-SpfrSeligenstadt_250323-361-1536x1024.jpg 1536w, https:\/\/insideamateurfussball-ffm.de\/wp-content\/uploads\/2025\/03\/SGB-SpfrSeligenstadt_250323-361-2048x1365.jpg 2048w\" sizes=\"auto, (max-width: 1024px) 100vw, 1024px\" \/><\/figure>\n\n\n\n<figure class=\"wp-block-image size-large\"><img loading=\"lazy\" decoding=\"async\" width=\"1024\" height=\"683\" src=\"http:\/\/insideamateurfussball-ffm.de\/wp-content\/uploads\/2025\/03\/SGB-SpfrSeligenstadt_250323-386-1024x683.jpg\" alt=\"\" class=\"wp-image-24513\" srcset=\"https:\/\/insideamateurfussball-ffm.de\/wp-content\/uploads\/2025\/03\/SGB-SpfrSeligenstadt_250323-386-1024x683.jpg 1024w, https:\/\/insideamateurfussball-ffm.de\/wp-content\/uploads\/2025\/03\/SGB-SpfrSeligenstadt_250323-386-300x200.jpg 300w, https:\/\/insideamateurfussball-ffm.de\/wp-content\/uploads\/2025\/03\/SGB-SpfrSeligenstadt_250323-386-768x512.jpg 768w, https:\/\/insideamateurfussball-ffm.de\/wp-content\/uploads\/2025\/03\/SGB-SpfrSeligenstadt_250323-386-1536x1024.jpg 1536w, https:\/\/insideamateurfussball-ffm.de\/wp-content\/uploads\/2025\/03\/SGB-SpfrSeligenstadt_250323-386-2048x1365.jpg 2048w\" sizes=\"auto, (max-width: 1024px) 100vw, 1024px\" \/><\/figure>\n\n\n\n<figure class=\"wp-block-image size-large\"><img loading=\"lazy\" decoding=\"async\" width=\"1024\" height=\"683\" src=\"http:\/\/insideamateurfussball-ffm.de\/wp-content\/uploads\/2025\/03\/SGB-SpfrSeligenstadt_250323-403-1024x683.jpg\" alt=\"\" class=\"wp-image-24515\" srcset=\"https:\/\/insideamateurfussball-ffm.de\/wp-content\/uploads\/2025\/03\/SGB-SpfrSeligenstadt_250323-403-1024x683.jpg 1024w, https:\/\/insideamateurfussball-ffm.de\/wp-content\/uploads\/2025\/03\/SGB-SpfrSeligenstadt_250323-403-300x200.jpg 300w, https:\/\/insideamateurfussball-ffm.de\/wp-content\/uploads\/2025\/03\/SGB-SpfrSeligenstadt_250323-403-768x512.jpg 768w, https:\/\/insideamateurfussball-ffm.de\/wp-content\/uploads\/2025\/03\/SGB-SpfrSeligenstadt_250323-403-1536x1024.jpg 1536w, https:\/\/insideamateurfussball-ffm.de\/wp-content\/uploads\/2025\/03\/SGB-SpfrSeligenstadt_250323-403-2048x1365.jpg 2048w\" sizes=\"auto, (max-width: 1024px) 100vw, 1024px\" \/><\/figure>\n\n\n\n<figure class=\"wp-block-image size-large\"><img loading=\"lazy\" decoding=\"async\" width=\"1024\" height=\"683\" src=\"http:\/\/insideamateurfussball-ffm.de\/wp-content\/uploads\/2025\/03\/SGB-SpfrSeligenstadt_250323-516-1024x683.jpg\" alt=\"\" class=\"wp-image-24517\" srcset=\"https:\/\/insideamateurfussball-ffm.de\/wp-content\/uploads\/2025\/03\/SGB-SpfrSeligenstadt_250323-516-1024x683.jpg 1024w, https:\/\/insideamateurfussball-ffm.de\/wp-content\/uploads\/2025\/03\/SGB-SpfrSeligenstadt_250323-516-300x200.jpg 300w, https:\/\/insideamateurfussball-ffm.de\/wp-content\/uploads\/2025\/03\/SGB-SpfrSeligenstadt_250323-516-768x512.jpg 768w, https:\/\/insideamateurfussball-ffm.de\/wp-content\/uploads\/2025\/03\/SGB-SpfrSeligenstadt_250323-516-1536x1024.jpg 1536w, https:\/\/insideamateurfussball-ffm.de\/wp-content\/uploads\/2025\/03\/SGB-SpfrSeligenstadt_250323-516-2048x1365.jpg 2048w\" sizes=\"auto, (max-width: 1024px) 100vw, 1024px\" \/><\/figure>\n\n\n\n<figure class=\"wp-block-image size-large\"><img loading=\"lazy\" decoding=\"async\" width=\"1024\" height=\"687\" src=\"http:\/\/insideamateurfussball-ffm.de\/wp-content\/uploads\/2025\/03\/SGB-SpfrSeligenstadt_250323-536-1024x687.jpg\" alt=\"\" class=\"wp-image-24519\" srcset=\"https:\/\/insideamateurfussball-ffm.de\/wp-content\/uploads\/2025\/03\/SGB-SpfrSeligenstadt_250323-536-1024x687.jpg 1024w, https:\/\/insideamateurfussball-ffm.de\/wp-content\/uploads\/2025\/03\/SGB-SpfrSeligenstadt_250323-536-300x201.jpg 300w, https:\/\/insideamateurfussball-ffm.de\/wp-content\/uploads\/2025\/03\/SGB-SpfrSeligenstadt_250323-536-768x515.jpg 768w, https:\/\/insideamateurfussball-ffm.de\/wp-content\/uploads\/2025\/03\/SGB-SpfrSeligenstadt_250323-536-1536x1031.jpg 1536w, https:\/\/insideamateurfussball-ffm.de\/wp-content\/uploads\/2025\/03\/SGB-SpfrSeligenstadt_250323-536-2048x1374.jpg 2048w\" sizes=\"auto, (max-width: 1024px) 100vw, 1024px\" \/><\/figure>\n\n\n\n<figure class=\"wp-block-image size-large\"><img loading=\"lazy\" decoding=\"async\" width=\"1024\" height=\"678\" src=\"http:\/\/insideamateurfussball-ffm.de\/wp-content\/uploads\/2025\/03\/SGB-SpfrSeligenstadt_250323-544-1024x678.jpg\" alt=\"\" class=\"wp-image-24520\" srcset=\"https:\/\/insideamateurfussball-ffm.de\/wp-content\/uploads\/2025\/03\/SGB-SpfrSeligenstadt_250323-544-1024x678.jpg 1024w, https:\/\/insideamateurfussball-ffm.de\/wp-content\/uploads\/2025\/03\/SGB-SpfrSeligenstadt_250323-544-300x199.jpg 300w, https:\/\/insideamateurfussball-ffm.de\/wp-content\/uploads\/2025\/03\/SGB-SpfrSeligenstadt_250323-544-768x509.jpg 768w, https:\/\/insideamateurfussball-ffm.de\/wp-content\/uploads\/2025\/03\/SGB-SpfrSeligenstadt_250323-544-1536x1018.jpg 1536w, https:\/\/insideamateurfussball-ffm.de\/wp-content\/uploads\/2025\/03\/SGB-SpfrSeligenstadt_250323-544-2048x1357.jpg 2048w\" sizes=\"auto, (max-width: 1024px) 100vw, 1024px\" \/><\/figure>\n\n\n\n<figure class=\"wp-block-image size-large\"><img loading=\"lazy\" decoding=\"async\" width=\"1024\" height=\"683\" src=\"http:\/\/insideamateurfussball-ffm.de\/wp-content\/uploads\/2025\/03\/SGB-SpfrSeligenstadt_250323-615-1024x683.jpg\" alt=\"\" class=\"wp-image-24523\" srcset=\"https:\/\/insideamateurfussball-ffm.de\/wp-content\/uploads\/2025\/03\/SGB-SpfrSeligenstadt_250323-615-1024x683.jpg 1024w, https:\/\/insideamateurfussball-ffm.de\/wp-content\/uploads\/2025\/03\/SGB-SpfrSeligenstadt_250323-615-300x200.jpg 300w, https:\/\/insideamateurfussball-ffm.de\/wp-content\/uploads\/2025\/03\/SGB-SpfrSeligenstadt_250323-615-768x512.jpg 768w, https:\/\/insideamateurfussball-ffm.de\/wp-content\/uploads\/2025\/03\/SGB-SpfrSeligenstadt_250323-615-1536x1024.jpg 1536w, https:\/\/insideamateurfussball-ffm.de\/wp-content\/uploads\/2025\/03\/SGB-SpfrSeligenstadt_250323-615-2048x1365.jpg 2048w\" sizes=\"auto, (max-width: 1024px) 100vw, 1024px\" \/><\/figure>\n\n\n\n<figure class=\"wp-block-image size-large\"><img loading=\"lazy\" decoding=\"async\" width=\"1024\" height=\"683\" src=\"http:\/\/insideamateurfussball-ffm.de\/wp-content\/uploads\/2025\/03\/SGB-SpfrSeligenstadt_250323-627-1024x683.jpg\" alt=\"\" class=\"wp-image-24524\" srcset=\"https:\/\/insideamateurfussball-ffm.de\/wp-content\/uploads\/2025\/03\/SGB-SpfrSeligenstadt_250323-627-1024x683.jpg 1024w, https:\/\/insideamateurfussball-ffm.de\/wp-content\/uploads\/2025\/03\/SGB-SpfrSeligenstadt_250323-627-300x200.jpg 300w, https:\/\/insideamateurfussball-ffm.de\/wp-content\/uploads\/2025\/03\/SGB-SpfrSeligenstadt_250323-627-768x512.jpg 768w, https:\/\/insideamateurfussball-ffm.de\/wp-content\/uploads\/2025\/03\/SGB-SpfrSeligenstadt_250323-627-1536x1024.jpg 1536w, https:\/\/insideamateurfussball-ffm.de\/wp-content\/uploads\/2025\/03\/SGB-SpfrSeligenstadt_250323-627-2048x1365.jpg 2048w\" sizes=\"auto, (max-width: 1024px) 100vw, 1024px\" \/><\/figure>\n\n\n\n<figure class=\"wp-block-image size-large\"><img loading=\"lazy\" decoding=\"async\" width=\"1024\" height=\"683\" src=\"http:\/\/insideamateurfussball-ffm.de\/wp-content\/uploads\/2025\/03\/SGB-SpfrSeligenstadt_250323-691-1024x683.jpg\" alt=\"\" class=\"wp-image-24527\" srcset=\"https:\/\/insideamateurfussball-ffm.de\/wp-content\/uploads\/2025\/03\/SGB-SpfrSeligenstadt_250323-691-1024x683.jpg 1024w, https:\/\/insideamateurfussball-ffm.de\/wp-content\/uploads\/2025\/03\/SGB-SpfrSeligenstadt_250323-691-300x200.jpg 300w, https:\/\/insideamateurfussball-ffm.de\/wp-content\/uploads\/2025\/03\/SGB-SpfrSeligenstadt_250323-691-768x512.jpg 768w, https:\/\/insideamateurfussball-ffm.de\/wp-content\/uploads\/2025\/03\/SGB-SpfrSeligenstadt_250323-691-1536x1024.jpg 1536w, https:\/\/insideamateurfussball-ffm.de\/wp-content\/uploads\/2025\/03\/SGB-SpfrSeligenstadt_250323-691-2048x1365.jpg 2048w\" sizes=\"auto, (max-width: 1024px) 100vw, 1024px\" \/><\/figure>\n","protected":false},"excerpt":{"rendered":"<p>Die SG Bornheim unterlag dem Tabellendritten Spfrd. Seligenstadt klar mit 2:6, nach torloser erster Halbzeit zogen die G\u00e4ste innerhalb von 8 Minuten vorentscheidend auf 3:0 davon und bleiben in der Spitzengruppe der Verbandsliga S\u00fcd. SG Bornheim &#8211; Spfrd. Seligenstadt 2:6 (0:0) Die SG Bornheim empfing bei fr\u00fchlingshaften Temperaturen den Tabellendritten aus Seligenstadt, und die erste [&hellip;]<\/p>\n","protected":false},"author":3,"featured_media":24508,"comment_status":"closed","ping_status":"open","sticky":true,"template":"","format":"standard","meta":{"footnotes":""},"categories":[10],"tags":[],"class_list":["post-24490","post","type-post","status-publish","format-standard","has-post-thumbnail","hentry","category-verbandsliga-sued"],"_links":{"self":[{"href":"https:\/\/insideamateurfussball-ffm.de\/index.php?rest_route=\/wp\/v2\/posts\/24490","targetHints":{"allow":["GET"]}}],"collection":[{"href":"https:\/\/insideamateurfussball-ffm.de\/index.php?rest_route=\/wp\/v2\/posts"}],"about":[{"href":"https:\/\/insideamateurfussball-ffm.de\/index.php?rest_route=\/wp\/v2\/types\/post"}],"author":[{"embeddable":true,"href":"https:\/\/insideamateurfussball-ffm.de\/index.php?rest_route=\/wp\/v2\/users\/3"}],"replies":[{"embeddable":true,"href":"https:\/\/insideamateurfussball-ffm.de\/index.php?rest_route=%2Fwp%2Fv2%2Fcomments&post=24490"}],"version-history":[{"count":2,"href":"https:\/\/insideamateurfussball-ffm.de\/index.php?rest_route=\/wp\/v2\/posts\/24490\/revisions"}],"predecessor-version":[{"id":24529,"href":"https:\/\/insideamateurfussball-ffm.de\/index.php?rest_route=\/wp\/v2\/posts\/24490\/revisions\/24529"}],"wp:featuredmedia":[{"embeddable":true,"href":"https:\/\/insideamateurfussball-ffm.de\/index.php?rest_route=\/wp\/v2\/media\/24508"}],"wp:attachment":[{"href":"https:\/\/insideamateurfussball-ffm.de\/index.php?rest_route=%2Fwp%2Fv2%2Fmedia&parent=24490"}],"wp:term":[{"taxonomy":"category","embeddable":true,"href":"https:\/\/insideamateurfussball-ffm.de\/index.php?rest_route=%2Fwp%2Fv2%2Fcategories&post=24490"},{"taxonomy":"post_tag","embeddable":true,"href":"https:\/\/insideamateurfussball-ffm.de\/index.php?rest_route=%2Fwp%2Fv2%2Ftags&post=24490"}],"curies":[{"name":"wp","href":"https:\/\/api.w.org\/{rel}","templated":true}]}}