{"id":24471,"date":"2025-03-22T11:58:00","date_gmt":"2025-03-22T10:58:00","guid":{"rendered":"https:\/\/insideamateurfussball-ffm.de\/?p=24471"},"modified":"2025-03-23T20:50:47","modified_gmt":"2025-03-23T19:50:47","slug":"tempo-erzielt-doppelt-so-viele-tore-wie-tuerkguecue","status":"publish","type":"post","link":"https:\/\/insideamateurfussball-ffm.de\/?p=24471","title":{"rendered":"Tempo erzielt doppelt so viele Tore wie T\u00fcrkg\u00fcc\u00fc"},"content":{"rendered":"<h5><span style=\"font-size: 16px;\">Neun Tore bekamen die 144 Zuschauer im Freitagsspiel der Gruppenliga Frankfurt West zu sehen. Im Frankfurter Duell um den Klassenerhalt unterlag der TSKV T\u00fcrkg\u00fcc\u00fc gegen den FC Tempo am Ende deutlich mit 3:6 (2:1) und gab in der Nachspielzeit auch noch den direkten Vergleich ab.\u00a0<\/span><\/h5>\n<figure id=\"attachment_24472\" aria-describedby=\"caption-attachment-24472\" style=\"width: 150px\" class=\"wp-caption alignleft\"><img loading=\"lazy\" decoding=\"async\" class=\"wp-image-24472 size-thumbnail\" src=\"http:\/\/insideamateurfussball-ffm.de\/wp-content\/uploads\/2025\/03\/temp5-1-150x150.jpg\" alt=\"\" width=\"150\" height=\"150\" \/><figcaption id=\"caption-attachment-24472\" class=\"wp-caption-text\">Einlauf der beiden Teams. Foto: Mithat G\u00fcrser.<\/figcaption><\/figure>\n<h5><span style=\"font-size: 16px;\">TSKV T\u00fcrkg\u00fcc\u00fc &#8211; FC Tempo 3:6 (2:1)<\/span><\/h5>\n<p><img loading=\"lazy\" decoding=\"async\" class=\"alignnone size-full wp-image-17\" src=\"http:\/\/insideamateurfussball-ffm.de\/wp-content\/uploads\/2021\/11\/Tuerkguecue.jpg\" alt=\"\" width=\"72\" height=\"80\" \/><img loading=\"lazy\" decoding=\"async\" class=\"alignnone size-full wp-image-31\" src=\"http:\/\/insideamateurfussball-ffm.de\/wp-content\/uploads\/2021\/11\/Tempo.jpg\" alt=\"\" width=\"80\" height=\"80\" \/><\/p>\n<p><span style=\"font-size: 16px;\">Obwohl eines der vier Flutlichtmasten dunkel blieb, wurde angepfiffen. Voraussetzung daf\u00fcr war, dass die Lichter auf dem Soccer-Court hinter dem Tor anblieben. Im Spiel sah es in den ersten 45 Minuten nach einem Heimsieg des Aufsteigers auf dem Ausweichplatz am Rebstock aus. Die Gastgeber hatten das Spiel und den Gegner im Griff und gingen fr\u00fch durch den verwandelten Foulelfmeter von Fiorenzo Santoro in F\u00fchrung (8.). Nach einer Hereingabe von der linken Seite staubte Kapit\u00e4n Emre Kadimli zum 2:0 ab (32.). <\/span><\/p>\n<p><span style=\"font-size: 16px;\">Der Anschlusstreffer f\u00fcr Tempo durch St\u00fcrmer Goran Grijak in der Nachspielzeit der ersten Halbzeit markierte den Wendepunkt der Partie (45.\/+1). Zur Halbzeit musste Neuzugang Patrick G\u00fcrser mit einer Verletzung in der Kabine bleiben, fortan fehlte die ordnende Hand bei T\u00fcrkg\u00fcc\u00fc. F\u00fcr ihn kam Erol G\u00fcler, der Ersatzmann spielte eine andere\u00a0 Rolle als der Routinier. Und so kamen die G\u00e4ste pl\u00f6tzlich ins Spiel und zu ihren Toren. Eine Flanke von Nikola Radakovic landete zum Ausgleich im Tor (54.). Dann vollendete Filip Sucic eine Flanke von der rechten Seite zum 2:3 (65.).<\/span><\/p>\n<ul>\n<li><strong><span style=\"font-size: 16px;\">&#8222;Diese absolut unn\u00f6tige Niederlage liegt schwer im Magen, weil wir in der ersten Halbzeit klar besser waren.&#8220; (T\u00fcrkg\u00fcc\u00fc-Trainer Hakan Tekin)<\/span><\/strong><\/li>\n<\/ul>\n<p><span style=\"font-size: 16px;\">T\u00fcrkg\u00fcc\u00fc startete w\u00fctende Gegenangriffe meist \u00fcber den wendigen Santoro, die f\u00fcr Gefahr sorgten. Bemerkenswert, dass bei Tempo noch zwei ukrainische Fu\u00dfballer trafen: Mykhailo Okonskyi (80.) und Arsen Kryvobedryi (86.). Dazwischen hatte Murat Tiryaki f\u00fcr den Anschluss gesorgt (82.). In der langen Nachspielzeit fiel dann noch der zweite Treffer von Grijak (90.\/+6), der Tempo nach der 1:3-Niederlage im Hinspiel nun mit drei Punkten mehr und dem gewonnenen direkten Vergleich da stehen l\u00e4sst. T\u00fcrkg\u00fcc\u00fc-Trainer Hakan Tekin war restlos bedient: &#8222;Diese absolut unn\u00f6tige Niederlage liegt schwer im Magen, weil wir in der ersten Halbzeit klar besser waren. Durch die kleine Unachtsamkeit kurz vor der Halbzeit haben wir den Gegner wieder ins Spiel geholt.&#8220; Der Ausfall von G\u00fcrser sei auch ma\u00dfgebend gewesen, &#8222;trotzdem darf das meiner Mannschaft nicht passieren, dass wir so aus den Fugen geraten und in einer Halbzeit f\u00fcnf Tore kassieren. Das war eine desolate Vorstellung nach der Pause.&#8220; <\/span><\/p>\n<p><span style=\"font-size: 16px;\">Tempos Sportchef Zoran Marcetic sprach &#8222;von wichtigen Punkten, die nach Ginnheim gehen. Wir sind zur\u00fcck ins Spiel gekommen und haben nach der Pause guten Fu\u00dfball gespielt.&#8220; N\u00e4chsten Sonntag reist T\u00fcrkg\u00fcc\u00fc nach Seckbach (15.30 Uhr). Tempo spielt bereits am Donnerstag das vorgezogene Halbfinale im Kreispokal beim FC Kalbach (20 Uhr).\u00a0 <\/span><\/p>\n<ul>\n<li><span style=\"font-size: 16px;\"><strong>Schiedsrichter: Dimitris Sakavaras (FC Germania Weilbach). <\/strong><\/span><\/li>\n<li><span style=\"font-size: 16px;\"><strong>Zuschauer: 144. <\/strong><\/span><\/li>\n<li><span style=\"font-size: 16px;\"><strong>Tore: 1:0 Fiorenzo Santoro (8.\/Foulelfmeter), 2:0 Emre Kadimli (32.), 2:1 Goran Grijak (45.\/+1), 2:2 Nikola Dokovic (54.), 2:3 Filip Sucic (65.), 2:4 Mykhailo Okonskyi (80.), 3:4 Murat Tiryaki (82.), 3:5 Arsen Kryvobedryi (86.), 3:6 Goran Grijak (90.\/+6).\u00a0<\/strong><\/span><\/li>\n<li><span style=\"font-size: 16px;\"><strong>Bildergalerie: Vielen Dank an Mithat G\u00fcrser, den neuen &#8222;Hoffotografen&#8220; von T\u00fcrkg\u00fcc\u00fc! <\/strong>\u00a0<\/span><\/li>\n<\/ul>\n\n\n<figure class=\"wp-block-image size-full\"><img loading=\"lazy\" decoding=\"async\" width=\"827\" height=\"586\" src=\"https:\/\/insideamateurfussball-ffm.de\/wp-content\/uploads\/2025\/03\/temp10-1.jpg\" alt=\"\" class=\"wp-image-24473\" srcset=\"https:\/\/insideamateurfussball-ffm.de\/wp-content\/uploads\/2025\/03\/temp10-1.jpg 827w, https:\/\/insideamateurfussball-ffm.de\/wp-content\/uploads\/2025\/03\/temp10-1-300x213.jpg 300w, https:\/\/insideamateurfussball-ffm.de\/wp-content\/uploads\/2025\/03\/temp10-1-768x544.jpg 768w\" sizes=\"auto, (max-width: 827px) 100vw, 827px\" \/><\/figure>\n\n\n\n<figure class=\"wp-block-gallery has-nested-images columns-default is-cropped wp-block-gallery-1 is-layout-flex wp-block-gallery-is-layout-flex\">\n<figure class=\"wp-block-image size-large\"><img loading=\"lazy\" decoding=\"async\" width=\"867\" height=\"601\" data-id=\"24474\" src=\"https:\/\/insideamateurfussball-ffm.de\/wp-content\/uploads\/2025\/03\/temp2-1.jpg\" alt=\"\" class=\"wp-image-24474\" srcset=\"https:\/\/insideamateurfussball-ffm.de\/wp-content\/uploads\/2025\/03\/temp2-1.jpg 867w, https:\/\/insideamateurfussball-ffm.de\/wp-content\/uploads\/2025\/03\/temp2-1-300x208.jpg 300w, https:\/\/insideamateurfussball-ffm.de\/wp-content\/uploads\/2025\/03\/temp2-1-768x532.jpg 768w\" sizes=\"auto, (max-width: 867px) 100vw, 867px\" \/><\/figure>\n<\/figure>\n\n\n\n<figure class=\"wp-block-gallery has-nested-images columns-default is-cropped wp-block-gallery-2 is-layout-flex wp-block-gallery-is-layout-flex\">\n<figure class=\"wp-block-image size-large\"><img loading=\"lazy\" decoding=\"async\" width=\"827\" height=\"598\" data-id=\"24475\" src=\"https:\/\/insideamateurfussball-ffm.de\/wp-content\/uploads\/2025\/03\/temp7-3.jpg\" alt=\"\" class=\"wp-image-24475\" srcset=\"https:\/\/insideamateurfussball-ffm.de\/wp-content\/uploads\/2025\/03\/temp7-3.jpg 827w, https:\/\/insideamateurfussball-ffm.de\/wp-content\/uploads\/2025\/03\/temp7-3-300x217.jpg 300w, https:\/\/insideamateurfussball-ffm.de\/wp-content\/uploads\/2025\/03\/temp7-3-768x555.jpg 768w\" sizes=\"auto, (max-width: 827px) 100vw, 827px\" \/><\/figure>\n<\/figure>\n\n\n\n<figure class=\"wp-block-gallery has-nested-images columns-default is-cropped wp-block-gallery-3 is-layout-flex wp-block-gallery-is-layout-flex\">\n<figure class=\"wp-block-image size-large\"><img loading=\"lazy\" decoding=\"async\" width=\"827\" height=\"579\" data-id=\"24476\" src=\"https:\/\/insideamateurfussball-ffm.de\/wp-content\/uploads\/2025\/03\/temp12.jpg\" alt=\"\" class=\"wp-image-24476\" srcset=\"https:\/\/insideamateurfussball-ffm.de\/wp-content\/uploads\/2025\/03\/temp12.jpg 827w, https:\/\/insideamateurfussball-ffm.de\/wp-content\/uploads\/2025\/03\/temp12-300x210.jpg 300w, https:\/\/insideamateurfussball-ffm.de\/wp-content\/uploads\/2025\/03\/temp12-768x538.jpg 768w\" sizes=\"auto, (max-width: 827px) 100vw, 827px\" \/><\/figure>\n<\/figure>\n\n\n\n<figure class=\"wp-block-gallery has-nested-images columns-default is-cropped wp-block-gallery-4 is-layout-flex wp-block-gallery-is-layout-flex\">\n<figure class=\"wp-block-image size-large\"><img loading=\"lazy\" decoding=\"async\" width=\"827\" height=\"586\" data-id=\"24477\" src=\"https:\/\/insideamateurfussball-ffm.de\/wp-content\/uploads\/2025\/03\/temp4-1.jpg\" alt=\"\" class=\"wp-image-24477\" srcset=\"https:\/\/insideamateurfussball-ffm.de\/wp-content\/uploads\/2025\/03\/temp4-1.jpg 827w, https:\/\/insideamateurfussball-ffm.de\/wp-content\/uploads\/2025\/03\/temp4-1-300x213.jpg 300w, https:\/\/insideamateurfussball-ffm.de\/wp-content\/uploads\/2025\/03\/temp4-1-768x544.jpg 768w\" sizes=\"auto, (max-width: 827px) 100vw, 827px\" \/><\/figure>\n<\/figure>\n\n\n\n<figure class=\"wp-block-gallery has-nested-images columns-default is-cropped wp-block-gallery-5 is-layout-flex wp-block-gallery-is-layout-flex\">\n<figure class=\"wp-block-image size-large\"><img loading=\"lazy\" decoding=\"async\" width=\"827\" height=\"574\" data-id=\"24478\" src=\"https:\/\/insideamateurfussball-ffm.de\/wp-content\/uploads\/2025\/03\/temp9-1.jpg\" alt=\"\" class=\"wp-image-24478\" srcset=\"https:\/\/insideamateurfussball-ffm.de\/wp-content\/uploads\/2025\/03\/temp9-1.jpg 827w, https:\/\/insideamateurfussball-ffm.de\/wp-content\/uploads\/2025\/03\/temp9-1-300x208.jpg 300w, https:\/\/insideamateurfussball-ffm.de\/wp-content\/uploads\/2025\/03\/temp9-1-768x533.jpg 768w\" sizes=\"auto, (max-width: 827px) 100vw, 827px\" \/><\/figure>\n<\/figure>\n\n\n\n<figure class=\"wp-block-gallery has-nested-images columns-default is-cropped wp-block-gallery-6 is-layout-flex wp-block-gallery-is-layout-flex\">\n<figure class=\"wp-block-image size-large\"><img loading=\"lazy\" decoding=\"async\" width=\"827\" height=\"607\" data-id=\"24479\" src=\"https:\/\/insideamateurfussball-ffm.de\/wp-content\/uploads\/2025\/03\/temp1.jpg\" alt=\"\" class=\"wp-image-24479\" srcset=\"https:\/\/insideamateurfussball-ffm.de\/wp-content\/uploads\/2025\/03\/temp1.jpg 827w, https:\/\/insideamateurfussball-ffm.de\/wp-content\/uploads\/2025\/03\/temp1-300x220.jpg 300w, https:\/\/insideamateurfussball-ffm.de\/wp-content\/uploads\/2025\/03\/temp1-768x564.jpg 768w\" sizes=\"auto, (max-width: 827px) 100vw, 827px\" \/><\/figure>\n<\/figure>\n\n\n\n<figure class=\"wp-block-gallery has-nested-images columns-default is-cropped wp-block-gallery-7 is-layout-flex wp-block-gallery-is-layout-flex\">\n<figure class=\"wp-block-image size-large\"><img loading=\"lazy\" decoding=\"async\" width=\"827\" height=\"566\" data-id=\"24480\" src=\"https:\/\/insideamateurfussball-ffm.de\/wp-content\/uploads\/2025\/03\/temp6-3.jpg\" alt=\"\" class=\"wp-image-24480\" srcset=\"https:\/\/insideamateurfussball-ffm.de\/wp-content\/uploads\/2025\/03\/temp6-3.jpg 827w, https:\/\/insideamateurfussball-ffm.de\/wp-content\/uploads\/2025\/03\/temp6-3-300x205.jpg 300w, https:\/\/insideamateurfussball-ffm.de\/wp-content\/uploads\/2025\/03\/temp6-3-768x526.jpg 768w\" sizes=\"auto, (max-width: 827px) 100vw, 827px\" \/><\/figure>\n<\/figure>\n\n\n\n<figure class=\"wp-block-gallery has-nested-images columns-default is-cropped wp-block-gallery-8 is-layout-flex wp-block-gallery-is-layout-flex\">\n<figure class=\"wp-block-image size-large\"><img loading=\"lazy\" decoding=\"async\" width=\"827\" height=\"617\" data-id=\"24481\" src=\"https:\/\/insideamateurfussball-ffm.de\/wp-content\/uploads\/2025\/03\/temp11-1.jpg\" alt=\"\" class=\"wp-image-24481\" srcset=\"https:\/\/insideamateurfussball-ffm.de\/wp-content\/uploads\/2025\/03\/temp11-1.jpg 827w, https:\/\/insideamateurfussball-ffm.de\/wp-content\/uploads\/2025\/03\/temp11-1-300x224.jpg 300w, https:\/\/insideamateurfussball-ffm.de\/wp-content\/uploads\/2025\/03\/temp11-1-768x573.jpg 768w\" sizes=\"auto, (max-width: 827px) 100vw, 827px\" \/><\/figure>\n<\/figure>\n\n\n\n<figure class=\"wp-block-gallery has-nested-images columns-default is-cropped wp-block-gallery-9 is-layout-flex wp-block-gallery-is-layout-flex\">\n<figure class=\"wp-block-image size-large\"><img loading=\"lazy\" decoding=\"async\" width=\"827\" height=\"636\" data-id=\"24482\" src=\"https:\/\/insideamateurfussball-ffm.de\/wp-content\/uploads\/2025\/03\/temp3-1.jpg\" alt=\"\" class=\"wp-image-24482\" srcset=\"https:\/\/insideamateurfussball-ffm.de\/wp-content\/uploads\/2025\/03\/temp3-1.jpg 827w, https:\/\/insideamateurfussball-ffm.de\/wp-content\/uploads\/2025\/03\/temp3-1-300x231.jpg 300w, https:\/\/insideamateurfussball-ffm.de\/wp-content\/uploads\/2025\/03\/temp3-1-768x591.jpg 768w\" sizes=\"auto, (max-width: 827px) 100vw, 827px\" \/><\/figure>\n<\/figure>\n\n\n\n<figure class=\"wp-block-gallery has-nested-images columns-default is-cropped wp-block-gallery-10 is-layout-flex wp-block-gallery-is-layout-flex\">\n<figure class=\"wp-block-image size-large\"><img loading=\"lazy\" decoding=\"async\" width=\"827\" height=\"588\" data-id=\"24483\" src=\"https:\/\/insideamateurfussball-ffm.de\/wp-content\/uploads\/2025\/03\/temp8.jpg\" alt=\"\" class=\"wp-image-24483\" srcset=\"https:\/\/insideamateurfussball-ffm.de\/wp-content\/uploads\/2025\/03\/temp8.jpg 827w, https:\/\/insideamateurfussball-ffm.de\/wp-content\/uploads\/2025\/03\/temp8-300x213.jpg 300w, https:\/\/insideamateurfussball-ffm.de\/wp-content\/uploads\/2025\/03\/temp8-768x546.jpg 768w\" sizes=\"auto, (max-width: 827px) 100vw, 827px\" \/><\/figure>\n<\/figure>\n\n\n\n<figure class=\"wp-block-gallery has-nested-images columns-default is-cropped wp-block-gallery-11 is-layout-flex wp-block-gallery-is-layout-flex\">\n<figure class=\"wp-block-image size-large\"><img loading=\"lazy\" decoding=\"async\" width=\"827\" height=\"551\" data-id=\"24484\" src=\"https:\/\/insideamateurfussball-ffm.de\/wp-content\/uploads\/2025\/03\/temp13-1.jpg\" alt=\"\" class=\"wp-image-24484\" srcset=\"https:\/\/insideamateurfussball-ffm.de\/wp-content\/uploads\/2025\/03\/temp13-1.jpg 827w, https:\/\/insideamateurfussball-ffm.de\/wp-content\/uploads\/2025\/03\/temp13-1-300x200.jpg 300w, https:\/\/insideamateurfussball-ffm.de\/wp-content\/uploads\/2025\/03\/temp13-1-768x512.jpg 768w\" sizes=\"auto, (max-width: 827px) 100vw, 827px\" \/><\/figure>\n<\/figure>\n","protected":false},"excerpt":{"rendered":"<p>Neun Tore bekamen die 144 Zuschauer im Freitagsspiel der Gruppenliga Frankfurt West zu sehen. Im Frankfurter Duell um den Klassenerhalt unterlag der TSKV T\u00fcrkg\u00fcc\u00fc gegen den FC Tempo am Ende deutlich mit 3:6 (2:1) und gab in der Nachspielzeit auch noch den direkten Vergleich ab.\u00a0 TSKV T\u00fcrkg\u00fcc\u00fc &#8211; FC Tempo 3:6 (2:1) Obwohl eines der [&hellip;]<\/p>\n","protected":false},"author":1,"featured_media":24472,"comment_status":"closed","ping_status":"closed","sticky":true,"template":"","format":"standard","meta":{"footnotes":""},"categories":[13],"tags":[],"class_list":["post-24471","post","type-post","status-publish","format-standard","has-post-thumbnail","hentry","category-gruppenliga-frankfurt-west"],"_links":{"self":[{"href":"https:\/\/insideamateurfussball-ffm.de\/index.php?rest_route=\/wp\/v2\/posts\/24471","targetHints":{"allow":["GET"]}}],"collection":[{"href":"https:\/\/insideamateurfussball-ffm.de\/index.php?rest_route=\/wp\/v2\/posts"}],"about":[{"href":"https:\/\/insideamateurfussball-ffm.de\/index.php?rest_route=\/wp\/v2\/types\/post"}],"author":[{"embeddable":true,"href":"https:\/\/insideamateurfussball-ffm.de\/index.php?rest_route=\/wp\/v2\/users\/1"}],"replies":[{"embeddable":true,"href":"https:\/\/insideamateurfussball-ffm.de\/index.php?rest_route=%2Fwp%2Fv2%2Fcomments&post=24471"}],"version-history":[{"count":4,"href":"https:\/\/insideamateurfussball-ffm.de\/index.php?rest_route=\/wp\/v2\/posts\/24471\/revisions"}],"predecessor-version":[{"id":24489,"href":"https:\/\/insideamateurfussball-ffm.de\/index.php?rest_route=\/wp\/v2\/posts\/24471\/revisions\/24489"}],"wp:featuredmedia":[{"embeddable":true,"href":"https:\/\/insideamateurfussball-ffm.de\/index.php?rest_route=\/wp\/v2\/media\/24472"}],"wp:attachment":[{"href":"https:\/\/insideamateurfussball-ffm.de\/index.php?rest_route=%2Fwp%2Fv2%2Fmedia&parent=24471"}],"wp:term":[{"taxonomy":"category","embeddable":true,"href":"https:\/\/insideamateurfussball-ffm.de\/index.php?rest_route=%2Fwp%2Fv2%2Fcategories&post=24471"},{"taxonomy":"post_tag","embeddable":true,"href":"https:\/\/insideamateurfussball-ffm.de\/index.php?rest_route=%2Fwp%2Fv2%2Ftags&post=24471"}],"curies":[{"name":"wp","href":"https:\/\/api.w.org\/{rel}","templated":true}]}}