{"id":24459,"date":"2025-03-19T16:24:12","date_gmt":"2025-03-19T15:24:12","guid":{"rendered":"https:\/\/insideamateurfussball-ffm.de\/?p=24459"},"modified":"2025-03-19T16:24:12","modified_gmt":"2025-03-19T15:24:12","slug":"rafed-matmati-mann-des-tages-mit-vier-toren","status":"publish","type":"post","link":"https:\/\/insideamateurfussball-ffm.de\/?p=24459","title":{"rendered":"Rafed Matmati Mann des Tages mit vier Toren"},"content":{"rendered":"<h5><span style=\"font-size: 16px;\">Durch den 8:0 (4:0)-Heimsieg gegen den SC Goldstein II baute die Spvgg. 02 Griesheim II die Tabellenf\u00fchrung in der Fu\u00dfball-Kreisliga B Frankfurt (Gruppe 1) mit vier Punkten Vorsprung vor dem Verfolger SV Eritrea aus, der gegen die SG 28 mit 5:1 gewann. Nebenbei knackten die Sch\u00fctzlinge von Trainer Christian Kossack als erster Verein der B-Liga die Schallmauer von 100 Toren und stehen jetzt sogar schon bei 107 Treffern in 21 Partien. Das sind im Schnitt rund f\u00fcnf Tore pro Begegnung.<\/span><\/h5>\n<figure id=\"attachment_24460\" aria-describedby=\"caption-attachment-24460\" style=\"width: 150px\" class=\"wp-caption alignleft\"><img loading=\"lazy\" decoding=\"async\" class=\"wp-image-24460 size-thumbnail\" src=\"http:\/\/insideamateurfussball-ffm.de\/wp-content\/uploads\/2025\/03\/Rafed-III-150x150.jpg\" alt=\"\" width=\"150\" height=\"150\" \/><figcaption id=\"caption-attachment-24460\" class=\"wp-caption-text\">Torgef\u00e4hrlicher St\u00fcrmer: Griesheims Rafed Matmati (rechts). Foto: Archiv J\u00f6rg Schulz.\u00a0\u00a0<\/figcaption><\/figure>\n<h5><span style=\"font-size: 16px;\">Spvgg. 02 Griesheim II &#8211; SC Goldstein II 8:0 (4:0)<\/span><\/h5>\n<p><img loading=\"lazy\" decoding=\"async\" class=\"alignnone size-full wp-image-287\" src=\"http:\/\/insideamateurfussball-ffm.de\/wp-content\/uploads\/2022\/05\/SpVgg._02_Griesheim_02.jpg\" alt=\"\" width=\"100\" height=\"100\" \/><img loading=\"lazy\" decoding=\"async\" class=\"alignnone size-full wp-image-4341\" src=\"http:\/\/insideamateurfussball-ffm.de\/wp-content\/uploads\/2022\/12\/Goldstein.jpg\" alt=\"\" width=\"80\" height=\"80\" \/><\/p>\n<p><span style=\"font-size: 16px;\">&#8222;Der klare Sieg war auch die richtige Antwort auf die 2:4-Niederlage vor einer Woche bei der TSG Frankfurter Berg&#8220;, unterstreicht Kossack. Gerade im Hinblick auf das Spitzenspiel am 30. M\u00e4rz zu Hause gegen Eritrea sei der Dreier sehr wichtig gewesen. Die R\u00fcckkehr in die Kreisliga A, aus der die Reserve der Schleifer nach der Saison 2016\/17 abgestiegen war, wird immer mehr ins Visier genommen. Herausragender Akteur gegen die Goldsteiner Reserve war Rafed Matmati. Der 22-j\u00e4hrige St\u00fcrmer markierte vier Tore (3.\/35.\/60.\/62.). <\/span><\/p>\n<p><span style=\"font-size: 16px;\">Zudem trafen sein Bruder Ali Matmati (25.), Mark Kinder (40.) und Semir Ribic (55.\/75.). In der Regel geh\u00f6rt Rafed Matmati dem Kader der Ersten Mannschaft an, die an diesem Sonntag in der Kreisoberliga spielfrei war. Im Team von Trainer Dominic Machado kam der starke Rechtsfu\u00df in elf Partien zum Einsatz und erzielte drei Tore. Seit Sommer 2021 spielt Matmati bei den &#8222;Schleifern&#8220;. Sein Stammverein ist jedoch der BSC Schwarz-Wei\u00df 19. In der Jugend spielte der Fu\u00dfballer bei Rot-Weiss Frankfurt, von wo er nach Griesheim wechselte.<\/span><\/p>\n<ul>\n<li><strong><span style=\"font-size: 16px;\">&#8222;Das war eine Gesamtleistung der Mannschaft, die mich gut in Szene gesetzt hat&#8220; (Griesheims St\u00fcrmer Rafed Matmati)<\/span><\/strong><\/li>\n<\/ul>\n<p><span style=\"font-size: 16px;\"> Er verbrachte von 2018 bis 2020 aber auch jeweils eine Saison in den Nachwuchsleistungszentren des FSV Frankfurt und des SV Wehen Wiesbaden. &#8222;Ein kraftvoller Fu\u00dfballer, der l\u00e4uferisch sehr stark ist&#8220;, sagt Trainer Christian Kossack, der f\u00fcr die Reserve verantwortlich ist. Matmati ist ein Spieler, der aufgrund seiner fu\u00dfballerischen Ausbildung Potenzial f\u00fcr mehr mitbringt. Allerdings arbeitet der Tunesier am Flughafen als Schichtarbeiter und kann deswegen nicht immer trainieren und fehlt auch mal an den Sonntagen. <\/span><\/p>\n<p><span style=\"font-size: 16px;\">&#8222;Das war eine Gesamtleistung der Mannschaft, die mich gut in Szene gesetzt hat&#8220;, blieb Matmati nach dem Kantersieg bescheiden. Warum es f\u00fcr ihn nicht f\u00fcr h\u00f6here Aufgaben gereicht hat? &#8222;Corona hat seinerzeit auch dazwischengegr\u00e4tscht&#8220;, sagt Matmati. Denn als der Angreifer f\u00fcr Wehen Wiesbaden in der U17-Bundesliga spielte, wurde die Saison 2019\/20 im M\u00e4rz abgebrochen. &#8222;Danach bin ich zur\u00fcck zu Rot-Weiss und habe mich erstmal um Ausbildung und Job gek\u00fcmmert. Fu\u00dfball ist f\u00fcr mich jetzt eine gute Ablenkung vom Berufsleben. Es soll Spa\u00df machen&#8220;, sagt Matmati.\u00a0<\/span><\/p>\n","protected":false},"excerpt":{"rendered":"<p>Durch den 8:0 (4:0)-Heimsieg gegen den SC Goldstein II baute die Spvgg. 02 Griesheim II die Tabellenf\u00fchrung in der Fu\u00dfball-Kreisliga B Frankfurt (Gruppe 1) mit vier Punkten Vorsprung vor dem Verfolger SV Eritrea aus, der gegen die SG 28 mit 5:1 gewann. Nebenbei knackten die Sch\u00fctzlinge von Trainer Christian Kossack als erster Verein der B-Liga [&hellip;]<\/p>\n","protected":false},"author":1,"featured_media":24460,"comment_status":"closed","ping_status":"closed","sticky":true,"template":"","format":"standard","meta":{"footnotes":""},"categories":[11],"tags":[],"class_list":["post-24459","post","type-post","status-publish","format-standard","has-post-thumbnail","hentry","category-kreisliga-b"],"_links":{"self":[{"href":"https:\/\/insideamateurfussball-ffm.de\/index.php?rest_route=\/wp\/v2\/posts\/24459","targetHints":{"allow":["GET"]}}],"collection":[{"href":"https:\/\/insideamateurfussball-ffm.de\/index.php?rest_route=\/wp\/v2\/posts"}],"about":[{"href":"https:\/\/insideamateurfussball-ffm.de\/index.php?rest_route=\/wp\/v2\/types\/post"}],"author":[{"embeddable":true,"href":"https:\/\/insideamateurfussball-ffm.de\/index.php?rest_route=\/wp\/v2\/users\/1"}],"replies":[{"embeddable":true,"href":"https:\/\/insideamateurfussball-ffm.de\/index.php?rest_route=%2Fwp%2Fv2%2Fcomments&post=24459"}],"version-history":[{"count":1,"href":"https:\/\/insideamateurfussball-ffm.de\/index.php?rest_route=\/wp\/v2\/posts\/24459\/revisions"}],"predecessor-version":[{"id":24461,"href":"https:\/\/insideamateurfussball-ffm.de\/index.php?rest_route=\/wp\/v2\/posts\/24459\/revisions\/24461"}],"wp:featuredmedia":[{"embeddable":true,"href":"https:\/\/insideamateurfussball-ffm.de\/index.php?rest_route=\/wp\/v2\/media\/24460"}],"wp:attachment":[{"href":"https:\/\/insideamateurfussball-ffm.de\/index.php?rest_route=%2Fwp%2Fv2%2Fmedia&parent=24459"}],"wp:term":[{"taxonomy":"category","embeddable":true,"href":"https:\/\/insideamateurfussball-ffm.de\/index.php?rest_route=%2Fwp%2Fv2%2Fcategories&post=24459"},{"taxonomy":"post_tag","embeddable":true,"href":"https:\/\/insideamateurfussball-ffm.de\/index.php?rest_route=%2Fwp%2Fv2%2Ftags&post=24459"}],"curies":[{"name":"wp","href":"https:\/\/api.w.org\/{rel}","templated":true}]}}