{"id":24449,"date":"2025-03-19T16:00:54","date_gmt":"2025-03-19T15:00:54","guid":{"rendered":"https:\/\/insideamateurfussball-ffm.de\/?p=24449"},"modified":"2025-03-19T16:01:33","modified_gmt":"2025-03-19T15:01:33","slug":"spitzenreiter-westend-besiegt-schlusslicht-120","status":"publish","type":"post","link":"https:\/\/insideamateurfussball-ffm.de\/?p=24449","title":{"rendered":"Spitzenreiter Westend besiegt Schlusslicht 12:0"},"content":{"rendered":"<h5><span style=\"font-size: 20px;\">Die SG Westend steht vor dem direkten Wiederaufstieg in die Kreisoberliga. Der Spitzenreiter f\u00fchrt die Tabelle der Kreisliga A (Gruppe 1) nach dem 12:0-Sieg \u00fcber Schlusslicht FV 09 Eschersheim schon mit zehn Punkten Vorsprung vor dem neuen Tabellenzweiten FC Germania Ginnheim an.\u00a0<\/span><\/h5>\n<figure id=\"attachment_24450\" aria-describedby=\"caption-attachment-24450\" style=\"width: 150px\" class=\"wp-caption alignleft\"><img loading=\"lazy\" decoding=\"async\" class=\"wp-image-24450 size-thumbnail\" src=\"http:\/\/insideamateurfussball-ffm.de\/wp-content\/uploads\/2025\/03\/westend5-150x150.jpg\" alt=\"\" width=\"150\" height=\"150\" \/><figcaption id=\"caption-attachment-24450\" class=\"wp-caption-text\">Thomas Horn und Esad Golos schauen entspannt zu. Foto: Mithat G\u00fcrser.<\/figcaption><\/figure>\n<h5><span style=\"font-size: 20px;\">SG Westend &#8211; FV 09 Eschersheim 12:0 (7:0)<\/span><\/h5>\n<p><img loading=\"lazy\" decoding=\"async\" class=\"alignnone size-full wp-image-611\" src=\"http:\/\/insideamateurfussball-ffm.de\/wp-content\/uploads\/2022\/06\/Westend.png\" alt=\"\" width=\"69\" height=\"80\" \/><img loading=\"lazy\" decoding=\"async\" class=\"alignnone size-full wp-image-3204\" src=\"http:\/\/insideamateurfussball-ffm.de\/wp-content\/uploads\/2022\/10\/fv-09.jpg\" alt=\"\" width=\"80\" height=\"78\" \/><\/p>\n<p>123:19 Tore, 66 Punkte in 23 Spielen. Die SG Westend ist in der A-Klasse das Ma\u00df aller Dinge. Der 12:0-Kantersieg gegen das abgeschlagene Schlusslicht FV 09 Eschersheim &#8211; der Torreigen war nach einer Stunde beendet &#8211; war laut dem Sportlichen Leiter Thomas Horn auf dem Rasenplatz an der Sondershausenstra\u00dfe ein &#8222;lockeres Spiel. Der Gegner hatte nur zwei Chancen, das einzige Manko auf unserer Seite war die Chancenverwertung, sonst w\u00e4re das h\u00f6her ausgegangen.&#8220;<\/p>\n<p>Mit Trainer Vait Arslanoski sind die Dirigenten um Vereinsboss Esad Golos sehr zufrieden. Der Coach hat durch die Einf\u00fchrung eines geregelten Trainingsbetriebes (zweimal in der Woche an der Griesheimer Eichenstra\u00dfe) f\u00fcr Strukturen gesorgt.<\/p>\n<ul>\n<li><strong><span style=\"font-size: 16px;\">&#8222;Man glaubt gar nicht, wie viele \u00c4mter da involviert sind&#8220; (Westends Sportlicher Leiter Thomas Horn)<\/span><\/strong><\/li>\n<\/ul>\n<p>Der R\u00fcckkehr in die Kreisoberliga d\u00fcrfte also kaum etwas im Wege stehen, &#8222;bis Mitte April wollen wir auch mit den Spielern Planungssicherheit haben&#8220;, so Horn. Unterdessen verz\u00f6gert sich noch der geplante Umbau der maroden Sportanlage.<\/p>\n<p>Es soll ein Kunstrasenplatz sowie ein neues Funktionsgeb\u00e4ude gebaut werden. &#8222;Wir hoffen, dass es Ende des Jahres los geht. Man glaubt gar nicht, wie viele \u00c4mter da involviert sind&#8220;, spielt Horn auf die b\u00fcrokratischen Dinge an.\u00a0<\/p>\n<ul>\n<li><strong><span style=\"font-size: 16px;\">Schiedsrichter: Ferhat Epik (Mainz).<\/span><\/strong><\/li>\n<li><strong><span style=\"font-size: 16px;\">Zuschauer: 46.<\/span><\/strong><\/li>\n<li><strong><span style=\"font-size: 16px;\">Tore: 1:0 Luca Giampietro (2.), 2:0 Amin Anedam (3.), 3:0, 4:0 Justin Pierre (15.\/19.), 5:0 Ilias Sy (23.), 6:0 Salim El Bachiri (25.\/Eigentor), 7:0 Romal Naziri (27.), 8:0 Emanuel Mbaka Lodama (47.), 9:0 Amin Anedam (49.), 10:0 Shimon Levi Benjamin Mben-Bata (54.), 11:0, 12:0 Justin Pierre (58.\/60.).<\/span><\/strong><\/li>\n<li><strong><span style=\"font-size: 16px;\">Bildergalerie: Auf dem Weg zwischen Ackermannwiese und L\u00e4rchenstra\u00dfe legte unser Fotograf Mithat G\u00fcrser eine Zwischenstation an der Sondershausenstra\u00dfe ein. Vielen Dank!\u00a0\u00a0<\/span><\/strong><\/li>\n<\/ul>\n\n\n<figure class=\"wp-block-image size-full\"><img loading=\"lazy\" decoding=\"async\" width=\"886\" height=\"660\" src=\"https:\/\/insideamateurfussball-ffm.de\/wp-content\/uploads\/2025\/03\/westend3.jpg\" alt=\"\" class=\"wp-image-24451\" srcset=\"https:\/\/insideamateurfussball-ffm.de\/wp-content\/uploads\/2025\/03\/westend3.jpg 886w, https:\/\/insideamateurfussball-ffm.de\/wp-content\/uploads\/2025\/03\/westend3-300x223.jpg 300w, https:\/\/insideamateurfussball-ffm.de\/wp-content\/uploads\/2025\/03\/westend3-768x572.jpg 768w\" sizes=\"auto, (max-width: 886px) 100vw, 886px\" \/><\/figure>\n\n\n\n<figure class=\"wp-block-gallery has-nested-images columns-default is-cropped wp-block-gallery-1 is-layout-flex wp-block-gallery-is-layout-flex\">\n<figure class=\"wp-block-image size-large\"><img loading=\"lazy\" decoding=\"async\" width=\"886\" height=\"633\" data-id=\"24452\" src=\"https:\/\/insideamateurfussball-ffm.de\/wp-content\/uploads\/2025\/03\/westend1.jpg\" alt=\"\" class=\"wp-image-24452\" srcset=\"https:\/\/insideamateurfussball-ffm.de\/wp-content\/uploads\/2025\/03\/westend1.jpg 886w, https:\/\/insideamateurfussball-ffm.de\/wp-content\/uploads\/2025\/03\/westend1-300x214.jpg 300w, https:\/\/insideamateurfussball-ffm.de\/wp-content\/uploads\/2025\/03\/westend1-768x549.jpg 768w\" sizes=\"auto, (max-width: 886px) 100vw, 886px\" \/><\/figure>\n<\/figure>\n\n\n\n<figure class=\"wp-block-gallery has-nested-images columns-default is-cropped wp-block-gallery-2 is-layout-flex wp-block-gallery-is-layout-flex\">\n<figure class=\"wp-block-image size-large\"><img loading=\"lazy\" decoding=\"async\" width=\"886\" height=\"674\" data-id=\"24453\" src=\"https:\/\/insideamateurfussball-ffm.de\/wp-content\/uploads\/2025\/03\/westend6.jpg\" alt=\"\" class=\"wp-image-24453\" srcset=\"https:\/\/insideamateurfussball-ffm.de\/wp-content\/uploads\/2025\/03\/westend6.jpg 886w, https:\/\/insideamateurfussball-ffm.de\/wp-content\/uploads\/2025\/03\/westend6-300x228.jpg 300w, https:\/\/insideamateurfussball-ffm.de\/wp-content\/uploads\/2025\/03\/westend6-768x584.jpg 768w\" sizes=\"auto, (max-width: 886px) 100vw, 886px\" \/><\/figure>\n<\/figure>\n\n\n\n<figure class=\"wp-block-gallery has-nested-images columns-default is-cropped wp-block-gallery-3 is-layout-flex wp-block-gallery-is-layout-flex\">\n<figure class=\"wp-block-image size-large\"><img loading=\"lazy\" decoding=\"async\" width=\"888\" height=\"591\" data-id=\"24454\" src=\"https:\/\/insideamateurfussball-ffm.de\/wp-content\/uploads\/2025\/03\/westend4.jpg\" alt=\"\" class=\"wp-image-24454\" srcset=\"https:\/\/insideamateurfussball-ffm.de\/wp-content\/uploads\/2025\/03\/westend4.jpg 888w, https:\/\/insideamateurfussball-ffm.de\/wp-content\/uploads\/2025\/03\/westend4-300x200.jpg 300w, https:\/\/insideamateurfussball-ffm.de\/wp-content\/uploads\/2025\/03\/westend4-768x511.jpg 768w\" sizes=\"auto, (max-width: 888px) 100vw, 888px\" \/><\/figure>\n<\/figure>\n\n\n\n<figure class=\"wp-block-gallery has-nested-images columns-default is-cropped wp-block-gallery-4 is-layout-flex wp-block-gallery-is-layout-flex\">\n<figure class=\"wp-block-image size-large\"><img loading=\"lazy\" decoding=\"async\" width=\"886\" height=\"615\" data-id=\"24455\" src=\"https:\/\/insideamateurfussball-ffm.de\/wp-content\/uploads\/2025\/03\/westend2.jpg\" alt=\"\" class=\"wp-image-24455\" srcset=\"https:\/\/insideamateurfussball-ffm.de\/wp-content\/uploads\/2025\/03\/westend2.jpg 886w, https:\/\/insideamateurfussball-ffm.de\/wp-content\/uploads\/2025\/03\/westend2-300x208.jpg 300w, https:\/\/insideamateurfussball-ffm.de\/wp-content\/uploads\/2025\/03\/westend2-768x533.jpg 768w\" sizes=\"auto, (max-width: 886px) 100vw, 886px\" \/><\/figure>\n<\/figure>\n\n\n\n<figure class=\"wp-block-gallery has-nested-images columns-default is-cropped wp-block-gallery-5 is-layout-flex wp-block-gallery-is-layout-flex\">\n<figure class=\"wp-block-image size-large\"><img loading=\"lazy\" decoding=\"async\" width=\"886\" height=\"629\" data-id=\"24456\" src=\"https:\/\/insideamateurfussball-ffm.de\/wp-content\/uploads\/2025\/03\/westend7.jpg\" alt=\"\" class=\"wp-image-24456\" srcset=\"https:\/\/insideamateurfussball-ffm.de\/wp-content\/uploads\/2025\/03\/westend7.jpg 886w, https:\/\/insideamateurfussball-ffm.de\/wp-content\/uploads\/2025\/03\/westend7-300x213.jpg 300w, https:\/\/insideamateurfussball-ffm.de\/wp-content\/uploads\/2025\/03\/westend7-768x545.jpg 768w\" sizes=\"auto, (max-width: 886px) 100vw, 886px\" \/><\/figure>\n<\/figure>\n","protected":false},"excerpt":{"rendered":"<p>Die SG Westend steht vor dem direkten Wiederaufstieg in die Kreisoberliga. Der Spitzenreiter f\u00fchrt die Tabelle der Kreisliga A (Gruppe 1) nach dem 12:0-Sieg \u00fcber Schlusslicht FV 09 Eschersheim schon mit zehn Punkten Vorsprung vor dem neuen Tabellenzweiten FC Germania Ginnheim an.\u00a0 SG Westend &#8211; FV 09 Eschersheim 12:0 (7:0) 123:19 Tore, 66 Punkte in [&hellip;]<\/p>\n","protected":false},"author":1,"featured_media":24450,"comment_status":"closed","ping_status":"closed","sticky":true,"template":"","format":"standard","meta":{"footnotes":""},"categories":[12],"tags":[],"class_list":["post-24449","post","type-post","status-publish","format-standard","has-post-thumbnail","hentry","category-kreisliga-a1"],"_links":{"self":[{"href":"https:\/\/insideamateurfussball-ffm.de\/index.php?rest_route=\/wp\/v2\/posts\/24449","targetHints":{"allow":["GET"]}}],"collection":[{"href":"https:\/\/insideamateurfussball-ffm.de\/index.php?rest_route=\/wp\/v2\/posts"}],"about":[{"href":"https:\/\/insideamateurfussball-ffm.de\/index.php?rest_route=\/wp\/v2\/types\/post"}],"author":[{"embeddable":true,"href":"https:\/\/insideamateurfussball-ffm.de\/index.php?rest_route=\/wp\/v2\/users\/1"}],"replies":[{"embeddable":true,"href":"https:\/\/insideamateurfussball-ffm.de\/index.php?rest_route=%2Fwp%2Fv2%2Fcomments&post=24449"}],"version-history":[{"count":2,"href":"https:\/\/insideamateurfussball-ffm.de\/index.php?rest_route=\/wp\/v2\/posts\/24449\/revisions"}],"predecessor-version":[{"id":24458,"href":"https:\/\/insideamateurfussball-ffm.de\/index.php?rest_route=\/wp\/v2\/posts\/24449\/revisions\/24458"}],"wp:featuredmedia":[{"embeddable":true,"href":"https:\/\/insideamateurfussball-ffm.de\/index.php?rest_route=\/wp\/v2\/media\/24450"}],"wp:attachment":[{"href":"https:\/\/insideamateurfussball-ffm.de\/index.php?rest_route=%2Fwp%2Fv2%2Fmedia&parent=24449"}],"wp:term":[{"taxonomy":"category","embeddable":true,"href":"https:\/\/insideamateurfussball-ffm.de\/index.php?rest_route=%2Fwp%2Fv2%2Fcategories&post=24449"},{"taxonomy":"post_tag","embeddable":true,"href":"https:\/\/insideamateurfussball-ffm.de\/index.php?rest_route=%2Fwp%2Fv2%2Ftags&post=24449"}],"curies":[{"name":"wp","href":"https:\/\/api.w.org\/{rel}","templated":true}]}}