{"id":24385,"date":"2025-03-18T19:15:00","date_gmt":"2025-03-18T18:15:00","guid":{"rendered":"https:\/\/insideamateurfussball-ffm.de\/?p=24385"},"modified":"2025-03-18T19:15:00","modified_gmt":"2025-03-18T18:15:00","slug":"enkheim-erringt-zweiten-heimsieg-in-folge","status":"publish","type":"post","link":"https:\/\/insideamateurfussball-ffm.de\/?p=24385","title":{"rendered":"Enkheim erringt zweiten Heimsieg in Folge"},"content":{"rendered":"<h4>Zweiter Heimsieg in Folge f\u00fcr den FC Germania Enkheim, der gegen den auf dem ersten Abstiegsplatz stehenden SV Viktoria Preu\u00dfen mit 2:1 gewann und den Abstand nach unten damit auf zw\u00f6lf Punkte.<\/h4>\n<figure id=\"attachment_24386\" aria-describedby=\"caption-attachment-24386\" style=\"width: 1006px\" class=\"wp-caption alignnone\"><img loading=\"lazy\" decoding=\"async\" class=\"wp-image-24386\" src=\"http:\/\/insideamateurfussball-ffm.de\/wp-content\/uploads\/2025\/03\/DSC_5690-2.jpg\" alt=\"\" width=\"1006\" height=\"755\" srcset=\"https:\/\/insideamateurfussball-ffm.de\/wp-content\/uploads\/2025\/03\/DSC_5690-2.jpg 997w, https:\/\/insideamateurfussball-ffm.de\/wp-content\/uploads\/2025\/03\/DSC_5690-2-300x225.jpg 300w, https:\/\/insideamateurfussball-ffm.de\/wp-content\/uploads\/2025\/03\/DSC_5690-2-768x576.jpg 768w\" sizes=\"auto, (max-width: 1006px) 100vw, 1006px\" \/><figcaption id=\"caption-attachment-24386\" class=\"wp-caption-text\">Der Enkheimer Mihajlo Atanaskovic am Ball. Foto: Archiv J\u00f6rg Schulz.\u00a0\u00a0<\/figcaption><\/figure>\n<h4>FC Germania Enkheim &#8211; SV Viktoria Preu\u00dfen 2:1 (0:1)<\/h4>\n<p><img loading=\"lazy\" decoding=\"async\" class=\"alignnone size-full wp-image-1537\" src=\"http:\/\/insideamateurfussball-ffm.de\/wp-content\/uploads\/2022\/07\/Enkheim.jpg\" alt=\"\" width=\"63\" height=\"80\" \/><img loading=\"lazy\" decoding=\"async\" class=\"alignnone size-full wp-image-12\" src=\"http:\/\/insideamateurfussball-ffm.de\/wp-content\/uploads\/2021\/11\/preussen.jpg\" alt=\"\" width=\"72\" height=\"80\" \/><\/p>\n<p>Die Enkheimer gerieten nach neun Minuten durch Jalil Shirendel nach einem Standard in R\u00fcckstand. &#8222;Es war ein langsames Spiel mit viel Ballbesitz auf unserer Seite&#8220;, bilanzierte Enkheims Trainer Steffen Wittig. Erst im zweiten Abschnitt kamen die Hausherren auf ihrem Kunstrasenplatz zum Ausgleich durch Ayoub Azariohi (71.).<\/p>\n<p>Nach einem Eckball traf Mittelst\u00fcrmer Lars Trams mit einem platzierten Kopfball zum 2:1-Siegtreffer (75.). &#8222;Es war kein sch\u00f6nes Fu\u00dfballspiel, aber zum Schluss z\u00e4hlen die n\u00e4chsten drei Punkte&#8220;, war Wittig erleichtert.<\/p>\n<blockquote>\n<h4>Heddernheim n\u00e4chster Gegner f\u00fcr beide<\/h4>\n<\/blockquote>\n<p>Preu\u00dfen-Trainer Cem Caput sah &#8222;an sich ein durchschnittliches Spiel von beiden Seiten.&#8220; Trotz der Niederlage war der G\u00e4stecoach &#8222;mit der Mannschaftsleistung zufrieden. Obwohl wir taktisch umgestellt haben, hat uns in diesem bis zum Schluss knappen Spiel etwas das Gl\u00fcck gefehlt.&#8220; Am Sonntag haben die Enkheimer spielfrei und sind dann die Woche drauf in einer vorgezogenen Partie beim SV 07 Heddernheim im Einsatz (Donnerstag, 27. M\u00e4rz, 20.15 Uhr).<\/p>\n<p>Der n\u00e4chste Gegner der Preu\u00dfen ist ebenfalls Heddernheim, dann am Sonntag (15 Uhr), wenn die Willef\u00fchr-Br\u00fcder Antonie und Cherano an ihre alte Wirkungsst\u00e4tte als Gegner kommen.<\/p>\n<blockquote>\n<h4>Schiedsrichter: Keine Angabe. Zuschauer: 60.<\/h4>\n<h4>Tore: 0:1 Jalil Shirendel (9.), 1:1 Ayoub Azariohi (71.), 2:1 Lars Trams (75.).<\/h4>\n<\/blockquote>\n","protected":false},"excerpt":{"rendered":"<p>Zweiter Heimsieg in Folge f\u00fcr den FC Germania Enkheim, der gegen den auf dem ersten Abstiegsplatz stehenden SV Viktoria Preu\u00dfen mit 2:1 gewann und den Abstand nach unten damit auf zw\u00f6lf Punkte. FC Germania Enkheim &#8211; SV Viktoria Preu\u00dfen 2:1 (0:1) Die Enkheimer gerieten nach neun Minuten durch Jalil Shirendel nach einem Standard in R\u00fcckstand. [&hellip;]<\/p>\n","protected":false},"author":1,"featured_media":24386,"comment_status":"closed","ping_status":"closed","sticky":true,"template":"","format":"standard","meta":{"footnotes":""},"categories":[2],"tags":[],"class_list":["post-24385","post","type-post","status-publish","format-standard","has-post-thumbnail","hentry","category-kreisoberliga-frankfurt"],"_links":{"self":[{"href":"https:\/\/insideamateurfussball-ffm.de\/index.php?rest_route=\/wp\/v2\/posts\/24385","targetHints":{"allow":["GET"]}}],"collection":[{"href":"https:\/\/insideamateurfussball-ffm.de\/index.php?rest_route=\/wp\/v2\/posts"}],"about":[{"href":"https:\/\/insideamateurfussball-ffm.de\/index.php?rest_route=\/wp\/v2\/types\/post"}],"author":[{"embeddable":true,"href":"https:\/\/insideamateurfussball-ffm.de\/index.php?rest_route=\/wp\/v2\/users\/1"}],"replies":[{"embeddable":true,"href":"https:\/\/insideamateurfussball-ffm.de\/index.php?rest_route=%2Fwp%2Fv2%2Fcomments&post=24385"}],"version-history":[{"count":1,"href":"https:\/\/insideamateurfussball-ffm.de\/index.php?rest_route=\/wp\/v2\/posts\/24385\/revisions"}],"predecessor-version":[{"id":24387,"href":"https:\/\/insideamateurfussball-ffm.de\/index.php?rest_route=\/wp\/v2\/posts\/24385\/revisions\/24387"}],"wp:featuredmedia":[{"embeddable":true,"href":"https:\/\/insideamateurfussball-ffm.de\/index.php?rest_route=\/wp\/v2\/media\/24386"}],"wp:attachment":[{"href":"https:\/\/insideamateurfussball-ffm.de\/index.php?rest_route=%2Fwp%2Fv2%2Fmedia&parent=24385"}],"wp:term":[{"taxonomy":"category","embeddable":true,"href":"https:\/\/insideamateurfussball-ffm.de\/index.php?rest_route=%2Fwp%2Fv2%2Fcategories&post=24385"},{"taxonomy":"post_tag","embeddable":true,"href":"https:\/\/insideamateurfussball-ffm.de\/index.php?rest_route=%2Fwp%2Fv2%2Ftags&post=24385"}],"curies":[{"name":"wp","href":"https:\/\/api.w.org\/{rel}","templated":true}]}}