{"id":24357,"date":"2025-03-17T20:54:56","date_gmt":"2025-03-17T19:54:56","guid":{"rendered":"https:\/\/insideamateurfussball-ffm.de\/?p=24357"},"modified":"2025-03-17T20:54:56","modified_gmt":"2025-03-17T19:54:56","slug":"seckbach-muss-sich-mit-11-begnuegen","status":"publish","type":"post","link":"https:\/\/insideamateurfussball-ffm.de\/?p=24357","title":{"rendered":"Seckbach muss sich mit 1:1 begn\u00fcgen"},"content":{"rendered":"<h4>Nach 15 Tagen ohne Spiel konnte die FG Seckbach nicht an den 3:0-Sieg gegen Tabellenf\u00fchrer FC Kalbach ankn\u00fcpfen und kam gegen den FC Neu-Anspach nicht \u00fcber ein 1:1 hinaus.<\/h4>\n<figure id=\"attachment_24358\" aria-describedby=\"caption-attachment-24358\" style=\"width: 955px\" class=\"wp-caption alignnone\"><img loading=\"lazy\" decoding=\"async\" class=\"wp-image-24358\" src=\"http:\/\/insideamateurfussball-ffm.de\/wp-content\/uploads\/2025\/03\/spo4-1.jpg\" alt=\"\" width=\"955\" height=\"657\" srcset=\"https:\/\/insideamateurfussball-ffm.de\/wp-content\/uploads\/2025\/03\/spo4-1.jpg 945w, https:\/\/insideamateurfussball-ffm.de\/wp-content\/uploads\/2025\/03\/spo4-1-300x206.jpg 300w, https:\/\/insideamateurfussball-ffm.de\/wp-content\/uploads\/2025\/03\/spo4-1-768x528.jpg 768w\" sizes=\"auto, (max-width: 955px) 100vw, 955px\" \/><figcaption id=\"caption-attachment-24358\" class=\"wp-caption-text\">Die Abwehr der Neu-Anspacher stand in Seckbach. Foto: Archiv Mithat G\u00fcrser.\u00a0\u00a0<\/figcaption><\/figure>\n<h4>FG Seckbach &#8211; FC Neu-Anspach 1:1 (0:1)<\/h4>\n<p><img loading=\"lazy\" decoding=\"async\" class=\"alignnone size-full wp-image-544\" src=\"http:\/\/insideamateurfussball-ffm.de\/wp-content\/uploads\/2022\/06\/Seckbach.jpg\" alt=\"\" width=\"80\" height=\"80\" \/><img loading=\"lazy\" decoding=\"async\" class=\"alignnone size-full wp-image-16512\" src=\"http:\/\/insideamateurfussball-ffm.de\/wp-content\/uploads\/2024\/01\/logo-neu-anspach.jpeg\" alt=\"\" width=\"80\" height=\"79\" \/><\/p>\n<p>&#8222;Wir konnten die Leistung aus dem 3:0-Sieg von vor zwei Wochen gegen Tabellenf\u00fchrer FC Kalbach nicht abrufen. Das Remis nehmen wir aber mit&#8220;, wertete Seckbachs Spielertrainer Manuel May das 1:1 als Teilerfolg. Haset Harons F\u00fchrung f\u00fcr den Hochtaunus-Club (17.) egalisierte Benedict Linzenmeier (78.). Damit verbleiben die Seckbacher auf Rang f\u00fcnf mit 40 Punkten und treten am Sonntag beim Tabellenvierten FSV Friedrichsdorf an (15 Uhr).<\/p>\n<h4>Schiedsrichter: Devin Kakmaci (JSG Aarbergen). Zuschauer: 100.<\/h4>\n<h4>Tore: 0:1 Hasset Haron (17.), 1:1 Benedict Linzenmeier (78.).<\/h4>\n","protected":false},"excerpt":{"rendered":"<p>Nach 15 Tagen ohne Spiel konnte die FG Seckbach nicht an den 3:0-Sieg gegen Tabellenf\u00fchrer FC Kalbach ankn\u00fcpfen und kam gegen den FC Neu-Anspach nicht \u00fcber ein 1:1 hinaus. FG Seckbach &#8211; FC Neu-Anspach 1:1 (0:1) &#8222;Wir konnten die Leistung aus dem 3:0-Sieg von vor zwei Wochen gegen Tabellenf\u00fchrer FC Kalbach nicht abrufen. Das Remis [&hellip;]<\/p>\n","protected":false},"author":1,"featured_media":24358,"comment_status":"closed","ping_status":"closed","sticky":true,"template":"","format":"standard","meta":{"footnotes":""},"categories":[13],"tags":[],"class_list":["post-24357","post","type-post","status-publish","format-standard","has-post-thumbnail","hentry","category-gruppenliga-frankfurt-west"],"_links":{"self":[{"href":"https:\/\/insideamateurfussball-ffm.de\/index.php?rest_route=\/wp\/v2\/posts\/24357","targetHints":{"allow":["GET"]}}],"collection":[{"href":"https:\/\/insideamateurfussball-ffm.de\/index.php?rest_route=\/wp\/v2\/posts"}],"about":[{"href":"https:\/\/insideamateurfussball-ffm.de\/index.php?rest_route=\/wp\/v2\/types\/post"}],"author":[{"embeddable":true,"href":"https:\/\/insideamateurfussball-ffm.de\/index.php?rest_route=\/wp\/v2\/users\/1"}],"replies":[{"embeddable":true,"href":"https:\/\/insideamateurfussball-ffm.de\/index.php?rest_route=%2Fwp%2Fv2%2Fcomments&post=24357"}],"version-history":[{"count":1,"href":"https:\/\/insideamateurfussball-ffm.de\/index.php?rest_route=\/wp\/v2\/posts\/24357\/revisions"}],"predecessor-version":[{"id":24359,"href":"https:\/\/insideamateurfussball-ffm.de\/index.php?rest_route=\/wp\/v2\/posts\/24357\/revisions\/24359"}],"wp:featuredmedia":[{"embeddable":true,"href":"https:\/\/insideamateurfussball-ffm.de\/index.php?rest_route=\/wp\/v2\/media\/24358"}],"wp:attachment":[{"href":"https:\/\/insideamateurfussball-ffm.de\/index.php?rest_route=%2Fwp%2Fv2%2Fmedia&parent=24357"}],"wp:term":[{"taxonomy":"category","embeddable":true,"href":"https:\/\/insideamateurfussball-ffm.de\/index.php?rest_route=%2Fwp%2Fv2%2Fcategories&post=24357"},{"taxonomy":"post_tag","embeddable":true,"href":"https:\/\/insideamateurfussball-ffm.de\/index.php?rest_route=%2Fwp%2Fv2%2Ftags&post=24357"}],"curies":[{"name":"wp","href":"https:\/\/api.w.org\/{rel}","templated":true}]}}