{"id":24354,"date":"2025-03-17T20:33:16","date_gmt":"2025-03-17T19:33:16","guid":{"rendered":"https:\/\/insideamateurfussball-ffm.de\/?p=24354"},"modified":"2025-03-17T20:33:16","modified_gmt":"2025-03-17T19:33:16","slug":"oberrad-in-unterzahl-11-in-koenigstein","status":"publish","type":"post","link":"https:\/\/insideamateurfussball-ffm.de\/?p=24354","title":{"rendered":"Oberrad in Unterzahl 1:1 in K\u00f6nigstein"},"content":{"rendered":"<h4>Beim abgeschlagenen Tabellenvorletzten 1. FC-TSG K\u00f6nigstein reichte es f\u00fcr die Spvgg. 05 Oberrad nur zu einem 1:1-Unentschieden. Allerdings mussten die G\u00e4ste schon ab der 18. Minute in Unterzahl spielen.<\/h4>\n<figure id=\"attachment_24355\" aria-describedby=\"caption-attachment-24355\" style=\"width: 2048px\" class=\"wp-caption alignnone\"><img loading=\"lazy\" decoding=\"async\" class=\"wp-image-24355 size-full\" src=\"http:\/\/insideamateurfussball-ffm.de\/wp-content\/uploads\/2025\/03\/Oberragend.jpg\" alt=\"\" width=\"2048\" height=\"1536\" srcset=\"https:\/\/insideamateurfussball-ffm.de\/wp-content\/uploads\/2025\/03\/Oberragend.jpg 2048w, https:\/\/insideamateurfussball-ffm.de\/wp-content\/uploads\/2025\/03\/Oberragend-300x225.jpg 300w, https:\/\/insideamateurfussball-ffm.de\/wp-content\/uploads\/2025\/03\/Oberragend-1024x768.jpg 1024w, https:\/\/insideamateurfussball-ffm.de\/wp-content\/uploads\/2025\/03\/Oberragend-768x576.jpg 768w, https:\/\/insideamateurfussball-ffm.de\/wp-content\/uploads\/2025\/03\/Oberragend-1536x1152.jpg 1536w\" sizes=\"auto, (max-width: 2048px) 100vw, 2048px\" \/><figcaption id=\"caption-attachment-24355\" class=\"wp-caption-text\">Die Spvgg. Oberrad in den neuen gr\u00fcn-wei\u00dfen Trikots. Foto: Archiv PA.\u00a0\u00a0<\/figcaption><\/figure>\n<h4>1. FC-TSG K\u00f6nigstein &#8211; Spvgg. 05 Oberrad 1:1 (1:0)<\/h4>\n<p><img loading=\"lazy\" decoding=\"async\" class=\"alignnone size-full wp-image-1396\" src=\"http:\/\/insideamateurfussball-ffm.de\/wp-content\/uploads\/2022\/07\/koenigstein.png\" alt=\"\" width=\"80\" height=\"72\" \/><img loading=\"lazy\" decoding=\"async\" class=\"alignnone size-full wp-image-137\" src=\"http:\/\/insideamateurfussball-ffm.de\/wp-content\/uploads\/2022\/05\/Oberrad05.jpg\" alt=\"\" width=\"79\" height=\"80\" \/><\/p>\n<p>Fr\u00fch musste Oberrad am K\u00f6nigsteiner Kreisel mit zehn Spielern auskommen, denn Ouassim Asghar wurde schon in der 18. Minute mit &#8222;Gelb-Rot&#8220; wegen wiederholten Foulspiels vom Platz gestellt. Routinier Masih Saighani brachte das junge K\u00f6nigsteiner Team mit einem abgef\u00e4lschten Freisto\u00df in F\u00fchrung (20.). Es dauerte bis Mitte der zweiten Halbzeit, bis David Bremerich f\u00fcr die G\u00e4ste beim Vorletzten per Foulelfmeter zum 1:1 ausglich (69.). Der in der 84. Minute sich selbst einwechselnde K\u00f6nigsteiner Trainer Jonas Gr\u00fcter musste nur zehn Minuten sp\u00e4ter in der Nachspielzeit mit &#8222;Gelb-Rot&#8220; wieder runter vom Platz. &#8222;Wir h\u00e4tten das Spiel auch in Unterzahl gewinnen m\u00fcssen&#8220;, haderte Oberrads Trainer Gabriel Bernstein.<\/p>\n<blockquote>\n<h4>Schiedsrichter: Alexander P\u00e4chthold (SG Treis\/Allendorf). Zuschauer: 40.<\/h4>\n<h4>Tore: 1:0 Masih Saighani (20.), 1:1 David Bremerich (69.\/Foulelfmeter).<\/h4>\n<\/blockquote>\n","protected":false},"excerpt":{"rendered":"<p>Beim abgeschlagenen Tabellenvorletzten 1. FC-TSG K\u00f6nigstein reichte es f\u00fcr die Spvgg. 05 Oberrad nur zu einem 1:1-Unentschieden. Allerdings mussten die G\u00e4ste schon ab der 18. Minute in Unterzahl spielen. 1. FC-TSG K\u00f6nigstein &#8211; Spvgg. 05 Oberrad 1:1 (1:0) Fr\u00fch musste Oberrad am K\u00f6nigsteiner Kreisel mit zehn Spielern auskommen, denn Ouassim Asghar wurde schon in der [&hellip;]<\/p>\n","protected":false},"author":1,"featured_media":24355,"comment_status":"closed","ping_status":"closed","sticky":true,"template":"","format":"standard","meta":{"footnotes":""},"categories":[13],"tags":[],"class_list":["post-24354","post","type-post","status-publish","format-standard","has-post-thumbnail","hentry","category-gruppenliga-frankfurt-west"],"_links":{"self":[{"href":"https:\/\/insideamateurfussball-ffm.de\/index.php?rest_route=\/wp\/v2\/posts\/24354","targetHints":{"allow":["GET"]}}],"collection":[{"href":"https:\/\/insideamateurfussball-ffm.de\/index.php?rest_route=\/wp\/v2\/posts"}],"about":[{"href":"https:\/\/insideamateurfussball-ffm.de\/index.php?rest_route=\/wp\/v2\/types\/post"}],"author":[{"embeddable":true,"href":"https:\/\/insideamateurfussball-ffm.de\/index.php?rest_route=\/wp\/v2\/users\/1"}],"replies":[{"embeddable":true,"href":"https:\/\/insideamateurfussball-ffm.de\/index.php?rest_route=%2Fwp%2Fv2%2Fcomments&post=24354"}],"version-history":[{"count":1,"href":"https:\/\/insideamateurfussball-ffm.de\/index.php?rest_route=\/wp\/v2\/posts\/24354\/revisions"}],"predecessor-version":[{"id":24356,"href":"https:\/\/insideamateurfussball-ffm.de\/index.php?rest_route=\/wp\/v2\/posts\/24354\/revisions\/24356"}],"wp:featuredmedia":[{"embeddable":true,"href":"https:\/\/insideamateurfussball-ffm.de\/index.php?rest_route=\/wp\/v2\/media\/24355"}],"wp:attachment":[{"href":"https:\/\/insideamateurfussball-ffm.de\/index.php?rest_route=%2Fwp%2Fv2%2Fmedia&parent=24354"}],"wp:term":[{"taxonomy":"category","embeddable":true,"href":"https:\/\/insideamateurfussball-ffm.de\/index.php?rest_route=%2Fwp%2Fv2%2Fcategories&post=24354"},{"taxonomy":"post_tag","embeddable":true,"href":"https:\/\/insideamateurfussball-ffm.de\/index.php?rest_route=%2Fwp%2Fv2%2Ftags&post=24354"}],"curies":[{"name":"wp","href":"https:\/\/api.w.org\/{rel}","templated":true}]}}