{"id":24343,"date":"2025-03-17T20:06:29","date_gmt":"2025-03-17T19:06:29","guid":{"rendered":"https:\/\/insideamateurfussball-ffm.de\/?p=24343"},"modified":"2025-03-17T20:06:29","modified_gmt":"2025-03-17T19:06:29","slug":"fechenheim-zu-schnell-fuer-schlusslicht-speuzer","status":"publish","type":"post","link":"https:\/\/insideamateurfussball-ffm.de\/?p=24343","title":{"rendered":"Fechenheim zu schnell f\u00fcr Schlusslicht &#8222;Speuzer&#8220;"},"content":{"rendered":"<h4>Der Tabellendritte Spvgg. 03 Fechenheim hat nach dem 5:1-Sieg bei Schlusslicht FFV Sportfreunde nur noch f\u00fcnf Punkte weniger als der Spitzenreiter FC Kalbach. Die &#8222;Speuzer&#8220; bleiben mit f\u00fcnf Punkten sieglos und n\u00e4hern sich weiter der Kreisoberliga Frankfurt an. Unser Fotograf Mithat G\u00fcrser hat auch diese Partie bildlich begleitet.\u00a0\u00a0<\/h4>\n<figure id=\"attachment_24344\" aria-describedby=\"caption-attachment-24344\" style=\"width: 896px\" class=\"wp-caption alignnone\"><img loading=\"lazy\" decoding=\"async\" class=\"wp-image-24344\" src=\"http:\/\/insideamateurfussball-ffm.de\/wp-content\/uploads\/2025\/03\/sportf4-1.jpg\" alt=\"\" width=\"896\" height=\"640\" srcset=\"https:\/\/insideamateurfussball-ffm.de\/wp-content\/uploads\/2025\/03\/sportf4-1.jpg 886w, https:\/\/insideamateurfussball-ffm.de\/wp-content\/uploads\/2025\/03\/sportf4-1-300x214.jpg 300w, https:\/\/insideamateurfussball-ffm.de\/wp-content\/uploads\/2025\/03\/sportf4-1-768x549.jpg 768w\" sizes=\"auto, (max-width: 896px) 100vw, 896px\" \/><figcaption id=\"caption-attachment-24344\" class=\"wp-caption-text\">Speuzer-Trainer Lamine Kaiser spricht zu seinen Spielern. Foto: Mithat G\u00fcrser.\u00a0\u00a0<\/figcaption><\/figure>\n<h4>FFV Sportfreunde 04 &#8211; Spvgg. 03 Fechenheim 1:5 (0:2)<\/h4>\n<p><img loading=\"lazy\" decoding=\"async\" class=\"alignnone size-full wp-image-141\" src=\"http:\/\/insideamateurfussball-ffm.de\/wp-content\/uploads\/2022\/05\/Speuzer.jpg\" alt=\"\" width=\"80\" height=\"80\" \/><img loading=\"lazy\" decoding=\"async\" class=\"alignnone size-full wp-image-603\" src=\"http:\/\/insideamateurfussball-ffm.de\/wp-content\/uploads\/2022\/06\/Fech03.jpg\" alt=\"\" width=\"52\" height=\"80\" \/><\/p>\n<p>&#8222;Fechenheim war brutal effektiv, was wir nicht sind. Wir hatten reichlich Torchancen gegen beeindruckende G\u00e4ste&#8220;, konstatierte Sportfreunde-Trainer Lamine Kaiser nach der erwarteten Niederlage des Tabellenletzten auf dem Ausweichplatz an der Griesheimer L\u00e4rchenstra\u00dfe. Nach der G\u00e4stef\u00fchrung durch Giovanbattista Pedace (25.) setzte Fechenheims Spielmacher Ouassim Ouass einen Foulelfmeter \u00fcber das Tor (32.).<\/p>\n<p>In der Nachspielzeit der ersten Halbzeit erh\u00f6hte Roberto Martins Pereira (45.+1). Nach dem Seitenwechsel nutzte Fechenheim seine Chancen weiter durch Pedace (47.) und Ouass (58.). Durch einen direkt verwandelten Freisto\u00df verk\u00fcrzte Sami Rachdi (64.).<\/p>\n<blockquote>\n<h4>&#8222;Die Speuzer sind besser als es ihr Punktestand aussagt&#8220; (Fechenheims Sportdirektor Asghar Ali-Jaali)<\/h4>\n<\/blockquote>\n<p>Ouass sorgte f\u00fcr den Schlusspunkt (80.). &#8222;Das Fechenheimer Umschaltspiel erfolgte sehr schnell. Die Kombinationen waren sehr fl\u00fcssig&#8220;, lobte Kaiser den Aufstiegsaspiranten. &#8222;Die Speuzer sind besser als es ihr Punktestand aussagt&#8220;, meinte Fechenheims Sportdirektor Asghar Ali-Jaali. &#8222;Die haben k\u00e4mpferisch alles versucht&#8220;, so Ali-Jaali.<\/p>\n<p>Er war nur mit dem Ergebnis, nicht aber mit der Art und Weise des Ausw\u00e4rtssieges zufrieden. W\u00e4hrend die &#8222;Speuzer&#8220; am n\u00e4chsten Spieltag zum Spitzenreiter FC Kalbach reisen (15.30 Uhr), geht es f\u00fcr die Fechenheimer eine halbe Stunde fr\u00fcher beim Vorletzten 1. FC-TSG K\u00f6nigstein los (15 Uhr).<\/p>\n<blockquote>\n<h4>Schiedsrichter: Lennart Steppe (SV Blau-Gelb). Zuschauer: 40.<\/h4>\n<h4>Tore: 0:1 Giovanbattista Pedace (25.), 0:2 Roberto Martins Pereira (45.\/+1), 0:3 Giovanbattista Pedace (47.), 0:4 Ouassim Ouass (58.), 1:4 Sami Rachdi (64.), 1:5 Ouassim Ouass (80.).<\/h4>\n<h4>Bildergalerie: Mithat G\u00fcrser.\u00a0\u00a0<\/h4>\n<\/blockquote>\n<p>\u00a0<\/p>\n\n\n<figure class=\"wp-block-image size-full\"><img loading=\"lazy\" decoding=\"async\" width=\"886\" height=\"666\" src=\"https:\/\/insideamateurfussball-ffm.de\/wp-content\/uploads\/2025\/03\/sportf8-1.jpg\" alt=\"\" class=\"wp-image-24345\" srcset=\"https:\/\/insideamateurfussball-ffm.de\/wp-content\/uploads\/2025\/03\/sportf8-1.jpg 886w, https:\/\/insideamateurfussball-ffm.de\/wp-content\/uploads\/2025\/03\/sportf8-1-300x226.jpg 300w, https:\/\/insideamateurfussball-ffm.de\/wp-content\/uploads\/2025\/03\/sportf8-1-768x577.jpg 768w\" sizes=\"auto, (max-width: 886px) 100vw, 886px\" \/><\/figure>\n\n\n\n<figure class=\"wp-block-gallery has-nested-images columns-default is-cropped wp-block-gallery-1 is-layout-flex wp-block-gallery-is-layout-flex\">\n<figure class=\"wp-block-image size-large\"><img loading=\"lazy\" decoding=\"async\" width=\"886\" height=\"655\" data-id=\"24346\" src=\"https:\/\/insideamateurfussball-ffm.de\/wp-content\/uploads\/2025\/03\/sportf3-1.jpg\" alt=\"\" class=\"wp-image-24346\" srcset=\"https:\/\/insideamateurfussball-ffm.de\/wp-content\/uploads\/2025\/03\/sportf3-1.jpg 886w, https:\/\/insideamateurfussball-ffm.de\/wp-content\/uploads\/2025\/03\/sportf3-1-300x222.jpg 300w, https:\/\/insideamateurfussball-ffm.de\/wp-content\/uploads\/2025\/03\/sportf3-1-768x568.jpg 768w\" sizes=\"auto, (max-width: 886px) 100vw, 886px\" \/><\/figure>\n<\/figure>\n\n\n\n<figure class=\"wp-block-gallery has-nested-images columns-default is-cropped wp-block-gallery-2 is-layout-flex wp-block-gallery-is-layout-flex\">\n<figure class=\"wp-block-image size-large\"><img loading=\"lazy\" decoding=\"async\" width=\"886\" height=\"659\" data-id=\"24347\" src=\"https:\/\/insideamateurfussball-ffm.de\/wp-content\/uploads\/2025\/03\/sportf7-1.jpg\" alt=\"\" class=\"wp-image-24347\" srcset=\"https:\/\/insideamateurfussball-ffm.de\/wp-content\/uploads\/2025\/03\/sportf7-1.jpg 886w, https:\/\/insideamateurfussball-ffm.de\/wp-content\/uploads\/2025\/03\/sportf7-1-300x223.jpg 300w, https:\/\/insideamateurfussball-ffm.de\/wp-content\/uploads\/2025\/03\/sportf7-1-768x571.jpg 768w\" sizes=\"auto, (max-width: 886px) 100vw, 886px\" \/><\/figure>\n<\/figure>\n\n\n\n<figure class=\"wp-block-gallery has-nested-images columns-default is-cropped wp-block-gallery-3 is-layout-flex wp-block-gallery-is-layout-flex\">\n<figure class=\"wp-block-image size-large\"><img loading=\"lazy\" decoding=\"async\" width=\"886\" height=\"660\" data-id=\"24348\" src=\"https:\/\/insideamateurfussball-ffm.de\/wp-content\/uploads\/2025\/03\/sportf2-1.jpg\" alt=\"\" class=\"wp-image-24348\" srcset=\"https:\/\/insideamateurfussball-ffm.de\/wp-content\/uploads\/2025\/03\/sportf2-1.jpg 886w, https:\/\/insideamateurfussball-ffm.de\/wp-content\/uploads\/2025\/03\/sportf2-1-300x223.jpg 300w, https:\/\/insideamateurfussball-ffm.de\/wp-content\/uploads\/2025\/03\/sportf2-1-768x572.jpg 768w\" sizes=\"auto, (max-width: 886px) 100vw, 886px\" \/><\/figure>\n<\/figure>\n\n\n\n<figure class=\"wp-block-gallery has-nested-images columns-default is-cropped wp-block-gallery-4 is-layout-flex wp-block-gallery-is-layout-flex\">\n<figure class=\"wp-block-image size-large\"><img loading=\"lazy\" decoding=\"async\" width=\"886\" height=\"642\" data-id=\"24349\" src=\"https:\/\/insideamateurfussball-ffm.de\/wp-content\/uploads\/2025\/03\/sportf6-1.jpg\" alt=\"\" class=\"wp-image-24349\" srcset=\"https:\/\/insideamateurfussball-ffm.de\/wp-content\/uploads\/2025\/03\/sportf6-1.jpg 886w, https:\/\/insideamateurfussball-ffm.de\/wp-content\/uploads\/2025\/03\/sportf6-1-300x217.jpg 300w, https:\/\/insideamateurfussball-ffm.de\/wp-content\/uploads\/2025\/03\/sportf6-1-768x556.jpg 768w\" sizes=\"auto, (max-width: 886px) 100vw, 886px\" \/><\/figure>\n<\/figure>\n\n\n\n<figure class=\"wp-block-gallery has-nested-images columns-default is-cropped wp-block-gallery-5 is-layout-flex wp-block-gallery-is-layout-flex\">\n<figure class=\"wp-block-image size-large\"><img loading=\"lazy\" decoding=\"async\" width=\"886\" height=\"652\" data-id=\"24350\" src=\"https:\/\/insideamateurfussball-ffm.de\/wp-content\/uploads\/2025\/03\/sportf1-1.jpg\" alt=\"\" class=\"wp-image-24350\" srcset=\"https:\/\/insideamateurfussball-ffm.de\/wp-content\/uploads\/2025\/03\/sportf1-1.jpg 886w, https:\/\/insideamateurfussball-ffm.de\/wp-content\/uploads\/2025\/03\/sportf1-1-300x221.jpg 300w, https:\/\/insideamateurfussball-ffm.de\/wp-content\/uploads\/2025\/03\/sportf1-1-768x565.jpg 768w\" sizes=\"auto, (max-width: 886px) 100vw, 886px\" \/><\/figure>\n<\/figure>\n\n\n\n<figure class=\"wp-block-gallery has-nested-images columns-default is-cropped wp-block-gallery-6 is-layout-flex wp-block-gallery-is-layout-flex\">\n<figure class=\"wp-block-image size-large\"><img loading=\"lazy\" decoding=\"async\" width=\"854\" height=\"691\" data-id=\"24351\" src=\"https:\/\/insideamateurfussball-ffm.de\/wp-content\/uploads\/2025\/03\/sportf5-1.jpg\" alt=\"\" class=\"wp-image-24351\" srcset=\"https:\/\/insideamateurfussball-ffm.de\/wp-content\/uploads\/2025\/03\/sportf5-1.jpg 854w, https:\/\/insideamateurfussball-ffm.de\/wp-content\/uploads\/2025\/03\/sportf5-1-300x243.jpg 300w, https:\/\/insideamateurfussball-ffm.de\/wp-content\/uploads\/2025\/03\/sportf5-1-768x621.jpg 768w\" sizes=\"auto, (max-width: 854px) 100vw, 854px\" \/><\/figure>\n<\/figure>\n\n\n\n<figure class=\"wp-block-gallery has-nested-images columns-default is-cropped wp-block-gallery-7 is-layout-flex wp-block-gallery-is-layout-flex\">\n<figure class=\"wp-block-image size-large\"><img loading=\"lazy\" decoding=\"async\" width=\"886\" height=\"654\" data-id=\"24352\" src=\"https:\/\/insideamateurfussball-ffm.de\/wp-content\/uploads\/2025\/03\/sportf9-1.jpg\" alt=\"\" class=\"wp-image-24352\" srcset=\"https:\/\/insideamateurfussball-ffm.de\/wp-content\/uploads\/2025\/03\/sportf9-1.jpg 886w, https:\/\/insideamateurfussball-ffm.de\/wp-content\/uploads\/2025\/03\/sportf9-1-300x221.jpg 300w, https:\/\/insideamateurfussball-ffm.de\/wp-content\/uploads\/2025\/03\/sportf9-1-768x567.jpg 768w\" sizes=\"auto, (max-width: 886px) 100vw, 886px\" \/><\/figure>\n<\/figure>\n","protected":false},"excerpt":{"rendered":"<p>Der Tabellendritte Spvgg. 03 Fechenheim hat nach dem 5:1-Sieg bei Schlusslicht FFV Sportfreunde nur noch f\u00fcnf Punkte weniger als der Spitzenreiter FC Kalbach. Die &#8222;Speuzer&#8220; bleiben mit f\u00fcnf Punkten sieglos und n\u00e4hern sich weiter der Kreisoberliga Frankfurt an. Unser Fotograf Mithat G\u00fcrser hat auch diese Partie bildlich begleitet.\u00a0\u00a0 FFV Sportfreunde 04 &#8211; Spvgg. 03 Fechenheim [&hellip;]<\/p>\n","protected":false},"author":1,"featured_media":24344,"comment_status":"closed","ping_status":"closed","sticky":true,"template":"","format":"standard","meta":{"footnotes":""},"categories":[10],"tags":[],"class_list":["post-24343","post","type-post","status-publish","format-standard","has-post-thumbnail","hentry","category-verbandsliga-sued"],"_links":{"self":[{"href":"https:\/\/insideamateurfussball-ffm.de\/index.php?rest_route=\/wp\/v2\/posts\/24343","targetHints":{"allow":["GET"]}}],"collection":[{"href":"https:\/\/insideamateurfussball-ffm.de\/index.php?rest_route=\/wp\/v2\/posts"}],"about":[{"href":"https:\/\/insideamateurfussball-ffm.de\/index.php?rest_route=\/wp\/v2\/types\/post"}],"author":[{"embeddable":true,"href":"https:\/\/insideamateurfussball-ffm.de\/index.php?rest_route=\/wp\/v2\/users\/1"}],"replies":[{"embeddable":true,"href":"https:\/\/insideamateurfussball-ffm.de\/index.php?rest_route=%2Fwp%2Fv2%2Fcomments&post=24343"}],"version-history":[{"count":1,"href":"https:\/\/insideamateurfussball-ffm.de\/index.php?rest_route=\/wp\/v2\/posts\/24343\/revisions"}],"predecessor-version":[{"id":24353,"href":"https:\/\/insideamateurfussball-ffm.de\/index.php?rest_route=\/wp\/v2\/posts\/24343\/revisions\/24353"}],"wp:featuredmedia":[{"embeddable":true,"href":"https:\/\/insideamateurfussball-ffm.de\/index.php?rest_route=\/wp\/v2\/media\/24344"}],"wp:attachment":[{"href":"https:\/\/insideamateurfussball-ffm.de\/index.php?rest_route=%2Fwp%2Fv2%2Fmedia&parent=24343"}],"wp:term":[{"taxonomy":"category","embeddable":true,"href":"https:\/\/insideamateurfussball-ffm.de\/index.php?rest_route=%2Fwp%2Fv2%2Fcategories&post=24343"},{"taxonomy":"post_tag","embeddable":true,"href":"https:\/\/insideamateurfussball-ffm.de\/index.php?rest_route=%2Fwp%2Fv2%2Ftags&post=24343"}],"curies":[{"name":"wp","href":"https:\/\/api.w.org\/{rel}","templated":true}]}}