{"id":24280,"date":"2025-03-17T17:21:07","date_gmt":"2025-03-17T16:21:07","guid":{"rendered":"https:\/\/insideamateurfussball-ffm.de\/?p=24280"},"modified":"2025-03-17T17:21:07","modified_gmt":"2025-03-17T16:21:07","slug":"dortelweil-gibt-sieg-und-tabellenspitze-ab","status":"publish","type":"post","link":"https:\/\/insideamateurfussball-ffm.de\/?p=24280","title":{"rendered":"Dortelweil gibt Sieg und Tabellenspitze ab"},"content":{"rendered":"<h4>In \u00dcberzahl gab der SC Dortelweil den Ausw\u00e4rtssieg und damit die Tabellenf\u00fchrung in der Verbandsliga S\u00fcd an den SV Hummetroth ab, der am Freitagabend in Michelstadt mit 7:0 gegen die TS Ober-Roden gewann. Beim SKV Rot-Wei\u00df Darmstadt spielten die Dortelweiler 3:3 und bleiben damit im neuen Jahr ohne Sieg.<\/h4>\n<figure id=\"attachment_23951\" aria-describedby=\"caption-attachment-23951\" style=\"width: 2560px\" class=\"wp-caption alignnone\"><img loading=\"lazy\" decoding=\"async\" class=\"wp-image-23951 size-full\" src=\"http:\/\/insideamateurfussball-ffm.de\/wp-content\/uploads\/2025\/03\/250301-Hummetroth-Dortelweil_IMG_004-scaled.jpg\" alt=\"\" width=\"2560\" height=\"1707\" srcset=\"https:\/\/insideamateurfussball-ffm.de\/wp-content\/uploads\/2025\/03\/250301-Hummetroth-Dortelweil_IMG_004-scaled.jpg 2560w, https:\/\/insideamateurfussball-ffm.de\/wp-content\/uploads\/2025\/03\/250301-Hummetroth-Dortelweil_IMG_004-300x200.jpg 300w, https:\/\/insideamateurfussball-ffm.de\/wp-content\/uploads\/2025\/03\/250301-Hummetroth-Dortelweil_IMG_004-1024x683.jpg 1024w, https:\/\/insideamateurfussball-ffm.de\/wp-content\/uploads\/2025\/03\/250301-Hummetroth-Dortelweil_IMG_004-768x512.jpg 768w, https:\/\/insideamateurfussball-ffm.de\/wp-content\/uploads\/2025\/03\/250301-Hummetroth-Dortelweil_IMG_004-1536x1024.jpg 1536w, https:\/\/insideamateurfussball-ffm.de\/wp-content\/uploads\/2025\/03\/250301-Hummetroth-Dortelweil_IMG_004-2048x1365.jpg 2048w\" sizes=\"auto, (max-width: 2560px) 100vw, 2560px\" \/><figcaption id=\"caption-attachment-23951\" class=\"wp-caption-text\">Der SC Dortelweil bleibt 2025 ohne Sieg. Foto: Archiv Jan Werner.\u00a0\u00a0<\/figcaption><\/figure>\n<h4>SKV Rot-Wei\u00df Darmstadt &#8211; SC Dortelweil 3:3 (0:1)<\/h4>\n<p><img loading=\"lazy\" decoding=\"async\" class=\"alignnone size-full wp-image-328\" src=\"http:\/\/insideamateurfussball-ffm.de\/wp-content\/uploads\/2022\/05\/RWDA.png\" alt=\"\" width=\"76\" height=\"80\" \/><img loading=\"lazy\" decoding=\"async\" class=\"alignnone size-full wp-image-435\" src=\"http:\/\/insideamateurfussball-ffm.de\/wp-content\/uploads\/2022\/05\/Dortelweil.jpg\" alt=\"\" width=\"80\" height=\"80\" \/><\/p>\n<p>Eine Zwei-Tore-F\u00fchrung plus \u00dcberzahl in der Schlussphase reichte nicht aus, um beim Elften der Tabelle die drei Punkte mitzunehmen. Dabei hatten die Wetterauer fr\u00fch durch Moritz Feiler gef\u00fchrt (15.), der einen Abpraller vom Pfosten verwertete.<\/p>\n<p>Nach dem Seitenwechsel erh\u00f6hte Marvin Strenger per Kopfball auf 2:0 (51.), doch die Hausherren hatten schon letzte Woche dem SV Hummetroth ein 2:2 abgekn\u00f6pft. Robin Schwarz verk\u00fcrzte (78.), doch postwendend erh\u00f6hte Strenger mit seinem zweiten Kopfballtreffer (80.).<\/p>\n<blockquote>\n<h4>&#8222;Wenn man ausw\u00e4rts drei Tore macht, muss das eigentlich f\u00fcr einen Sieg reichen&#8220; (Dortelweils Co-Trainer Stefan Geppert)<\/h4>\n<\/blockquote>\n<p>Und obwohl die Platzherren Gelb-Rot gegen Leon Lirch erhielten (85.) erzielten sie in Unterzahl noch zwei Tore und holten noch einen Punkt. Aus 18 Metern verk\u00fcrzte Emin Aykir (88.).<\/p>\n<p>Und in der Nachspielzeit egalisierte der eingewechselte Noel Luca Weilbacher zum 3:3 (90.\/+3). &#8222;Wenn man ausw\u00e4rts drei Tore macht, muss das eigentlich f\u00fcr einen Sieg reichen&#8220;, haderte Dortelweils Co-Trainer Stefan Geppert.<\/p>\n<blockquote>\n<h4>Schiedsrichter: Justin Bechtel (TSG Hoffenheim). Zuschauer: 150.<\/h4>\n<h4>Tore: 0:1 Moritz Feiler (15.), 0:2 Marvin Strenger (51.), 1:2 Robin Schwarz (78.), 1:3 Marvin Strenger (80.), 2:3 Emin Aykir (88.), 3:3 Noel Luca Wembacher (90.\/+3).<\/h4>\n<\/blockquote>\n","protected":false},"excerpt":{"rendered":"<p>In \u00dcberzahl gab der SC Dortelweil den Ausw\u00e4rtssieg und damit die Tabellenf\u00fchrung in der Verbandsliga S\u00fcd an den SV Hummetroth ab, der am Freitagabend in Michelstadt mit 7:0 gegen die TS Ober-Roden gewann. Beim SKV Rot-Wei\u00df Darmstadt spielten die Dortelweiler 3:3 und bleiben damit im neuen Jahr ohne Sieg. SKV Rot-Wei\u00df Darmstadt &#8211; SC Dortelweil [&hellip;]<\/p>\n","protected":false},"author":1,"featured_media":23951,"comment_status":"closed","ping_status":"closed","sticky":true,"template":"","format":"standard","meta":{"footnotes":""},"categories":[10],"tags":[],"class_list":["post-24280","post","type-post","status-publish","format-standard","has-post-thumbnail","hentry","category-verbandsliga-sued"],"_links":{"self":[{"href":"https:\/\/insideamateurfussball-ffm.de\/index.php?rest_route=\/wp\/v2\/posts\/24280","targetHints":{"allow":["GET"]}}],"collection":[{"href":"https:\/\/insideamateurfussball-ffm.de\/index.php?rest_route=\/wp\/v2\/posts"}],"about":[{"href":"https:\/\/insideamateurfussball-ffm.de\/index.php?rest_route=\/wp\/v2\/types\/post"}],"author":[{"embeddable":true,"href":"https:\/\/insideamateurfussball-ffm.de\/index.php?rest_route=\/wp\/v2\/users\/1"}],"replies":[{"embeddable":true,"href":"https:\/\/insideamateurfussball-ffm.de\/index.php?rest_route=%2Fwp%2Fv2%2Fcomments&post=24280"}],"version-history":[{"count":1,"href":"https:\/\/insideamateurfussball-ffm.de\/index.php?rest_route=\/wp\/v2\/posts\/24280\/revisions"}],"predecessor-version":[{"id":24281,"href":"https:\/\/insideamateurfussball-ffm.de\/index.php?rest_route=\/wp\/v2\/posts\/24280\/revisions\/24281"}],"wp:featuredmedia":[{"embeddable":true,"href":"https:\/\/insideamateurfussball-ffm.de\/index.php?rest_route=\/wp\/v2\/media\/23951"}],"wp:attachment":[{"href":"https:\/\/insideamateurfussball-ffm.de\/index.php?rest_route=%2Fwp%2Fv2%2Fmedia&parent=24280"}],"wp:term":[{"taxonomy":"category","embeddable":true,"href":"https:\/\/insideamateurfussball-ffm.de\/index.php?rest_route=%2Fwp%2Fv2%2Fcategories&post=24280"},{"taxonomy":"post_tag","embeddable":true,"href":"https:\/\/insideamateurfussball-ffm.de\/index.php?rest_route=%2Fwp%2Fv2%2Ftags&post=24280"}],"curies":[{"name":"wp","href":"https:\/\/api.w.org\/{rel}","templated":true}]}}