{"id":24276,"date":"2025-03-17T16:56:06","date_gmt":"2025-03-17T15:56:06","guid":{"rendered":"https:\/\/insideamateurfussball-ffm.de\/?p=24276"},"modified":"2025-03-17T16:57:05","modified_gmt":"2025-03-17T15:57:05","slug":"denkzettel-fuer-zeilsheim-im-ederbergland","status":"publish","type":"post","link":"https:\/\/insideamateurfussball-ffm.de\/?p=24276","title":{"rendered":"Denkzettel f\u00fcr Zeilsheim im Ederbergland"},"content":{"rendered":"<h4>Ungewohntes Gef\u00fchl f\u00fcr den SV Zeilsheim: Zum ersten Mal seit der 1:2-Heimniederlage gegen den FV Biebrich Ende September haben die Zeilsheimer mal wieder ein Ligaspiel verloren. Beim FC Ederbergland setzte es eine verdiente 1:4-Pleite.<\/h4>\n<figure id=\"attachment_24277\" aria-describedby=\"caption-attachment-24277\" style=\"width: 1172px\" class=\"wp-caption alignnone\"><img loading=\"lazy\" decoding=\"async\" class=\"wp-image-24277 size-full\" src=\"http:\/\/insideamateurfussball-ffm.de\/wp-content\/uploads\/2025\/03\/21-Rabieullah-Helmand-hat-2-Gegenspieler-auf-den-Fersen.jpg\" alt=\"\" width=\"1172\" height=\"748\" srcset=\"https:\/\/insideamateurfussball-ffm.de\/wp-content\/uploads\/2025\/03\/21-Rabieullah-Helmand-hat-2-Gegenspieler-auf-den-Fersen.jpg 1172w, https:\/\/insideamateurfussball-ffm.de\/wp-content\/uploads\/2025\/03\/21-Rabieullah-Helmand-hat-2-Gegenspieler-auf-den-Fersen-300x191.jpg 300w, https:\/\/insideamateurfussball-ffm.de\/wp-content\/uploads\/2025\/03\/21-Rabieullah-Helmand-hat-2-Gegenspieler-auf-den-Fersen-1024x654.jpg 1024w, https:\/\/insideamateurfussball-ffm.de\/wp-content\/uploads\/2025\/03\/21-Rabieullah-Helmand-hat-2-Gegenspieler-auf-den-Fersen-768x490.jpg 768w\" sizes=\"auto, (max-width: 1172px) 100vw, 1172px\" \/><figcaption id=\"caption-attachment-24277\" class=\"wp-caption-text\">Rabieullah Helmand vom SV Zeilsheim am Ball wird von zwei Gegenspielern flankiert. Foto: Peter Strauch.<\/figcaption><\/figure>\n<h4>FC Ederbergland &#8211; SV Zeilsheim 4:1 (1:0)<\/h4>\n<h4><img loading=\"lazy\" decoding=\"async\" class=\"alignnone size-full wp-image-3686\" src=\"http:\/\/insideamateurfussball-ffm.de\/wp-content\/uploads\/2022\/11\/Ederbergland.jpg\" alt=\"\" width=\"80\" height=\"80\" \/><img loading=\"lazy\" decoding=\"async\" class=\"alignnone size-full wp-image-1153\" src=\"http:\/\/insideamateurfussball-ffm.de\/wp-content\/uploads\/2022\/07\/SVZe.jpg\" alt=\"\" width=\"68\" height=\"80\" \/><\/h4>\n<p>F\u00fcr die Zeilsheimer leistungsm\u00e4\u00dfig in gewisser Weise eine Fortsetzung aus dem eher mauen Auftritt gegen den SC Waldgirmes II zum Restrunden-Auftakt (2:1). &#8222;Es hatte sich da schon ein wenig angek\u00fcndigt. Da haben wir uns auch schon gequ\u00e4lt. Wir befinden uns gerade in einem kleinen Loch. Die Mannschaft hat einfach schlecht Fu\u00dfball gespielt&#8220;, urteilte Zeilsheims Vorsitzender Peter Strauch. Der auch nicht den Zustand des Rasenplatzes in Allendorf oder die krankheitsbedingten Ausf\u00e4lle von Tobias Werther, Andr\u00e9 Flie\u00df oder Patryk Kuras, als Ausrede, f\u00fcr die Pleite gelten lassen wollte.<\/p>\n<p>&#8222;Wenn wir Hessenliga spielen wollen, m\u00fcssen wir mit solchen Platzverh\u00e4ltnissen zurechtkommen. Und eine gute Bank haben wir ja eigentlich auch&#8220;, sagte Strauch. Dennoch r\u00e4chte sich f\u00fcr die Zeilsheimer, dass Samed G\u00fcrsoy wenige Minuten vor dem 1:0 der Gastgeber selbst eine Riesenchance zur F\u00fchrung liegen lie\u00df.<\/p>\n<blockquote>\n<h4>Noch acht komfortable Punkte Vorsprung<\/h4>\n<\/blockquote>\n<p>Stattdessen verwertete Valon Ademi einen Abpraller zur Halbzeitf\u00fchrung, nach einer Stunde baute Eric Fuchs aus. Der nach einer Stunde eingewechselte Jason Ptak erzielte wenige Minuten nach seiner Hereinnahme nach Vorarbeit von Jonatan Tesfaldet den Anschluss und hatte sogar aus zentraler Position das 2:2 auf dem Fu\u00df (70.), schloss aber zu mittig ab.<\/p>\n<p>Besser machte es der FCE, der in der Endphase durch Janne Sch\u00e4fer und Lamin Kamara auf 4:1 stellte. W\u00e4hrend die Gastgeber durch den Sieg vorerst auf Rang drei sprangen, betr\u00e4gt der Zeilsheimer Vorsprung auf den Zweiten Biebrich (hat ein Spiel in der Hinterhand) weiterhin komfortable acht Punkte. Kommenden Sonntag steht das komplizierte Heimspiel gegen Blau-Gelb Marburg an.<\/p>\n<blockquote>\n<h4>Schiedsrichter: Nico Eberhardt (TSV Besse). Tore: 1:0 Valon Ademi (35.), 2:0 Eric Fuchs (60.), 2:1 Jason Ptak (65.), 3:1 Janne Sch\u00e4fer (81.), 4:1 Lamin Kamara (90.\/+4).<\/h4>\n<\/blockquote>\n","protected":false},"excerpt":{"rendered":"<p>Ungewohntes Gef\u00fchl f\u00fcr den SV Zeilsheim: Zum ersten Mal seit der 1:2-Heimniederlage gegen den FV Biebrich Ende September haben die Zeilsheimer mal wieder ein Ligaspiel verloren. Beim FC Ederbergland setzte es eine verdiente 1:4-Pleite. FC Ederbergland &#8211; SV Zeilsheim 4:1 (1:0) F\u00fcr die Zeilsheimer leistungsm\u00e4\u00dfig in gewisser Weise eine Fortsetzung aus dem eher mauen Auftritt [&hellip;]<\/p>\n","protected":false},"author":1,"featured_media":24277,"comment_status":"closed","ping_status":"closed","sticky":true,"template":"","format":"standard","meta":{"footnotes":""},"categories":[32],"tags":[],"class_list":["post-24276","post","type-post","status-publish","format-standard","has-post-thumbnail","hentry","category-verbandsliga-mitte"],"_links":{"self":[{"href":"https:\/\/insideamateurfussball-ffm.de\/index.php?rest_route=\/wp\/v2\/posts\/24276","targetHints":{"allow":["GET"]}}],"collection":[{"href":"https:\/\/insideamateurfussball-ffm.de\/index.php?rest_route=\/wp\/v2\/posts"}],"about":[{"href":"https:\/\/insideamateurfussball-ffm.de\/index.php?rest_route=\/wp\/v2\/types\/post"}],"author":[{"embeddable":true,"href":"https:\/\/insideamateurfussball-ffm.de\/index.php?rest_route=\/wp\/v2\/users\/1"}],"replies":[{"embeddable":true,"href":"https:\/\/insideamateurfussball-ffm.de\/index.php?rest_route=%2Fwp%2Fv2%2Fcomments&post=24276"}],"version-history":[{"count":2,"href":"https:\/\/insideamateurfussball-ffm.de\/index.php?rest_route=\/wp\/v2\/posts\/24276\/revisions"}],"predecessor-version":[{"id":24279,"href":"https:\/\/insideamateurfussball-ffm.de\/index.php?rest_route=\/wp\/v2\/posts\/24276\/revisions\/24279"}],"wp:featuredmedia":[{"embeddable":true,"href":"https:\/\/insideamateurfussball-ffm.de\/index.php?rest_route=\/wp\/v2\/media\/24277"}],"wp:attachment":[{"href":"https:\/\/insideamateurfussball-ffm.de\/index.php?rest_route=%2Fwp%2Fv2%2Fmedia&parent=24276"}],"wp:term":[{"taxonomy":"category","embeddable":true,"href":"https:\/\/insideamateurfussball-ffm.de\/index.php?rest_route=%2Fwp%2Fv2%2Fcategories&post=24276"},{"taxonomy":"post_tag","embeddable":true,"href":"https:\/\/insideamateurfussball-ffm.de\/index.php?rest_route=%2Fwp%2Fv2%2Ftags&post=24276"}],"curies":[{"name":"wp","href":"https:\/\/api.w.org\/{rel}","templated":true}]}}