{"id":24257,"date":"2025-03-15T11:19:35","date_gmt":"2025-03-15T10:19:35","guid":{"rendered":"https:\/\/insideamateurfussball-ffm.de\/?p=24257"},"modified":"2025-03-15T12:46:59","modified_gmt":"2025-03-15T11:46:59","slug":"wichtiger-dreier-im-abstiegskampf-fuer-tuerkguecue","status":"publish","type":"post","link":"https:\/\/insideamateurfussball-ffm.de\/?p=24257","title":{"rendered":"Wichtiger Dreier im Abstiegskampf f\u00fcr T\u00fcrkg\u00fcc\u00fc"},"content":{"rendered":"<h4>T\u00fcrkg\u00fcc\u00fc Frankfurt holt im Abstiegskampf drei wichtige Punkte und siegt beim FV Bad Vilbel trotz 30 Minuten in Unterzahl mit 2:1, damit konnte man den Gegner in der Tabelle \u00fcberfl\u00fcgeln und liegt derzeit au\u00dferhalb der Abstiegsr\u00e4nge.<\/h4>\n<figure id=\"attachment_24271\" aria-describedby=\"caption-attachment-24271\" style=\"width: 886px\" class=\"wp-caption alignnone\"><img loading=\"lazy\" decoding=\"async\" class=\"wp-image-24271 size-full\" src=\"http:\/\/insideamateurfussball-ffm.de\/wp-content\/uploads\/2025\/03\/bwil12.jpg\" alt=\"\" width=\"886\" height=\"664\" srcset=\"https:\/\/insideamateurfussball-ffm.de\/wp-content\/uploads\/2025\/03\/bwil12.jpg 886w, https:\/\/insideamateurfussball-ffm.de\/wp-content\/uploads\/2025\/03\/bwil12-300x225.jpg 300w, https:\/\/insideamateurfussball-ffm.de\/wp-content\/uploads\/2025\/03\/bwil12-768x576.jpg 768w\" sizes=\"auto, (max-width: 886px) 100vw, 886px\" \/><figcaption id=\"caption-attachment-24271\" class=\"wp-caption-text\">Gro\u00dfe Freude bei T\u00fcrkg\u00fcc\u00fc nach dem wichtigen Ausw\u00e4rtssieg. Foto: Mithat G\u00fcrser<\/figcaption><\/figure>\n<h4>FV Bad Vilbel &#8211; T\u00fcrkg\u00fcc\u00fc Frankfurt 1:2 (1:2)<\/h4>\n<p><img loading=\"lazy\" decoding=\"async\" class=\"alignnone size-full wp-image-146\" src=\"http:\/\/insideamateurfussball-ffm.de\/wp-content\/uploads\/2022\/05\/FV-Bad-Vilbel.jpg\" alt=\"\" width=\"80\" height=\"80\" \/><img loading=\"lazy\" decoding=\"async\" class=\"alignnone size-full wp-image-17\" src=\"http:\/\/insideamateurfussball-ffm.de\/wp-content\/uploads\/2021\/11\/Tuerkguecue.jpg\" alt=\"\" width=\"72\" height=\"80\" \/><\/p>\n<p>Nach zwei klaren Niederlagen gegen h\u00f6her klassierte Vereine erwartete T\u00fcrkg\u00fcc\u00fc Frankfurt am Freitagabend unter Flutlicht ein wichtiges Match, man musste zum Tabellennachbarn FV Bad Vilbel, der einen Punkt besser in der Tabelle platziert war. In der Woche lud Trainer Hakan Tekin zu einer Aussprache, in der alle Spieler zur aktuellen Situation geh\u00f6rt wurden, und das hatte positive Auswirkungen auf das Spiel beim Konkurrenten.<\/p>\n<p>Nach dem 1:0 f\u00fcr T\u00fcrkg\u00fcc\u00fc in der 19.Minute durch Taha Azaitouni in der 18.Minute verpassten es die G\u00e4ste, auf 2:0 zu erh\u00f6hen, die Gastgeber kamen dadurch in der 29.Minute durch Soharb Wahidi zum Ausgleich. Trainer Tekin: \u201ewir bleiben nach dem Ausgleich aber im Spiel, sonst gingen nach einem Gegentor die K\u00f6pfe runter.\u201c. Und Kapit\u00e4n Emre Kadimli brachte die Frankfurter noch vor der Pause in der 40.Minute wieder mit 2:1 in F\u00fchrung.<\/p>\n<p>In der zweiten Halbzeit erhielt dann Tayfun G\u00fcrsoy in der 55. und 60.Minute zwei gelbe Karten und musste den Platz mit gelb-rot verlassen. Danach bekam Bad Vilbel Oberwasser und T\u00fcrkg\u00fcc\u00fc konnte zwar nicht spielerisch, aber k\u00e4mpferisch dagegenhalten. Au\u00dfer einer guten Kopfchance f\u00fcr den Gastgeber lie\u00df T\u00fcrkg\u00fcc\u00fc aber kaum etwas zu, im Gegenteil, sie hatten durch Konterchancen sogar die M\u00f6glichkeit, auf 3:1 zu erh\u00f6hen. Aber es blieb bis zum Schluss beim wichtigen Ausw\u00e4rtssieg. Hakan Tekin: \u201edas war unter meiner Regie das Spiel, wo die Mannschaft am meisten Energie auf dem Platz gelassen hat. Wir sind als Einheit aufgetreten und haben uns den Sieg verdient.\u201c<\/p>\n<p>T\u00fcrkg\u00fcc\u00fc \u00fcberfl\u00fcgelte jetzt trotz verlorenen direkten Duells den Gegner Bad Vilbel und weist auf dem 12.Platz zwei Punkte mehr auf. Am n\u00e4chsten Freitag geht es mit einem Heimspiel am Rebstock gegen den derzeit punktgleichen FC Tempo weiter.<\/p>\n<h4>Schiedsrichter: Marcel Reinke (TSV Hain-Gr\u00fcndau). Zuschauer: 126.<\/h4>\n<h4>Tore: 0:1 Taha Azaitouni (18.), 1:1 Soharb Wahidi (29.), 1:2 Emre Kadimli (40.)<\/h4>\n<blockquote>\n<h4>Die Fotogalerie verdanken wir Mithat G\u00fcrser.<\/h4>\n<\/blockquote>\n\n\n<figure class=\"wp-block-image size-full\"><img loading=\"lazy\" decoding=\"async\" width=\"886\" height=\"566\" src=\"http:\/\/insideamateurfussball-ffm.de\/wp-content\/uploads\/2025\/03\/badw-stadion1.jpg\" alt=\"\" class=\"wp-image-24267\" srcset=\"https:\/\/insideamateurfussball-ffm.de\/wp-content\/uploads\/2025\/03\/badw-stadion1.jpg 886w, https:\/\/insideamateurfussball-ffm.de\/wp-content\/uploads\/2025\/03\/badw-stadion1-300x192.jpg 300w, https:\/\/insideamateurfussball-ffm.de\/wp-content\/uploads\/2025\/03\/badw-stadion1-768x491.jpg 768w\" sizes=\"auto, (max-width: 886px) 100vw, 886px\" \/><\/figure>\n\n\n\n<figure class=\"wp-block-image size-full\"><img loading=\"lazy\" decoding=\"async\" width=\"886\" height=\"664\" src=\"http:\/\/insideamateurfussball-ffm.de\/wp-content\/uploads\/2025\/03\/badw-stadion2.jpg\" alt=\"\" class=\"wp-image-24268\" srcset=\"https:\/\/insideamateurfussball-ffm.de\/wp-content\/uploads\/2025\/03\/badw-stadion2.jpg 886w, https:\/\/insideamateurfussball-ffm.de\/wp-content\/uploads\/2025\/03\/badw-stadion2-300x225.jpg 300w, https:\/\/insideamateurfussball-ffm.de\/wp-content\/uploads\/2025\/03\/badw-stadion2-768x576.jpg 768w\" sizes=\"auto, (max-width: 886px) 100vw, 886px\" \/><\/figure>\n\n\n\n<figure class=\"wp-block-image size-full\"><img loading=\"lazy\" decoding=\"async\" width=\"886\" height=\"618\" src=\"http:\/\/insideamateurfussball-ffm.de\/wp-content\/uploads\/2025\/03\/badw-stadion3.jpg\" alt=\"\" class=\"wp-image-24269\" srcset=\"https:\/\/insideamateurfussball-ffm.de\/wp-content\/uploads\/2025\/03\/badw-stadion3.jpg 886w, https:\/\/insideamateurfussball-ffm.de\/wp-content\/uploads\/2025\/03\/badw-stadion3-300x209.jpg 300w, https:\/\/insideamateurfussball-ffm.de\/wp-content\/uploads\/2025\/03\/badw-stadion3-768x536.jpg 768w\" sizes=\"auto, (max-width: 886px) 100vw, 886px\" \/><\/figure>\n\n\n\n<figure class=\"wp-block-image size-full\"><img loading=\"lazy\" decoding=\"async\" width=\"886\" height=\"614\" src=\"http:\/\/insideamateurfussball-ffm.de\/wp-content\/uploads\/2025\/03\/bwil1.jpg\" alt=\"\" class=\"wp-image-24270\" srcset=\"https:\/\/insideamateurfussball-ffm.de\/wp-content\/uploads\/2025\/03\/bwil1.jpg 886w, https:\/\/insideamateurfussball-ffm.de\/wp-content\/uploads\/2025\/03\/bwil1-300x208.jpg 300w, https:\/\/insideamateurfussball-ffm.de\/wp-content\/uploads\/2025\/03\/bwil1-768x532.jpg 768w\" sizes=\"auto, (max-width: 886px) 100vw, 886px\" \/><\/figure>\n\n\n\n<figure class=\"wp-block-image size-full\"><img loading=\"lazy\" decoding=\"async\" width=\"886\" height=\"594\" src=\"http:\/\/insideamateurfussball-ffm.de\/wp-content\/uploads\/2025\/03\/badw2.jpg\" alt=\"\" class=\"wp-image-24258\" srcset=\"https:\/\/insideamateurfussball-ffm.de\/wp-content\/uploads\/2025\/03\/badw2.jpg 886w, https:\/\/insideamateurfussball-ffm.de\/wp-content\/uploads\/2025\/03\/badw2-300x201.jpg 300w, https:\/\/insideamateurfussball-ffm.de\/wp-content\/uploads\/2025\/03\/badw2-768x515.jpg 768w\" sizes=\"auto, (max-width: 886px) 100vw, 886px\" \/><\/figure>\n\n\n\n<figure class=\"wp-block-image size-full\"><img loading=\"lazy\" decoding=\"async\" width=\"886\" height=\"641\" src=\"http:\/\/insideamateurfussball-ffm.de\/wp-content\/uploads\/2025\/03\/badw3.jpg\" alt=\"\" class=\"wp-image-24259\" srcset=\"https:\/\/insideamateurfussball-ffm.de\/wp-content\/uploads\/2025\/03\/badw3.jpg 886w, https:\/\/insideamateurfussball-ffm.de\/wp-content\/uploads\/2025\/03\/badw3-300x217.jpg 300w, https:\/\/insideamateurfussball-ffm.de\/wp-content\/uploads\/2025\/03\/badw3-768x556.jpg 768w\" sizes=\"auto, (max-width: 886px) 100vw, 886px\" \/><\/figure>\n\n\n\n<figure class=\"wp-block-image size-full\"><img loading=\"lazy\" decoding=\"async\" width=\"886\" height=\"644\" src=\"http:\/\/insideamateurfussball-ffm.de\/wp-content\/uploads\/2025\/03\/badw4.jpg\" alt=\"\" class=\"wp-image-24260\" srcset=\"https:\/\/insideamateurfussball-ffm.de\/wp-content\/uploads\/2025\/03\/badw4.jpg 886w, https:\/\/insideamateurfussball-ffm.de\/wp-content\/uploads\/2025\/03\/badw4-300x218.jpg 300w, https:\/\/insideamateurfussball-ffm.de\/wp-content\/uploads\/2025\/03\/badw4-768x558.jpg 768w\" sizes=\"auto, (max-width: 886px) 100vw, 886px\" \/><\/figure>\n\n\n\n<figure class=\"wp-block-image size-full\"><img loading=\"lazy\" decoding=\"async\" width=\"886\" height=\"666\" src=\"http:\/\/insideamateurfussball-ffm.de\/wp-content\/uploads\/2025\/03\/badw5.jpg\" alt=\"\" class=\"wp-image-24261\" srcset=\"https:\/\/insideamateurfussball-ffm.de\/wp-content\/uploads\/2025\/03\/badw5.jpg 886w, https:\/\/insideamateurfussball-ffm.de\/wp-content\/uploads\/2025\/03\/badw5-300x226.jpg 300w, https:\/\/insideamateurfussball-ffm.de\/wp-content\/uploads\/2025\/03\/badw5-768x577.jpg 768w\" sizes=\"auto, (max-width: 886px) 100vw, 886px\" \/><\/figure>\n\n\n\n<figure class=\"wp-block-image size-full\"><img loading=\"lazy\" decoding=\"async\" width=\"886\" height=\"644\" src=\"http:\/\/insideamateurfussball-ffm.de\/wp-content\/uploads\/2025\/03\/badw6.jpg\" alt=\"\" class=\"wp-image-24262\" srcset=\"https:\/\/insideamateurfussball-ffm.de\/wp-content\/uploads\/2025\/03\/badw6.jpg 886w, https:\/\/insideamateurfussball-ffm.de\/wp-content\/uploads\/2025\/03\/badw6-300x218.jpg 300w, https:\/\/insideamateurfussball-ffm.de\/wp-content\/uploads\/2025\/03\/badw6-768x558.jpg 768w\" sizes=\"auto, (max-width: 886px) 100vw, 886px\" \/><\/figure>\n\n\n\n<figure class=\"wp-block-image size-full\"><img loading=\"lazy\" decoding=\"async\" width=\"886\" height=\"618\" src=\"http:\/\/insideamateurfussball-ffm.de\/wp-content\/uploads\/2025\/03\/badw7.jpg\" alt=\"\" class=\"wp-image-24263\" srcset=\"https:\/\/insideamateurfussball-ffm.de\/wp-content\/uploads\/2025\/03\/badw7.jpg 886w, https:\/\/insideamateurfussball-ffm.de\/wp-content\/uploads\/2025\/03\/badw7-300x209.jpg 300w, https:\/\/insideamateurfussball-ffm.de\/wp-content\/uploads\/2025\/03\/badw7-768x536.jpg 768w\" sizes=\"auto, (max-width: 886px) 100vw, 886px\" \/><\/figure>\n\n\n\n<figure class=\"wp-block-image size-full\"><img loading=\"lazy\" decoding=\"async\" width=\"886\" height=\"589\" src=\"http:\/\/insideamateurfussball-ffm.de\/wp-content\/uploads\/2025\/03\/badw8.jpg\" alt=\"\" class=\"wp-image-24264\" srcset=\"https:\/\/insideamateurfussball-ffm.de\/wp-content\/uploads\/2025\/03\/badw8.jpg 886w, https:\/\/insideamateurfussball-ffm.de\/wp-content\/uploads\/2025\/03\/badw8-300x199.jpg 300w, https:\/\/insideamateurfussball-ffm.de\/wp-content\/uploads\/2025\/03\/badw8-768x511.jpg 768w\" sizes=\"auto, (max-width: 886px) 100vw, 886px\" \/><\/figure>\n\n\n\n<figure class=\"wp-block-image size-full\"><img loading=\"lazy\" decoding=\"async\" width=\"886\" height=\"574\" src=\"http:\/\/insideamateurfussball-ffm.de\/wp-content\/uploads\/2025\/03\/badw9.jpg\" alt=\"\" class=\"wp-image-24265\" srcset=\"https:\/\/insideamateurfussball-ffm.de\/wp-content\/uploads\/2025\/03\/badw9.jpg 886w, https:\/\/insideamateurfussball-ffm.de\/wp-content\/uploads\/2025\/03\/badw9-300x194.jpg 300w, https:\/\/insideamateurfussball-ffm.de\/wp-content\/uploads\/2025\/03\/badw9-768x498.jpg 768w\" sizes=\"auto, (max-width: 886px) 100vw, 886px\" \/><\/figure>\n\n\n\n<figure class=\"wp-block-image size-full\"><img loading=\"lazy\" decoding=\"async\" width=\"886\" height=\"625\" src=\"http:\/\/insideamateurfussball-ffm.de\/wp-content\/uploads\/2025\/03\/badw10.jpg\" alt=\"\" class=\"wp-image-24266\" srcset=\"https:\/\/insideamateurfussball-ffm.de\/wp-content\/uploads\/2025\/03\/badw10.jpg 886w, https:\/\/insideamateurfussball-ffm.de\/wp-content\/uploads\/2025\/03\/badw10-300x212.jpg 300w, https:\/\/insideamateurfussball-ffm.de\/wp-content\/uploads\/2025\/03\/badw10-768x542.jpg 768w\" sizes=\"auto, (max-width: 886px) 100vw, 886px\" \/><\/figure>\n","protected":false},"excerpt":{"rendered":"<p>T\u00fcrkg\u00fcc\u00fc Frankfurt holt im Abstiegskampf drei wichtige Punkte und siegt beim FV Bad Vilbel trotz 30 Minuten in Unterzahl mit 2:1, damit konnte man den Gegner in der Tabelle \u00fcberfl\u00fcgeln und liegt derzeit au\u00dferhalb der Abstiegsr\u00e4nge. FV Bad Vilbel &#8211; T\u00fcrkg\u00fcc\u00fc Frankfurt 1:2 (1:2) Nach zwei klaren Niederlagen gegen h\u00f6her klassierte Vereine erwartete T\u00fcrkg\u00fcc\u00fc Frankfurt [&hellip;]<\/p>\n","protected":false},"author":3,"featured_media":24271,"comment_status":"closed","ping_status":"open","sticky":true,"template":"","format":"standard","meta":{"footnotes":""},"categories":[13],"tags":[],"class_list":["post-24257","post","type-post","status-publish","format-standard","has-post-thumbnail","hentry","category-gruppenliga-frankfurt-west"],"_links":{"self":[{"href":"https:\/\/insideamateurfussball-ffm.de\/index.php?rest_route=\/wp\/v2\/posts\/24257","targetHints":{"allow":["GET"]}}],"collection":[{"href":"https:\/\/insideamateurfussball-ffm.de\/index.php?rest_route=\/wp\/v2\/posts"}],"about":[{"href":"https:\/\/insideamateurfussball-ffm.de\/index.php?rest_route=\/wp\/v2\/types\/post"}],"author":[{"embeddable":true,"href":"https:\/\/insideamateurfussball-ffm.de\/index.php?rest_route=\/wp\/v2\/users\/3"}],"replies":[{"embeddable":true,"href":"https:\/\/insideamateurfussball-ffm.de\/index.php?rest_route=%2Fwp%2Fv2%2Fcomments&post=24257"}],"version-history":[{"count":4,"href":"https:\/\/insideamateurfussball-ffm.de\/index.php?rest_route=\/wp\/v2\/posts\/24257\/revisions"}],"predecessor-version":[{"id":24275,"href":"https:\/\/insideamateurfussball-ffm.de\/index.php?rest_route=\/wp\/v2\/posts\/24257\/revisions\/24275"}],"wp:featuredmedia":[{"embeddable":true,"href":"https:\/\/insideamateurfussball-ffm.de\/index.php?rest_route=\/wp\/v2\/media\/24271"}],"wp:attachment":[{"href":"https:\/\/insideamateurfussball-ffm.de\/index.php?rest_route=%2Fwp%2Fv2%2Fmedia&parent=24257"}],"wp:term":[{"taxonomy":"category","embeddable":true,"href":"https:\/\/insideamateurfussball-ffm.de\/index.php?rest_route=%2Fwp%2Fv2%2Fcategories&post=24257"},{"taxonomy":"post_tag","embeddable":true,"href":"https:\/\/insideamateurfussball-ffm.de\/index.php?rest_route=%2Fwp%2Fv2%2Ftags&post=24257"}],"curies":[{"name":"wp","href":"https:\/\/api.w.org\/{rel}","templated":true}]}}