{"id":24227,"date":"2025-03-10T20:14:19","date_gmt":"2025-03-10T19:14:19","guid":{"rendered":"https:\/\/insideamateurfussball-ffm.de\/?p=24227"},"modified":"2025-03-10T20:14:19","modified_gmt":"2025-03-10T19:14:19","slug":"spaeter-enkheimer-ausgleich-bei-tarik","status":"publish","type":"post","link":"https:\/\/insideamateurfussball-ffm.de\/?p=24227","title":{"rendered":"Sp\u00e4ter Enkheimer Ausgleich bei Tarik"},"content":{"rendered":"<h3>In der langen Nachspielzeit kassierte der SV Griesheim Tarik gegen Aufsteiger FC Germania Enkheim noch den Ausgleich zum 3:3 und muss angesichts der Siege vieler Konkurrenten den Blick nach unten richten.<\/h3>\n<figure id=\"attachment_24228\" aria-describedby=\"caption-attachment-24228\" style=\"width: 997px\" class=\"wp-caption alignnone\"><img loading=\"lazy\" decoding=\"async\" class=\"wp-image-24228 size-full\" src=\"http:\/\/insideamateurfussball-ffm.de\/wp-content\/uploads\/2025\/03\/DSC_5594-1.jpg\" alt=\"\" width=\"997\" height=\"748\" srcset=\"https:\/\/insideamateurfussball-ffm.de\/wp-content\/uploads\/2025\/03\/DSC_5594-1.jpg 997w, https:\/\/insideamateurfussball-ffm.de\/wp-content\/uploads\/2025\/03\/DSC_5594-1-300x225.jpg 300w, https:\/\/insideamateurfussball-ffm.de\/wp-content\/uploads\/2025\/03\/DSC_5594-1-768x576.jpg 768w\" sizes=\"auto, (max-width: 997px) 100vw, 997px\" \/><figcaption id=\"caption-attachment-24228\" class=\"wp-caption-text\">Fabian Mihm von Germania Enkheim. Foto: Archiv J\u00f6rg Schulz.\u00a0\u00a0<\/figcaption><\/figure>\n<h3>SV Griesheim Tarik &#8211; FC Germania Enkheim 3:3 (2:1)<\/h3>\n<p><img loading=\"lazy\" decoding=\"async\" class=\"alignnone size-full wp-image-34\" src=\"http:\/\/insideamateurfussball-ffm.de\/wp-content\/uploads\/2021\/11\/Tarik.jpg\" alt=\"\" width=\"80\" height=\"80\" \/><img loading=\"lazy\" decoding=\"async\" class=\"alignnone size-full wp-image-1748\" src=\"http:\/\/insideamateurfussball-ffm.de\/wp-content\/uploads\/2022\/07\/Enkheim-1.jpg\" alt=\"\" width=\"63\" height=\"80\" \/><\/p>\n<p>Die G\u00e4ste gingen durch den langen St\u00fcrmer Lars Trams in F\u00fchrung (22.), die Tarik-Kapit\u00e4n Renato Trauner ausglich (36.). Kurz vor der Pause verwandelte Torj\u00e4ger Ahmet Keser einen Foulelfmeter zum 2:1 (42.). Nach dem Seitenwechsel konnte erneut Trams egalisieren (64.). Dann war Keser nicht zu stoppen und brachte die Heimelf wieder nach vorne (68.). In der langen Nachspielzeit wurde es hektisch. Eine Zeitstrafe gegen Trauner (90.\/+3) lie\u00df die Hausherren in Unterzahl, sodass Eray Aksoy in letzter Sekunde der vielumjubelte Ausgleich f\u00fcr die ausw\u00e4rtsstarken G\u00e4ste gelang (90.\/+7) und in Folge dessen ein Enkheimer Akteur noch eine Zeitstrafe erhielt (90.\/+7).<\/p>\n<p>&#8222;Wir haben zu viele Chancen liegen lassen und nicht so viel investiert. Das war zu wenig von uns. In den folgenden Spielen m\u00fcssen wir unbedingt punkten&#8220;, forderte Tarik-Trainer Hakim Azougagh.<\/p>\n<h3><span style=\"text-decoration: underline;\">&#8222;Nach Schlusspfiff kam es leider zu unsch\u00f6nen Szenen&#8220; (Enkheims Trainer Steffen Wittig)<\/span><\/h3>\n<p>Enkheims Trainer Steffen Wittig meinte: &#8222;Wir waren in der ersten Halbzeit nicht richtig im Spiel, egal ob fu\u00dfballerisch oder von der Einstellung her. In der zweiten Halbzeit waren wir die bessere Mannschaft und sind verdient zum Punkt gekommen.&#8220; Ver\u00e4rgert war Wittig aber aus einem anderen Grund: &#8222;Nach Schlusspfiff kam es leider zu unsch\u00f6nen Szenen, als Zuschauer aus Griesheim das Spielfeld betraten und auch aggressiv gegen\u00fcber unseren Spielern waren. Sowas geh\u00f6rt eigentlich bestraft.&#8220;<\/p>\n<p>Azougagh hatte hingegen beobachtet: &#8222;Es gab einen Tumult, da auch eine Mutter eines Enkheimer Spielers auf dem Feld war und uns angep\u00f6belt hat. Das war also beiderseitig und hat sich schnell wieder beruhigt.&#8220; N\u00e4chsten Sonntag gastiert Tarik dann beim SV 07 Heddernheim um 15 Uhr. Zeitgleich erwartet Enkheim den SV Viktoria Preu\u00dfen.<\/p>\n<h3><span style=\"text-decoration: underline;\">Schiedsrichter: Mohammed Azeez (Taunusstein). Zuschauer: 100. <\/span><\/h3>\n<h3><span style=\"text-decoration: underline;\">Tore: 0:1 Lars Trams (22.), 1:1 Renato Trauner (36.), 2:1 Ahmet Keser (42.\/Foulelfmeter), 2:2 Lars Trams (64.), 3:2 Ahmet Keser (68.), 3:3 Eray Aksoy (90.\/+7).<\/span><\/h3>\n","protected":false},"excerpt":{"rendered":"<p>In der langen Nachspielzeit kassierte der SV Griesheim Tarik gegen Aufsteiger FC Germania Enkheim noch den Ausgleich zum 3:3 und muss angesichts der Siege vieler Konkurrenten den Blick nach unten richten. SV Griesheim Tarik &#8211; FC Germania Enkheim 3:3 (2:1) Die G\u00e4ste gingen durch den langen St\u00fcrmer Lars Trams in F\u00fchrung (22.), die Tarik-Kapit\u00e4n Renato [&hellip;]<\/p>\n","protected":false},"author":1,"featured_media":24228,"comment_status":"closed","ping_status":"closed","sticky":true,"template":"","format":"standard","meta":{"footnotes":""},"categories":[2],"tags":[],"class_list":["post-24227","post","type-post","status-publish","format-standard","has-post-thumbnail","hentry","category-kreisoberliga-frankfurt"],"_links":{"self":[{"href":"https:\/\/insideamateurfussball-ffm.de\/index.php?rest_route=\/wp\/v2\/posts\/24227","targetHints":{"allow":["GET"]}}],"collection":[{"href":"https:\/\/insideamateurfussball-ffm.de\/index.php?rest_route=\/wp\/v2\/posts"}],"about":[{"href":"https:\/\/insideamateurfussball-ffm.de\/index.php?rest_route=\/wp\/v2\/types\/post"}],"author":[{"embeddable":true,"href":"https:\/\/insideamateurfussball-ffm.de\/index.php?rest_route=\/wp\/v2\/users\/1"}],"replies":[{"embeddable":true,"href":"https:\/\/insideamateurfussball-ffm.de\/index.php?rest_route=%2Fwp%2Fv2%2Fcomments&post=24227"}],"version-history":[{"count":1,"href":"https:\/\/insideamateurfussball-ffm.de\/index.php?rest_route=\/wp\/v2\/posts\/24227\/revisions"}],"predecessor-version":[{"id":24229,"href":"https:\/\/insideamateurfussball-ffm.de\/index.php?rest_route=\/wp\/v2\/posts\/24227\/revisions\/24229"}],"wp:featuredmedia":[{"embeddable":true,"href":"https:\/\/insideamateurfussball-ffm.de\/index.php?rest_route=\/wp\/v2\/media\/24228"}],"wp:attachment":[{"href":"https:\/\/insideamateurfussball-ffm.de\/index.php?rest_route=%2Fwp%2Fv2%2Fmedia&parent=24227"}],"wp:term":[{"taxonomy":"category","embeddable":true,"href":"https:\/\/insideamateurfussball-ffm.de\/index.php?rest_route=%2Fwp%2Fv2%2Fcategories&post=24227"},{"taxonomy":"post_tag","embeddable":true,"href":"https:\/\/insideamateurfussball-ffm.de\/index.php?rest_route=%2Fwp%2Fv2%2Ftags&post=24227"}],"curies":[{"name":"wp","href":"https:\/\/api.w.org\/{rel}","templated":true}]}}