{"id":24219,"date":"2025-03-10T19:30:26","date_gmt":"2025-03-10T18:30:26","guid":{"rendered":"https:\/\/insideamateurfussball-ffm.de\/?p=24219"},"modified":"2025-03-10T19:30:26","modified_gmt":"2025-03-10T18:30:26","slug":"croatia-gewinnt-platzderby-nach-furiosem-beginn","status":"publish","type":"post","link":"https:\/\/insideamateurfussball-ffm.de\/?p=24219","title":{"rendered":"Croatia gewinnt Platzderby nach furiosem Beginn"},"content":{"rendered":"<h3>Schlusslicht FC Croatia \u00fcberrollte den Platznachbarn SV 07 Heddernheim in den ersten 13 Minuten mit einer 3:0-F\u00fchrung und brachte den wichtigen 3:2-Sieg gegen den direkten Konkurrenten vor ann\u00e4hernd 200 Zuschauern \u00fcber die Zeit.\u00a0<\/h3>\n<figure id=\"attachment_24220\" aria-describedby=\"caption-attachment-24220\" style=\"width: 640px\" class=\"wp-caption alignright\"><img loading=\"lazy\" decoding=\"async\" class=\"wp-image-24220 size-large\" src=\"http:\/\/insideamateurfussball-ffm.de\/wp-content\/uploads\/2025\/03\/Cro-hed1-1024x577.jpg\" alt=\"\" width=\"640\" height=\"361\" srcset=\"https:\/\/insideamateurfussball-ffm.de\/wp-content\/uploads\/2025\/03\/Cro-hed1-1024x577.jpg 1024w, https:\/\/insideamateurfussball-ffm.de\/wp-content\/uploads\/2025\/03\/Cro-hed1-300x169.jpg 300w, https:\/\/insideamateurfussball-ffm.de\/wp-content\/uploads\/2025\/03\/Cro-hed1-768x432.jpg 768w, https:\/\/insideamateurfussball-ffm.de\/wp-content\/uploads\/2025\/03\/Cro-hed1-1536x865.jpg 1536w, https:\/\/insideamateurfussball-ffm.de\/wp-content\/uploads\/2025\/03\/Cro-hed1.jpg 2048w\" sizes=\"auto, (max-width: 640px) 100vw, 640px\" \/><figcaption id=\"caption-attachment-24220\" class=\"wp-caption-text\">Heddernheims Deniz Yatci (links) gegen Croatias Marcel Ladan. Foto: PA.\u00a0\u00a0<\/figcaption><\/figure>\n<h3>FC Croatia &#8211; SV 07 Heddernheim 3:2 (3:1)<\/h3>\n<p><img loading=\"lazy\" decoding=\"async\" class=\"alignnone size-full wp-image-29\" src=\"http:\/\/insideamateurfussball-ffm.de\/wp-content\/uploads\/2021\/11\/croatia.jpg\" alt=\"\" width=\"63\" height=\"80\" \/><img loading=\"lazy\" decoding=\"async\" class=\"alignnone size-full wp-image-302\" src=\"http:\/\/insideamateurfussball-ffm.de\/wp-content\/uploads\/2022\/05\/1sv07_news2_4511-1.jpg\" alt=\"\" width=\"80\" height=\"80\" \/><\/p>\n<p>Nach 51 Sekunden zappelte der Ball schon im Netz von SVH-Torh\u00fcter Hidayet Yapici. Ein langer Ball erreichte St\u00fcrmer Ivan Propadalo, der zum 1:0 einschob (1.). Und dann hatte Ante Strljic zwei geniale Momente. Sein direkter Freisto\u00df landete zum 2:0 im Winkel (7.) und ein weiterer Distanzschuss landete ebenfalls unhaltbar im oberen Toreck (13.).<\/p>\n<p>3:0 f\u00fcr den Tabellenletzten, die &#8222;G\u00e4ste&#8220;, die auch auf der G\u00e4stebank Platz nehmen mussten, f\u00fchlten sich im falschen Film. Erst in der Folge kamen die ganz in wei\u00df gekleideten Heddernheimer zu ersten Angriffen, vier Minuten sp\u00e4ter verk\u00fcrzte Yassir Achati zum 3:1 (17.) und n\u00e4hrte die Hoffnung auf eine Aufholjagd. So blieb es bei einer herausragenden Kulisse und fr\u00fchlingshaften 18 Grad bis zur Pause. Die Gastgeber, bei denen erstmals der neue Trainer Tino Lagator an der Seitenlinie stand, gerieten nach dem Seitenwechsel unter Druck. Nach einem langen Ball auf Cherano Willef\u00fchr \u00fcberwand der St\u00fcrmer den neuen Croatia-Torwart Josip Galic per Heber zum 3:2 (58.). In der Schlussphase rettete der aus der Hessenliga von Hanau 93 gekommene Torh\u00fcter den Kroaten mit Paraden gegen Cherano (84.) und Marcus Kreckel (88.).<\/p>\n<h3><span style=\"text-decoration: underline;\">&#8222;Wir sind super rein gekommen, genauso wie wir es vor dem Spiel besprochen haben.&#8220; (Croatia-Trainer Tino Lagator)<\/span><\/h3>\n<p>Auch die sechs Minuten Nachspielzeit \u00fcberstanden die Gastgeber w\u00e4hrend der Zeitstrafe gegen Mateo Gamulin (89.) unbeschadet und hatten noch einen Lattenkracher durch Kian Bonanno (90.\/+4). Eingewechselt in der 78. Minute wurde der Ex-Heddernheimer Stefano Amore (2011 &#8211; 2015), der in der Winterpause von den Sportfreunden Oberau (KOL B\u00fcdingen) zu Croatia wechselte. Sehr zufrieden war der neue Croatia-Coach Tino Lagator mit dem Auftritt: &#8222;Wir sind super rein gekommen, genauso wie wir es vor dem Spiel besprochen haben. Sp\u00e4ter haben wir gesehen, dass uns noch die Kraft fehlt. An der Konzentration m\u00fcssen wir arbeiten. Wir haben noch viele Baustellen, ich bin erst seit einigen Tagen da. Diesen Sieg haben wir uns erarbeitet, das hat die Mannschaft geschafft und nicht der Trainer. Nach 13 Minuten 3:0 zu f\u00fchren ist nicht normal, am Ende wurden wir aber hektisch.&#8220;<\/p>\n<p>SVH-Trainer Andreas Berggold war entt\u00e4uscht: &#8222;Wir haben ganz schlecht angefangen, die ersten 15 Minuten total verschlafen. Da waren wir nicht auf dem Platz und haben zu naiv verteidigt. Zum Gl\u00fcck haben wir uns dann gefangen ohne ein gutes Spiel zu machen. Chancen zum Ausgleich hatten wir am Ende, von den beiden Eins-gegen-Eins-Situationen muss man einen machen. Am Ende haben wir verdient verloren, weil Croatia von Minute eins an einfach galliger und pr\u00e4senter war.&#8220; W\u00e4hrend Croatia mit nun 16 Punkten zum Drittletzten nach R\u00f6delheim f\u00e4hrt (15 Uhr) erwartet Heddernheim am Sonntag den nur drei Punkte mehr aufweisenden Tabellenneunten SV Griesheim Tarik.\u00a0<\/p>\n<h3><span style=\"text-decoration: underline;\">Schiedsrichter: \u00dcmit Koc (SC Gie\u00dfen-Sachsenhausen). Zuschauer: 197. <\/span><\/h3>\n<h3><span style=\"text-decoration: underline;\">Tore: 1:0 Ivan Propadalo (1.), 2:0, 3:0 Ante Strljic (7.\/13.), 3:1 Yassir Achati (17.), 3:2 Cherano Willef\u00fchr (58.).<\/span>\u00a0<\/h3>\n\n\n<figure class=\"wp-block-gallery has-nested-images columns-default is-cropped wp-block-gallery-1 is-layout-flex wp-block-gallery-is-layout-flex\">\n<figure class=\"wp-block-image size-large\"><img loading=\"lazy\" decoding=\"async\" width=\"1024\" height=\"577\" data-id=\"24221\" src=\"https:\/\/insideamateurfussball-ffm.de\/wp-content\/uploads\/2025\/03\/cro-hed2-1024x577.jpg\" alt=\"\" class=\"wp-image-24221\" srcset=\"https:\/\/insideamateurfussball-ffm.de\/wp-content\/uploads\/2025\/03\/cro-hed2-1024x577.jpg 1024w, https:\/\/insideamateurfussball-ffm.de\/wp-content\/uploads\/2025\/03\/cro-hed2-300x169.jpg 300w, https:\/\/insideamateurfussball-ffm.de\/wp-content\/uploads\/2025\/03\/cro-hed2-768x432.jpg 768w, https:\/\/insideamateurfussball-ffm.de\/wp-content\/uploads\/2025\/03\/cro-hed2-1536x865.jpg 1536w, https:\/\/insideamateurfussball-ffm.de\/wp-content\/uploads\/2025\/03\/cro-hed2.jpg 2048w\" sizes=\"auto, (max-width: 1024px) 100vw, 1024px\" \/><\/figure>\n<\/figure>\n\n\n\n<figure class=\"wp-block-gallery has-nested-images columns-default is-cropped wp-block-gallery-2 is-layout-flex wp-block-gallery-is-layout-flex\">\n<figure class=\"wp-block-image size-large\"><img loading=\"lazy\" decoding=\"async\" width=\"1024\" height=\"577\" data-id=\"24222\" src=\"https:\/\/insideamateurfussball-ffm.de\/wp-content\/uploads\/2025\/03\/cro-hed3-1024x577.jpg\" alt=\"\" class=\"wp-image-24222\" srcset=\"https:\/\/insideamateurfussball-ffm.de\/wp-content\/uploads\/2025\/03\/cro-hed3-1024x577.jpg 1024w, https:\/\/insideamateurfussball-ffm.de\/wp-content\/uploads\/2025\/03\/cro-hed3-300x169.jpg 300w, https:\/\/insideamateurfussball-ffm.de\/wp-content\/uploads\/2025\/03\/cro-hed3-768x432.jpg 768w, https:\/\/insideamateurfussball-ffm.de\/wp-content\/uploads\/2025\/03\/cro-hed3-1536x865.jpg 1536w, https:\/\/insideamateurfussball-ffm.de\/wp-content\/uploads\/2025\/03\/cro-hed3.jpg 2048w\" sizes=\"auto, (max-width: 1024px) 100vw, 1024px\" \/><\/figure>\n<\/figure>\n\n\n\n<figure class=\"wp-block-gallery has-nested-images columns-default is-cropped wp-block-gallery-3 is-layout-flex wp-block-gallery-is-layout-flex\">\n<figure class=\"wp-block-image size-large\"><img loading=\"lazy\" decoding=\"async\" width=\"1024\" height=\"577\" data-id=\"24223\" src=\"https:\/\/insideamateurfussball-ffm.de\/wp-content\/uploads\/2025\/03\/cro-hed4-1024x577.jpg\" alt=\"\" class=\"wp-image-24223\" srcset=\"https:\/\/insideamateurfussball-ffm.de\/wp-content\/uploads\/2025\/03\/cro-hed4-1024x577.jpg 1024w, https:\/\/insideamateurfussball-ffm.de\/wp-content\/uploads\/2025\/03\/cro-hed4-300x169.jpg 300w, https:\/\/insideamateurfussball-ffm.de\/wp-content\/uploads\/2025\/03\/cro-hed4-768x432.jpg 768w, https:\/\/insideamateurfussball-ffm.de\/wp-content\/uploads\/2025\/03\/cro-hed4-1536x865.jpg 1536w, https:\/\/insideamateurfussball-ffm.de\/wp-content\/uploads\/2025\/03\/cro-hed4.jpg 2048w\" sizes=\"auto, (max-width: 1024px) 100vw, 1024px\" \/><\/figure>\n<\/figure>\n","protected":false},"excerpt":{"rendered":"<p>Schlusslicht FC Croatia \u00fcberrollte den Platznachbarn SV 07 Heddernheim in den ersten 13 Minuten mit einer 3:0-F\u00fchrung und brachte den wichtigen 3:2-Sieg gegen den direkten Konkurrenten vor ann\u00e4hernd 200 Zuschauern \u00fcber die Zeit.\u00a0 FC Croatia &#8211; SV 07 Heddernheim 3:2 (3:1) Nach 51 Sekunden zappelte der Ball schon im Netz von SVH-Torh\u00fcter Hidayet Yapici. Ein [&hellip;]<\/p>\n","protected":false},"author":1,"featured_media":24220,"comment_status":"closed","ping_status":"closed","sticky":true,"template":"","format":"standard","meta":{"footnotes":""},"categories":[2],"tags":[],"class_list":["post-24219","post","type-post","status-publish","format-standard","has-post-thumbnail","hentry","category-kreisoberliga-frankfurt"],"_links":{"self":[{"href":"https:\/\/insideamateurfussball-ffm.de\/index.php?rest_route=\/wp\/v2\/posts\/24219","targetHints":{"allow":["GET"]}}],"collection":[{"href":"https:\/\/insideamateurfussball-ffm.de\/index.php?rest_route=\/wp\/v2\/posts"}],"about":[{"href":"https:\/\/insideamateurfussball-ffm.de\/index.php?rest_route=\/wp\/v2\/types\/post"}],"author":[{"embeddable":true,"href":"https:\/\/insideamateurfussball-ffm.de\/index.php?rest_route=\/wp\/v2\/users\/1"}],"replies":[{"embeddable":true,"href":"https:\/\/insideamateurfussball-ffm.de\/index.php?rest_route=%2Fwp%2Fv2%2Fcomments&post=24219"}],"version-history":[{"count":1,"href":"https:\/\/insideamateurfussball-ffm.de\/index.php?rest_route=\/wp\/v2\/posts\/24219\/revisions"}],"predecessor-version":[{"id":24224,"href":"https:\/\/insideamateurfussball-ffm.de\/index.php?rest_route=\/wp\/v2\/posts\/24219\/revisions\/24224"}],"wp:featuredmedia":[{"embeddable":true,"href":"https:\/\/insideamateurfussball-ffm.de\/index.php?rest_route=\/wp\/v2\/media\/24220"}],"wp:attachment":[{"href":"https:\/\/insideamateurfussball-ffm.de\/index.php?rest_route=%2Fwp%2Fv2%2Fmedia&parent=24219"}],"wp:term":[{"taxonomy":"category","embeddable":true,"href":"https:\/\/insideamateurfussball-ffm.de\/index.php?rest_route=%2Fwp%2Fv2%2Fcategories&post=24219"},{"taxonomy":"post_tag","embeddable":true,"href":"https:\/\/insideamateurfussball-ffm.de\/index.php?rest_route=%2Fwp%2Fv2%2Ftags&post=24219"}],"curies":[{"name":"wp","href":"https:\/\/api.w.org\/{rel}","templated":true}]}}