{"id":24216,"date":"2025-03-10T18:36:23","date_gmt":"2025-03-10T17:36:23","guid":{"rendered":"https:\/\/insideamateurfussball-ffm.de\/?p=24216"},"modified":"2025-03-10T20:17:06","modified_gmt":"2025-03-10T19:17:06","slug":"roedelheim-landet-kantersieg-in-bornheim","status":"publish","type":"post","link":"https:\/\/insideamateurfussball-ffm.de\/?p=24216","title":{"rendered":"R\u00f6delheim landet Kantersieg in Bornheim"},"content":{"rendered":"<h3>Mit der unerwartet hohen 0:5-Heimniederlage gegen den 1. R\u00f6delheimer FC 02 st\u00fcrzt sich die SG Bornheim\/Gr\u00fcn-Wei\u00df II wieder in den Abstiegskampf, w\u00e4hrend die G\u00e4ste wieder voll im Rennen um den Klassenverbleib sind, auch wenn sie nach diesem Spieltag trotz Punktgleichheit mit drei anderen Vereinen den Abstiegsrelegationsplatz belegen.<\/h3>\n<figure id=\"attachment_24217\" aria-describedby=\"caption-attachment-24217\" style=\"width: 886px\" class=\"wp-caption alignnone\"><img loading=\"lazy\" decoding=\"async\" class=\"wp-image-24217 size-full\" src=\"http:\/\/insideamateurfussball-ffm.de\/wp-content\/uploads\/2025\/03\/roedel2.jpg\" alt=\"\" width=\"886\" height=\"606\" srcset=\"https:\/\/insideamateurfussball-ffm.de\/wp-content\/uploads\/2025\/03\/roedel2.jpg 886w, https:\/\/insideamateurfussball-ffm.de\/wp-content\/uploads\/2025\/03\/roedel2-300x205.jpg 300w, https:\/\/insideamateurfussball-ffm.de\/wp-content\/uploads\/2025\/03\/roedel2-768x525.jpg 768w\" sizes=\"auto, (max-width: 886px) 100vw, 886px\" \/><figcaption id=\"caption-attachment-24217\" class=\"wp-caption-text\">Der R\u00f6delheimer FC (in gelb) ist wieder voller Hoffnung um den Klassenverbleib. Foto: Archiv Mithat G\u00fcrser.<\/figcaption><\/figure>\n<h3>SG Bornheim\/Gr\u00fcn-Wei\u00df II &#8211; 1. R\u00f6delheimer FC 02 0:5 (0:1)<\/h3>\n<p><img loading=\"lazy\" decoding=\"async\" class=\"alignnone size-full wp-image-119\" src=\"http:\/\/insideamateurfussball-ffm.de\/wp-content\/uploads\/2022\/05\/Bornheim.jpg\" alt=\"\" width=\"80\" height=\"80\" \/><img loading=\"lazy\" decoding=\"async\" class=\"alignnone size-full wp-image-932\" src=\"http:\/\/insideamateurfussball-ffm.de\/wp-content\/uploads\/2022\/06\/Roedelheim.jpg\" alt=\"\" width=\"80\" height=\"73\" \/><\/p>\n<p>Nachdem man in der Vorwoche mit einer vor allem in der zweiten Halbzeit indiskutablen Leistung gegen den FC Gudesding untergegangen war stand gegen die Reserve des Bornheimer Verbandsligisten Wiedergutmachung auf dem Programm. Beim RFC kehrte mit Aria Razdar der schmerzlich vermisste Stabilisator im Mittelfeld zur\u00fcck, was sich gleich in einem vollkommen anderen Auftreten in der Defensive niederschlug. Auch die defensive Viererkette mit dem \u00fcberragenden Paskal Marinic hatte die gegnerischen Angreifer stets unter Kontrolle und lie\u00df kaum Chancen zu. Bornheim hatte zwar deutlich mehr Ballbesitz, aber der Club war bei seinen Kontern stets gef\u00e4hrlich.<\/p>\n<p>Ali Osman tauchte zweimal gef\u00e4hrlich vor dem Tor auf (7.\/11.), vergab aber jeweils. Nach 28 Minuten erk\u00e4mpfte sich Benedikt Herbert energisch den Ball. Er erhielt den Ball von Niklas Vogt zur\u00fcck und vollstreckte sicher zum 0:1. Leider verletzte sich Herbert dabei und wurde von Noah Heddesheimer ersetzt, der sich nahtlos einf\u00fcgte. In der zweiten H\u00e4lfte wurden die R\u00f6delheimer Ballbesitzphasen immer k\u00fcrzer und der Druck der Bornheimer immer gr\u00f6\u00dfer, doch die Abwehr hielt stand und das 2:0 durch Tilmann Striet (60.) fiel genau zum richtigen Zeitpunkt.<\/p>\n<h3><span style=\"text-decoration: underline;\">Stark aufspielender R\u00f6delheimer Yared<\/span><\/h3>\n<p>Vier Minuten sp\u00e4ter h\u00e4tte Vogt erh\u00f6hen m\u00fcssen, verzog aber nach einer Flanke des nun stark aufspielenden Ebnezer Yared knapp. Nach 72 Minuten war Yared erneut \u00fcber links durch, diesmal vollendete Osman sicher. Das 0:4 (79.) machte Yared dann h\u00f6chstpers\u00f6nlich, und drei Minuten vor Schluss erzielte Vogt nach starkem Zuspiel von Arazm Saghafi den Endstand. Bornheims Trainer Marco Santonastaso, unter dessen Regie auch im zweiten Punktspiel kein Tor gelang, sah im ersten Abschnitt &#8222;viel Ballbesitz bei meinem Team, aber keine richtige Torchance. Nach dem 0:2 haben wir nicht mehr an den Sieg geglaubt und technische Fehler begangen&#8220;, bedauerte Santonastaso. Bornheims Kapit\u00e4n Kevin Hofacker erhielt die Zeitstrafe (79.).<\/p>\n<p>F\u00fcr Bornheim II geht es am kommenden Sonntag mit dem Gastspiel beim Tabellenzweiten VfL Germania 94 weiter (15.30 Uhr). Bereits um 15 Uhr erwarten die R\u00f6delheimer das wiedererstarkte Schlusslicht FC Croatia.<\/p>\n<h3><span style=\"text-decoration: underline;\">Schiedsrichter: Temel Akkan (T\u00fcrkischer SV Wiesbaden). Zuschauer: 50. <\/span><\/h3>\n<h3><span style=\"text-decoration: underline;\">Tore: 0:1 Benedikt Herbert (28.), 0:2 Tilmann Striet (60.), 0:3 Ali Osman (72.), 0:4 Ebnezer Yared (79.), 0:5 Niklas Vogt (86.).<\/span><\/h3>\n","protected":false},"excerpt":{"rendered":"<p>Mit der unerwartet hohen 0:5-Heimniederlage gegen den 1. R\u00f6delheimer FC 02 st\u00fcrzt sich die SG Bornheim\/Gr\u00fcn-Wei\u00df II wieder in den Abstiegskampf, w\u00e4hrend die G\u00e4ste wieder voll im Rennen um den Klassenverbleib sind, auch wenn sie nach diesem Spieltag trotz Punktgleichheit mit drei anderen Vereinen den Abstiegsrelegationsplatz belegen. SG Bornheim\/Gr\u00fcn-Wei\u00df II &#8211; 1. R\u00f6delheimer FC 02 [&hellip;]<\/p>\n","protected":false},"author":1,"featured_media":24217,"comment_status":"closed","ping_status":"closed","sticky":true,"template":"","format":"standard","meta":{"footnotes":""},"categories":[2],"tags":[],"class_list":["post-24216","post","type-post","status-publish","format-standard","has-post-thumbnail","hentry","category-kreisoberliga-frankfurt"],"_links":{"self":[{"href":"https:\/\/insideamateurfussball-ffm.de\/index.php?rest_route=\/wp\/v2\/posts\/24216","targetHints":{"allow":["GET"]}}],"collection":[{"href":"https:\/\/insideamateurfussball-ffm.de\/index.php?rest_route=\/wp\/v2\/posts"}],"about":[{"href":"https:\/\/insideamateurfussball-ffm.de\/index.php?rest_route=\/wp\/v2\/types\/post"}],"author":[{"embeddable":true,"href":"https:\/\/insideamateurfussball-ffm.de\/index.php?rest_route=\/wp\/v2\/users\/1"}],"replies":[{"embeddable":true,"href":"https:\/\/insideamateurfussball-ffm.de\/index.php?rest_route=%2Fwp%2Fv2%2Fcomments&post=24216"}],"version-history":[{"count":3,"href":"https:\/\/insideamateurfussball-ffm.de\/index.php?rest_route=\/wp\/v2\/posts\/24216\/revisions"}],"predecessor-version":[{"id":24230,"href":"https:\/\/insideamateurfussball-ffm.de\/index.php?rest_route=\/wp\/v2\/posts\/24216\/revisions\/24230"}],"wp:featuredmedia":[{"embeddable":true,"href":"https:\/\/insideamateurfussball-ffm.de\/index.php?rest_route=\/wp\/v2\/media\/24217"}],"wp:attachment":[{"href":"https:\/\/insideamateurfussball-ffm.de\/index.php?rest_route=%2Fwp%2Fv2%2Fmedia&parent=24216"}],"wp:term":[{"taxonomy":"category","embeddable":true,"href":"https:\/\/insideamateurfussball-ffm.de\/index.php?rest_route=%2Fwp%2Fv2%2Fcategories&post=24216"},{"taxonomy":"post_tag","embeddable":true,"href":"https:\/\/insideamateurfussball-ffm.de\/index.php?rest_route=%2Fwp%2Fv2%2Ftags&post=24216"}],"curies":[{"name":"wp","href":"https:\/\/api.w.org\/{rel}","templated":true}]}}