{"id":24213,"date":"2025-03-10T09:10:00","date_gmt":"2025-03-10T08:10:00","guid":{"rendered":"https:\/\/insideamateurfussball-ffm.de\/?p=24213"},"modified":"2025-03-10T17:25:23","modified_gmt":"2025-03-10T16:25:23","slug":"dortelweil-beklagt-ausschreitungen-in-griesheim","status":"publish","type":"post","link":"https:\/\/insideamateurfussball-ffm.de\/?p=24213","title":{"rendered":"Dortelweil beklagt Ausschreitungen in Griesheim"},"content":{"rendered":"<h3>Tabellenf\u00fchrer SC Dortelweil kam in der Verbandsliga S\u00fcd bei der abstiegsgef\u00e4hrdeten Viktoria Griesheim nicht \u00fcber ein 1:1 hinaus, verteidigte aber die F\u00fchrungsposition mit einem Punkt Vorsprung (bei zwei mehr ausgetragenen Partien), weil Verfolger SV Hummetroth bei Rot-Wei\u00df Darmstadt nur 2:2 spielte.<\/h3>\n<figure id=\"attachment_23962\" aria-describedby=\"caption-attachment-23962\" style=\"width: 640px\" class=\"wp-caption alignright\"><img loading=\"lazy\" decoding=\"async\" class=\"wp-image-23962 size-large\" src=\"http:\/\/insideamateurfussball-ffm.de\/wp-content\/uploads\/2025\/03\/250301-Hummetroth-Dortelweil_IMG_032-1024x683.jpg\" alt=\"\" width=\"640\" height=\"427\" srcset=\"https:\/\/insideamateurfussball-ffm.de\/wp-content\/uploads\/2025\/03\/250301-Hummetroth-Dortelweil_IMG_032-1024x683.jpg 1024w, https:\/\/insideamateurfussball-ffm.de\/wp-content\/uploads\/2025\/03\/250301-Hummetroth-Dortelweil_IMG_032-300x200.jpg 300w, https:\/\/insideamateurfussball-ffm.de\/wp-content\/uploads\/2025\/03\/250301-Hummetroth-Dortelweil_IMG_032-768x512.jpg 768w, https:\/\/insideamateurfussball-ffm.de\/wp-content\/uploads\/2025\/03\/250301-Hummetroth-Dortelweil_IMG_032-1536x1024.jpg 1536w, https:\/\/insideamateurfussball-ffm.de\/wp-content\/uploads\/2025\/03\/250301-Hummetroth-Dortelweil_IMG_032-2048x1365.jpg 2048w\" sizes=\"auto, (max-width: 640px) 100vw, 640px\" \/><figcaption id=\"caption-attachment-23962\" class=\"wp-caption-text\">Dortelweiler Jubel beim Topspiel in Michelstadt gegen Hummetroth. Foto: Jan Werner.\u00a0<\/figcaption><\/figure>\n<h3>SC Viktoria Griesheim &#8211; SC Dortelweil 1:1 (0:1)<\/h3>\n<p><img loading=\"lazy\" decoding=\"async\" class=\"alignnone size-full wp-image-20529\" src=\"http:\/\/insideamateurfussball-ffm.de\/wp-content\/uploads\/2024\/08\/viktoriagriesheim.png\" alt=\"\" width=\"80\" height=\"80\" \/><img loading=\"lazy\" decoding=\"async\" class=\"alignnone size-full wp-image-598\" src=\"http:\/\/insideamateurfussball-ffm.de\/wp-content\/uploads\/2022\/06\/Dortelweil.jpg\" alt=\"\" width=\"80\" height=\"80\" \/><\/p>\n<p>Von unsch\u00f6nen Szenen berichtete Dortelweils Co-Trainer Stefan Geppert: &#8222;So etwas habe ich in meinen 20 Jahren als Trainer noch nie erlebt&#8220;, beklagte Geppert Ausschreitungen rund um den Kunstrasenplatz am Hegelsberg.<\/p>\n<h3><span style=\"text-decoration: underline;\">&#8222;V\u00f6llig verr\u00fcckt, das hatte nichts mehr mit Fu\u00dfball zu tun&#8220; (Dortelweils Co-Trainer Stefan Geppert)<\/span><\/h3>\n<p>&#8222;Die ganze Griesheimer Ersatzbank war voll mit Menschen, die uns das ganze Spiel \u00fcber beleidigt haben\u00ab, so Geppert. &#8222;Und nach dem Spiel haben sie uns gejagt, sage ich mal. V\u00f6llig verr\u00fcckt, das hatte nichts mehr mit Fu\u00dfball zu tun.&#8220; Sportlich gesehen gingen die Wetterauer durch Orkan-Ziya Beslen fr\u00fch in F\u00fchrung (2.) und mussten nach dem Seitenwechsel den Ausgleich durch Serhii Diachuk hinnehmen (54.).<\/p>\n<p>Doch das war angesichts der Vorkommnisse Nebensache. &#8222;Ich wei\u00df nicht, wie es andere Mannschaften hier erleben, ob es \u00e4hnlich ist. Es wurde einiges aufgenommen, das werden wir auswerten m\u00fcssen und an den Verband schicken&#8220;, \u00e4u\u00dferte sich Geppert.<\/p>\n<h3><span style=\"text-decoration: underline;\">Schiedsrichter: Johannes Helmut Baumann (FSV Fernwald). Zuschauer: 100. <\/span><\/h3>\n<h3><span style=\"text-decoration: underline;\">Tore: 0:1 Orkan-Ziya Beslen (2.), 1:1 Serhii Diachuk (54.).<\/span><\/h3>\n","protected":false},"excerpt":{"rendered":"<p>Tabellenf\u00fchrer SC Dortelweil kam in der Verbandsliga S\u00fcd bei der abstiegsgef\u00e4hrdeten Viktoria Griesheim nicht \u00fcber ein 1:1 hinaus, verteidigte aber die F\u00fchrungsposition mit einem Punkt Vorsprung (bei zwei mehr ausgetragenen Partien), weil Verfolger SV Hummetroth bei Rot-Wei\u00df Darmstadt nur 2:2 spielte. SC Viktoria Griesheim &#8211; SC Dortelweil 1:1 (0:1) Von unsch\u00f6nen Szenen berichtete Dortelweils Co-Trainer [&hellip;]<\/p>\n","protected":false},"author":1,"featured_media":23962,"comment_status":"closed","ping_status":"closed","sticky":true,"template":"","format":"standard","meta":{"footnotes":""},"categories":[10],"tags":[],"class_list":["post-24213","post","type-post","status-publish","format-standard","has-post-thumbnail","hentry","category-verbandsliga-sued"],"_links":{"self":[{"href":"https:\/\/insideamateurfussball-ffm.de\/index.php?rest_route=\/wp\/v2\/posts\/24213","targetHints":{"allow":["GET"]}}],"collection":[{"href":"https:\/\/insideamateurfussball-ffm.de\/index.php?rest_route=\/wp\/v2\/posts"}],"about":[{"href":"https:\/\/insideamateurfussball-ffm.de\/index.php?rest_route=\/wp\/v2\/types\/post"}],"author":[{"embeddable":true,"href":"https:\/\/insideamateurfussball-ffm.de\/index.php?rest_route=\/wp\/v2\/users\/1"}],"replies":[{"embeddable":true,"href":"https:\/\/insideamateurfussball-ffm.de\/index.php?rest_route=%2Fwp%2Fv2%2Fcomments&post=24213"}],"version-history":[{"count":1,"href":"https:\/\/insideamateurfussball-ffm.de\/index.php?rest_route=\/wp\/v2\/posts\/24213\/revisions"}],"predecessor-version":[{"id":24215,"href":"https:\/\/insideamateurfussball-ffm.de\/index.php?rest_route=\/wp\/v2\/posts\/24213\/revisions\/24215"}],"wp:featuredmedia":[{"embeddable":true,"href":"https:\/\/insideamateurfussball-ffm.de\/index.php?rest_route=\/wp\/v2\/media\/23962"}],"wp:attachment":[{"href":"https:\/\/insideamateurfussball-ffm.de\/index.php?rest_route=%2Fwp%2Fv2%2Fmedia&parent=24213"}],"wp:term":[{"taxonomy":"category","embeddable":true,"href":"https:\/\/insideamateurfussball-ffm.de\/index.php?rest_route=%2Fwp%2Fv2%2Fcategories&post=24213"},{"taxonomy":"post_tag","embeddable":true,"href":"https:\/\/insideamateurfussball-ffm.de\/index.php?rest_route=%2Fwp%2Fv2%2Ftags&post=24213"}],"curies":[{"name":"wp","href":"https:\/\/api.w.org\/{rel}","templated":true}]}}