{"id":24210,"date":"2025-03-10T16:48:03","date_gmt":"2025-03-10T15:48:03","guid":{"rendered":"https:\/\/insideamateurfussball-ffm.de\/?p=24210"},"modified":"2025-03-10T16:48:03","modified_gmt":"2025-03-10T15:48:03","slug":"oberrad-erneut-siegreich-gegen-sportfreunde","status":"publish","type":"post","link":"https:\/\/insideamateurfussball-ffm.de\/?p=24210","title":{"rendered":"Oberrad erneut siegreich gegen Sportfreunde"},"content":{"rendered":"<h4>Die Spvgg. 05 Oberrad setzte sich erneut gegen die FFV Sportfreunde 04 durch, diesmal war es beim 3:1 klarer als beim 2:1-Sieg im Pokalviertelfinale vor zwei Wochen. Die Speuzer bleiben damit weiter sieglos.<\/h4>\n<figure id=\"attachment_23830\" aria-describedby=\"caption-attachment-23830\" style=\"width: 2048px\" class=\"wp-caption alignnone\"><img loading=\"lazy\" decoding=\"async\" class=\"wp-image-23830 size-full\" src=\"http:\/\/insideamateurfussball-ffm.de\/wp-content\/uploads\/2025\/02\/O-Speu4.jpg\" alt=\"\" width=\"2048\" height=\"1536\" srcset=\"https:\/\/insideamateurfussball-ffm.de\/wp-content\/uploads\/2025\/02\/O-Speu4.jpg 2048w, https:\/\/insideamateurfussball-ffm.de\/wp-content\/uploads\/2025\/02\/O-Speu4-300x225.jpg 300w, https:\/\/insideamateurfussball-ffm.de\/wp-content\/uploads\/2025\/02\/O-Speu4-1024x768.jpg 1024w, https:\/\/insideamateurfussball-ffm.de\/wp-content\/uploads\/2025\/02\/O-Speu4-768x576.jpg 768w, https:\/\/insideamateurfussball-ffm.de\/wp-content\/uploads\/2025\/02\/O-Speu4-1536x1152.jpg 1536w\" sizes=\"auto, (max-width: 2048px) 100vw, 2048px\" \/><figcaption id=\"caption-attachment-23830\" class=\"wp-caption-text\">Szene aus dem Pokalspiel vor zwei Wochen. Foto: Archiv PA<\/figcaption><\/figure>\n<h4>Spvgg. 05 Oberrad &#8211; FFV Sportfreunde 04 3:1 (3:1)<\/h4>\n<p><img loading=\"lazy\" decoding=\"async\" class=\"alignnone size-full wp-image-137\" src=\"http:\/\/insideamateurfussball-ffm.de\/wp-content\/uploads\/2022\/05\/Oberrad05.jpg\" alt=\"\" width=\"79\" height=\"80\" \/><img loading=\"lazy\" decoding=\"async\" class=\"alignnone size-full wp-image-141\" src=\"http:\/\/insideamateurfussball-ffm.de\/wp-content\/uploads\/2022\/05\/Speuzer.jpg\" alt=\"\" width=\"80\" height=\"80\" \/><\/p>\n<p>Vor zwei Wochen hatte die Spvgg. 05 Oberrad einige Probleme, sich im Viertelfinale des Kreispokals mit 2:1 gegen die FFV Sportfreunde 04 durchzusetzen, diesmal lie\u00dfen sie nichts anbrennen und gewannen mit 3:1, das Ergebnis stand schon zur Halbzeit fest. Oberrad ging fr\u00fch durch David Bremerich in der 12.Minute mit 1:0 in F\u00fchrung, ehe die Speuzer in der 19.Minute zum Ausgleich kamen, Sami Rachdi war per Kopf nach einem Standard erfolgreich. Aber erneut David Bremerich erh\u00f6hte nur 5 Minuten sp\u00e4ter auf 2:1 (24.), quasi mit dem Pausenpfiff fiel dann das 3:1 durch Mehmet Germeli.<\/p>\n<p>Oberrads Trainer Gabriel Bernstein war mit der Leistung seiner Mannschaft vor allen Dingen in der ersten Halbzeit zufrieden. Milan Matijevic, der im Winter zur DJK Spfr. Bad Homburg wechselte, ist wieder zur\u00fcckgekehrt und vergab zwei gro\u00dfe Chancen alleinstehend vor dem gegnerischen Torwart und musste in der Pause verletzungsbedingt ausgewechselt werden. Bernstein: \u201ezweite Halbzeit war sehr schleppend und z\u00e4h, auch nicht mehr gut, wir hatten keine Struktur mehr in unserem Spiel, der Sieg geht mit 3:1 absolut in Ordnung in einem fairen Spiel.\u201c Auch der Speuzer Trainer Lamine Kaiser sprach von einem \u201everdienten Sieg\u201c von Oberrad: \u201ewir hatten eine Reihe von Chancen, wobei Oberrad aber die gr\u00f6\u00dferen Chancen hatte. Ich bin nicht unzufrieden mit der Leistung und rechne es der Mannschaft hoch an, dass sie nach dem 0:6 am vergangenen Wochenende sich psychologisch nicht hat runterziehen lassen. Wir haben jetzt gegen Fechenheim und Kalbach noch zwei sehr schwere Spiele, ehe dann Gegner kommen, wo wir vielleicht noch mal punkten k\u00f6nnen.\u201c<\/p>\n<p>W\u00e4hrend die Speuzer auf Fechenheim treffen, muss Oberrad zum Tabellenvorletzten 1.FC-TSG K\u00f6nigstein.<\/p>\n<h4>Schiedsrichter: Dominik Ro\u00df (TSV 1909 Lengfeld). Zuschauer: 60.<\/h4>\n<h4>Tore: 1:0 David Bremerich (12.), 1:1 Sami Rachdi (19.), 2:1 David Bremerich (24.), 3:1 Mehmet Germeli (45.)<\/h4>\n","protected":false},"excerpt":{"rendered":"<p>Die Spvgg. 05 Oberrad setzte sich erneut gegen die FFV Sportfreunde 04 durch, diesmal war es beim 3:1 klarer als beim 2:1-Sieg im Pokalviertelfinale vor zwei Wochen. Die Speuzer bleiben damit weiter sieglos. Spvgg. 05 Oberrad &#8211; FFV Sportfreunde 04 3:1 (3:1) Vor zwei Wochen hatte die Spvgg. 05 Oberrad einige Probleme, sich im Viertelfinale [&hellip;]<\/p>\n","protected":false},"author":3,"featured_media":23830,"comment_status":"closed","ping_status":"open","sticky":true,"template":"","format":"standard","meta":{"footnotes":""},"categories":[13],"tags":[],"class_list":["post-24210","post","type-post","status-publish","format-standard","has-post-thumbnail","hentry","category-gruppenliga-frankfurt-west"],"_links":{"self":[{"href":"https:\/\/insideamateurfussball-ffm.de\/index.php?rest_route=\/wp\/v2\/posts\/24210","targetHints":{"allow":["GET"]}}],"collection":[{"href":"https:\/\/insideamateurfussball-ffm.de\/index.php?rest_route=\/wp\/v2\/posts"}],"about":[{"href":"https:\/\/insideamateurfussball-ffm.de\/index.php?rest_route=\/wp\/v2\/types\/post"}],"author":[{"embeddable":true,"href":"https:\/\/insideamateurfussball-ffm.de\/index.php?rest_route=\/wp\/v2\/users\/3"}],"replies":[{"embeddable":true,"href":"https:\/\/insideamateurfussball-ffm.de\/index.php?rest_route=%2Fwp%2Fv2%2Fcomments&post=24210"}],"version-history":[{"count":2,"href":"https:\/\/insideamateurfussball-ffm.de\/index.php?rest_route=\/wp\/v2\/posts\/24210\/revisions"}],"predecessor-version":[{"id":24214,"href":"https:\/\/insideamateurfussball-ffm.de\/index.php?rest_route=\/wp\/v2\/posts\/24210\/revisions\/24214"}],"wp:featuredmedia":[{"embeddable":true,"href":"https:\/\/insideamateurfussball-ffm.de\/index.php?rest_route=\/wp\/v2\/media\/23830"}],"wp:attachment":[{"href":"https:\/\/insideamateurfussball-ffm.de\/index.php?rest_route=%2Fwp%2Fv2%2Fmedia&parent=24210"}],"wp:term":[{"taxonomy":"category","embeddable":true,"href":"https:\/\/insideamateurfussball-ffm.de\/index.php?rest_route=%2Fwp%2Fv2%2Fcategories&post=24210"},{"taxonomy":"post_tag","embeddable":true,"href":"https:\/\/insideamateurfussball-ffm.de\/index.php?rest_route=%2Fwp%2Fv2%2Ftags&post=24210"}],"curies":[{"name":"wp","href":"https:\/\/api.w.org\/{rel}","templated":true}]}}