{"id":24208,"date":"2025-03-10T09:00:00","date_gmt":"2025-03-10T08:00:00","guid":{"rendered":"https:\/\/insideamateurfussball-ffm.de\/?p=24208"},"modified":"2025-03-10T16:42:40","modified_gmt":"2025-03-10T15:42:40","slug":"zeilsheim-knapper-heimsieg-gegen-waldgirmes-ii","status":"publish","type":"post","link":"https:\/\/insideamateurfussball-ffm.de\/?p=24208","title":{"rendered":"Zeilsheim: Knapper Heimsieg gegen Waldgirmes II"},"content":{"rendered":"<h3>Mit einem knappen 2:1-Heimsieg gegen den SC Waldgirmes II bleibt der SV Zeilsheim in der Verbandsliga Mitte mit elf Punkten Vorsprung auf Hessenliga-Kurs.<\/h3>\n<figure id=\"attachment_24209\" aria-describedby=\"caption-attachment-24209\" style=\"width: 496px\" class=\"wp-caption alignright\"><img loading=\"lazy\" decoding=\"async\" class=\"wp-image-24209 size-full\" src=\"http:\/\/insideamateurfussball-ffm.de\/wp-content\/uploads\/2025\/03\/20-Andre-Flies-der-Antreiber-im-Spiel-des-SV-musste-in-der-Halbzeit-ausgewechselt-werden.jpg\" alt=\"\" width=\"496\" height=\"748\" srcset=\"https:\/\/insideamateurfussball-ffm.de\/wp-content\/uploads\/2025\/03\/20-Andre-Flies-der-Antreiber-im-Spiel-des-SV-musste-in-der-Halbzeit-ausgewechselt-werden.jpg 496w, https:\/\/insideamateurfussball-ffm.de\/wp-content\/uploads\/2025\/03\/20-Andre-Flies-der-Antreiber-im-Spiel-des-SV-musste-in-der-Halbzeit-ausgewechselt-werden-199x300.jpg 199w\" sizes=\"auto, (max-width: 496px) 100vw, 496px\" \/><figcaption id=\"caption-attachment-24209\" class=\"wp-caption-text\">Zeilsheims Spielmacher Andre Flie\u00df am Ball. Foto: Peter Strauch.\u00a0\u00a0<\/figcaption><\/figure>\n<h3>SV Zeilsheim &#8211; SC Waldgirmes II 2:1 (2:0)<\/h3>\n<p><img loading=\"lazy\" decoding=\"async\" class=\"alignnone size-full wp-image-1153\" src=\"http:\/\/insideamateurfussball-ffm.de\/wp-content\/uploads\/2022\/07\/SVZe.jpg\" alt=\"\" width=\"68\" height=\"80\" \/><img loading=\"lazy\" decoding=\"async\" class=\"alignnone size-full wp-image-2461\" src=\"http:\/\/insideamateurfussball-ffm.de\/wp-content\/uploads\/2022\/09\/Waldgi.jpg\" alt=\"\" width=\"78\" height=\"80\" \/><\/p>\n<p>Weil die Verfolger sich gegenseitig die Punkte wegnehmen und der SVZ den SC Waldgirmes II knapp besiegt, sind die &#8222;Gr\u00fcne&#8220; nun elf Punkte vorne. Sie mussten mehr zittern als n\u00f6tig, doch am Ende brachten die Fu\u00dfballer des SV Zeilsheim einen 2:1-Sieg gegen Kellerkind SC Waldgirmes II \u00fcber die Zeit.<\/p>\n<p>&#8222;Es war eine schwere Geburt&#8220;, atmete Zeilsheims Vorsitzender Peter Strauch anschlie\u00dfend durch. Schon fr\u00fch stellten die Zeilsheimer, bei denen Niklas Dillitz zur ersten Halbzeit nach seiner langen Verletzung noch geschont wurde, die Weichen auf Sieg. Und profitierte dabei auch von einer vergebenen Riesenchance von St\u00fcrmer Fabian Br\u00e4uer, der aus drei Metern den Ball \u00fcber das Tor bugsierte.<\/p>\n<h3><span style=\"text-decoration: underline;\">&#8222;Danach ist das Spiel so vor sich hin gepl\u00e4tschert&#8220; (Zeilsheims Vorsitzender Peter Strauch)<\/span><\/h3>\n<p>Auf der Gegenseite klingelte es dann: Niklas Gerstberger spielte zu Dorian Miric, der von halblinks per Flachschuss zur F\u00fchrung traf (4.). Wenig sp\u00e4ter lie\u00df Dominik Ortega Tapia nach Vorarbeit von Leonardo Bianco das 2:0 folgen (18.). &#8222;Danach ist das Spiel so vor sich hingepl\u00e4tschert&#8220;, sagte Strauch. Dorian Miric traf zum 3:0, wurde aber wegen Abseits zur\u00fcckgepfiffen. Stattdessen klingelte es im Gegenzug und wieder traf Dorian Miric. Sein missgl\u00fcckter Kl\u00e4rungsversuch auf der Torlinie wurde als Eigentor gewertet (75.).<\/p>\n<p>&#8222;Anschlie\u00dfend wurde es nochmal ein bisschen wild, aber wir haben gut verteidigt&#8220;, sagte Strauch. Somit brachte Zeilsheim den knappen Vorsprung \u00fcber die Zeit und baute den Vorsprung an der Tabellenspitze auf nunmehr elf Punkte (bei einer absolvierten Partie mehr) auf die Verfolgermeute aus. Bleibt unter dem Strich ein Arbeitssieg, mit dem die Wahrscheinlichkeit, kommende Saison Hessenliga zu spielen, sicherlich nicht kleiner geworden ist. &#8222;Wir planen zweigleisig&#8220;, sagt Strauch. Kommende Woche wartet jedoch ausw\u00e4rts beim FC Ederbergland eine echte Reifepr\u00fcfung. &#8222;Ich kann mich adhoc nicht erinnern, wann wir da mal zuletzt gewonnen haben&#8220;, wei\u00dft Strauch ob der Schwere der Aufgabe.<\/p>\n<h3><span style=\"text-decoration: underline;\">Schiedsrichter: Luca Mellin (FV 06 Sprendlingen). Tore: 1:0 Dorian Miric (4.), 2:0 Dominik Ortega Tapia (17.), 2:1 Dorian Miric (75.\/Eigentor).<\/span><\/h3>\n","protected":false},"excerpt":{"rendered":"<p>Mit einem knappen 2:1-Heimsieg gegen den SC Waldgirmes II bleibt der SV Zeilsheim in der Verbandsliga Mitte mit elf Punkten Vorsprung auf Hessenliga-Kurs. SV Zeilsheim &#8211; SC Waldgirmes II 2:1 (2:0) Weil die Verfolger sich gegenseitig die Punkte wegnehmen und der SVZ den SC Waldgirmes II knapp besiegt, sind die &#8222;Gr\u00fcne&#8220; nun elf Punkte vorne. [&hellip;]<\/p>\n","protected":false},"author":1,"featured_media":24209,"comment_status":"closed","ping_status":"closed","sticky":true,"template":"","format":"standard","meta":{"footnotes":""},"categories":[32],"tags":[],"class_list":["post-24208","post","type-post","status-publish","format-standard","has-post-thumbnail","hentry","category-verbandsliga-mitte"],"_links":{"self":[{"href":"https:\/\/insideamateurfussball-ffm.de\/index.php?rest_route=\/wp\/v2\/posts\/24208","targetHints":{"allow":["GET"]}}],"collection":[{"href":"https:\/\/insideamateurfussball-ffm.de\/index.php?rest_route=\/wp\/v2\/posts"}],"about":[{"href":"https:\/\/insideamateurfussball-ffm.de\/index.php?rest_route=\/wp\/v2\/types\/post"}],"author":[{"embeddable":true,"href":"https:\/\/insideamateurfussball-ffm.de\/index.php?rest_route=\/wp\/v2\/users\/1"}],"replies":[{"embeddable":true,"href":"https:\/\/insideamateurfussball-ffm.de\/index.php?rest_route=%2Fwp%2Fv2%2Fcomments&post=24208"}],"version-history":[{"count":1,"href":"https:\/\/insideamateurfussball-ffm.de\/index.php?rest_route=\/wp\/v2\/posts\/24208\/revisions"}],"predecessor-version":[{"id":24211,"href":"https:\/\/insideamateurfussball-ffm.de\/index.php?rest_route=\/wp\/v2\/posts\/24208\/revisions\/24211"}],"wp:featuredmedia":[{"embeddable":true,"href":"https:\/\/insideamateurfussball-ffm.de\/index.php?rest_route=\/wp\/v2\/media\/24209"}],"wp:attachment":[{"href":"https:\/\/insideamateurfussball-ffm.de\/index.php?rest_route=%2Fwp%2Fv2%2Fmedia&parent=24208"}],"wp:term":[{"taxonomy":"category","embeddable":true,"href":"https:\/\/insideamateurfussball-ffm.de\/index.php?rest_route=%2Fwp%2Fv2%2Fcategories&post=24208"},{"taxonomy":"post_tag","embeddable":true,"href":"https:\/\/insideamateurfussball-ffm.de\/index.php?rest_route=%2Fwp%2Fv2%2Ftags&post=24208"}],"curies":[{"name":"wp","href":"https:\/\/api.w.org\/{rel}","templated":true}]}}