{"id":24196,"date":"2025-03-10T16:18:43","date_gmt":"2025-03-10T15:18:43","guid":{"rendered":"https:\/\/insideamateurfussball-ffm.de\/?p=24196"},"modified":"2025-03-10T16:18:43","modified_gmt":"2025-03-10T15:18:43","slug":"tuerkguecue-chancenlos-in-stierstadt","status":"publish","type":"post","link":"https:\/\/insideamateurfussball-ffm.de\/?p=24196","title":{"rendered":"T\u00fcrkg\u00fcc\u00fc chancenlos in Stierstadt"},"content":{"rendered":"<h4>Auch im zweiten Spiel nach der Winterpause war T\u00fcrkg\u00fcc\u00fc Frankfurt chancenlos und verlor auch in der H\u00f6he verdient beim FV Stierstadt. Der Kampf gegen den Abstieg bleibt dramatisch.<\/h4>\n<figure id=\"attachment_24199\" aria-describedby=\"caption-attachment-24199\" style=\"width: 886px\" class=\"wp-caption alignnone\"><img loading=\"lazy\" decoding=\"async\" class=\"wp-image-24199 size-full\" src=\"http:\/\/insideamateurfussball-ffm.de\/wp-content\/uploads\/2025\/03\/tuerkguecue3.jpg\" alt=\"\" width=\"886\" height=\"600\" srcset=\"https:\/\/insideamateurfussball-ffm.de\/wp-content\/uploads\/2025\/03\/tuerkguecue3.jpg 886w, https:\/\/insideamateurfussball-ffm.de\/wp-content\/uploads\/2025\/03\/tuerkguecue3-300x203.jpg 300w, https:\/\/insideamateurfussball-ffm.de\/wp-content\/uploads\/2025\/03\/tuerkguecue3-768x520.jpg 768w\" sizes=\"auto, (max-width: 886px) 100vw, 886px\" \/><figcaption id=\"caption-attachment-24199\" class=\"wp-caption-text\">Der FV Stierstadt war zu stark f\u00fcr T\u00fcrkg\u00fcc\u00fc. Foto: Mithat G\u00fcrser<\/figcaption><\/figure>\n<h4>FV Stierstadt &#8211; T\u00fcrkg\u00fcc\u00fc Frankfurt 4:1 (3:0)<\/h4>\n<p><img loading=\"lazy\" decoding=\"async\" class=\"alignnone size-full wp-image-3054\" src=\"http:\/\/insideamateurfussball-ffm.de\/wp-content\/uploads\/2022\/10\/Stierstadt.png\" alt=\"\" width=\"80\" height=\"80\" \/><img loading=\"lazy\" decoding=\"async\" class=\"alignnone size-full wp-image-17\" src=\"http:\/\/insideamateurfussball-ffm.de\/wp-content\/uploads\/2021\/11\/Tuerkguecue.jpg\" alt=\"\" width=\"72\" height=\"80\" \/><\/p>\n<p>Nach dem 0:4 gegen Friedrichsdorf wollte T\u00fcrkg\u00fcc\u00fc Frankfurt etwas beim FV Stierstadt mitnehmen, doch am Ende unterlag man nach den Worten von Trainer Hakan Tekin \u201eauch in der H\u00f6he verdient\u201c mit 1:4. Tekin: \u201ewir haben in der ersten Halbzeit \u00fcberhaupt keinen Zugriff auf das Spiel bekommen.\u201c Folgerichtig lag der FV Stierstadt, als Achter im gesicherten Mittelfeld postiert, zur Halbzeit bereits mit 3:0 in F\u00fchrung. Yuto Hamazaki brachte die Gastgeber bereits in der 11.Minute in F\u00fchrung, Mazin Ali Awad Haroun in der 28.Minute und Joshua Lyzcarz in der 39.minute bauten die F\u00fchrung bis zur Halbzeit aus.<\/p>\n<p>In der zweiten Halbzeit war das Spiel etwas ausgeglichener, Stierstadt erh\u00f6hte in der 50.Minute auf 4:0 und T\u00fcrkg\u00fcc\u00fcs Kapit\u00e4n Emre Kadimli war es vorbehalten, den Ehrentreffer in der 82.Minute zu markieren. Tekin: \u201edas war ein gebrauchter Sonntag, wir m\u00fcssen jetzt das Ruder rumrei\u00dfen und es am Freitag in Bad Vilbel besser machen.\u201c<\/p>\n<p>An den beiden n\u00e4chsten Freitagen geht es f\u00fcr T\u00fcrkg\u00fcc\u00fc gegen Tabellennachbarn, dem Ausw\u00e4rtsspiel in Bad Vilbel folgt dann das Heimspiel gegen den FC Tempo.<\/p>\n<h4>Schiedsrichter: Thomas Vogel (TSV Gro\u00dfen-Linden). Zuschauer: 124.<\/h4>\n<h4>Tore: 1:0 Yuto Hamazaki (11.), 2:0 Mazin Ali Awad Haroun (28.), 3:0 Joshua Lyzcarz (39.), 4:0 Nico Matticoli (50.), 4:1 Emre Kadimli (82.)<\/h4>\n<blockquote>\n<h4>Die Fotos stellte uns Mithat G\u00fcrser zur Verf\u00fcgung, vielen Dank.<\/h4>\n<\/blockquote>\n\n\n<figure class=\"wp-block-image size-full\"><img loading=\"lazy\" decoding=\"async\" width=\"886\" height=\"584\" src=\"http:\/\/insideamateurfussball-ffm.de\/wp-content\/uploads\/2025\/03\/tuerkguecue1.jpg\" alt=\"\" class=\"wp-image-24197\" srcset=\"https:\/\/insideamateurfussball-ffm.de\/wp-content\/uploads\/2025\/03\/tuerkguecue1.jpg 886w, https:\/\/insideamateurfussball-ffm.de\/wp-content\/uploads\/2025\/03\/tuerkguecue1-300x198.jpg 300w, https:\/\/insideamateurfussball-ffm.de\/wp-content\/uploads\/2025\/03\/tuerkguecue1-768x506.jpg 768w\" sizes=\"auto, (max-width: 886px) 100vw, 886px\" \/><\/figure>\n\n\n\n<figure class=\"wp-block-image size-full\"><img loading=\"lazy\" decoding=\"async\" width=\"886\" height=\"651\" src=\"http:\/\/insideamateurfussball-ffm.de\/wp-content\/uploads\/2025\/03\/tuerkguecue2.jpg\" alt=\"\" class=\"wp-image-24198\" srcset=\"https:\/\/insideamateurfussball-ffm.de\/wp-content\/uploads\/2025\/03\/tuerkguecue2.jpg 886w, https:\/\/insideamateurfussball-ffm.de\/wp-content\/uploads\/2025\/03\/tuerkguecue2-300x220.jpg 300w, https:\/\/insideamateurfussball-ffm.de\/wp-content\/uploads\/2025\/03\/tuerkguecue2-768x564.jpg 768w\" sizes=\"auto, (max-width: 886px) 100vw, 886px\" \/><\/figure>\n\n\n\n<figure class=\"wp-block-image size-full\"><img loading=\"lazy\" decoding=\"async\" width=\"886\" height=\"632\" src=\"http:\/\/insideamateurfussball-ffm.de\/wp-content\/uploads\/2025\/03\/tuerkguecue4.jpg\" alt=\"\" class=\"wp-image-24200\" srcset=\"https:\/\/insideamateurfussball-ffm.de\/wp-content\/uploads\/2025\/03\/tuerkguecue4.jpg 886w, https:\/\/insideamateurfussball-ffm.de\/wp-content\/uploads\/2025\/03\/tuerkguecue4-300x214.jpg 300w, https:\/\/insideamateurfussball-ffm.de\/wp-content\/uploads\/2025\/03\/tuerkguecue4-768x548.jpg 768w\" sizes=\"auto, (max-width: 886px) 100vw, 886px\" \/><\/figure>\n\n\n\n<figure class=\"wp-block-image size-full\"><img loading=\"lazy\" decoding=\"async\" width=\"886\" height=\"702\" src=\"http:\/\/insideamateurfussball-ffm.de\/wp-content\/uploads\/2025\/03\/tuerkguecue5.jpg\" alt=\"\" class=\"wp-image-24201\" srcset=\"https:\/\/insideamateurfussball-ffm.de\/wp-content\/uploads\/2025\/03\/tuerkguecue5.jpg 886w, https:\/\/insideamateurfussball-ffm.de\/wp-content\/uploads\/2025\/03\/tuerkguecue5-300x238.jpg 300w, https:\/\/insideamateurfussball-ffm.de\/wp-content\/uploads\/2025\/03\/tuerkguecue5-768x609.jpg 768w\" sizes=\"auto, (max-width: 886px) 100vw, 886px\" \/><\/figure>\n\n\n\n<figure class=\"wp-block-image size-full\"><img loading=\"lazy\" decoding=\"async\" width=\"886\" height=\"687\" src=\"http:\/\/insideamateurfussball-ffm.de\/wp-content\/uploads\/2025\/03\/tuerkguecue6.jpg\" alt=\"\" class=\"wp-image-24202\" srcset=\"https:\/\/insideamateurfussball-ffm.de\/wp-content\/uploads\/2025\/03\/tuerkguecue6.jpg 886w, https:\/\/insideamateurfussball-ffm.de\/wp-content\/uploads\/2025\/03\/tuerkguecue6-300x233.jpg 300w, https:\/\/insideamateurfussball-ffm.de\/wp-content\/uploads\/2025\/03\/tuerkguecue6-768x596.jpg 768w\" sizes=\"auto, (max-width: 886px) 100vw, 886px\" \/><\/figure>\n\n\n\n<figure class=\"wp-block-image size-full\"><img loading=\"lazy\" decoding=\"async\" width=\"886\" height=\"610\" src=\"http:\/\/insideamateurfussball-ffm.de\/wp-content\/uploads\/2025\/03\/tuerkguecue7.jpg\" alt=\"\" class=\"wp-image-24203\" srcset=\"https:\/\/insideamateurfussball-ffm.de\/wp-content\/uploads\/2025\/03\/tuerkguecue7.jpg 886w, https:\/\/insideamateurfussball-ffm.de\/wp-content\/uploads\/2025\/03\/tuerkguecue7-300x207.jpg 300w, https:\/\/insideamateurfussball-ffm.de\/wp-content\/uploads\/2025\/03\/tuerkguecue7-768x529.jpg 768w\" sizes=\"auto, (max-width: 886px) 100vw, 886px\" \/><\/figure>\n\n\n\n<figure class=\"wp-block-image size-full\"><img loading=\"lazy\" decoding=\"async\" width=\"886\" height=\"617\" src=\"http:\/\/insideamateurfussball-ffm.de\/wp-content\/uploads\/2025\/03\/tuerkguecue8.jpg\" alt=\"\" class=\"wp-image-24204\" srcset=\"https:\/\/insideamateurfussball-ffm.de\/wp-content\/uploads\/2025\/03\/tuerkguecue8.jpg 886w, https:\/\/insideamateurfussball-ffm.de\/wp-content\/uploads\/2025\/03\/tuerkguecue8-300x209.jpg 300w, https:\/\/insideamateurfussball-ffm.de\/wp-content\/uploads\/2025\/03\/tuerkguecue8-768x535.jpg 768w\" sizes=\"auto, (max-width: 886px) 100vw, 886px\" \/><\/figure>\n\n\n\n<figure class=\"wp-block-image size-full\"><img loading=\"lazy\" decoding=\"async\" width=\"886\" height=\"621\" src=\"http:\/\/insideamateurfussball-ffm.de\/wp-content\/uploads\/2025\/03\/tuerkguecue9.jpg\" alt=\"\" class=\"wp-image-24205\" srcset=\"https:\/\/insideamateurfussball-ffm.de\/wp-content\/uploads\/2025\/03\/tuerkguecue9.jpg 886w, https:\/\/insideamateurfussball-ffm.de\/wp-content\/uploads\/2025\/03\/tuerkguecue9-300x210.jpg 300w, https:\/\/insideamateurfussball-ffm.de\/wp-content\/uploads\/2025\/03\/tuerkguecue9-768x538.jpg 768w\" sizes=\"auto, (max-width: 886px) 100vw, 886px\" \/><\/figure>\n","protected":false},"excerpt":{"rendered":"<p>Auch im zweiten Spiel nach der Winterpause war T\u00fcrkg\u00fcc\u00fc Frankfurt chancenlos und verlor auch in der H\u00f6he verdient beim FV Stierstadt. Der Kampf gegen den Abstieg bleibt dramatisch. FV Stierstadt &#8211; T\u00fcrkg\u00fcc\u00fc Frankfurt 4:1 (3:0) Nach dem 0:4 gegen Friedrichsdorf wollte T\u00fcrkg\u00fcc\u00fc Frankfurt etwas beim FV Stierstadt mitnehmen, doch am Ende unterlag man nach den [&hellip;]<\/p>\n","protected":false},"author":3,"featured_media":24199,"comment_status":"closed","ping_status":"open","sticky":true,"template":"","format":"standard","meta":{"footnotes":""},"categories":[13],"tags":[],"class_list":["post-24196","post","type-post","status-publish","format-standard","has-post-thumbnail","hentry","category-gruppenliga-frankfurt-west"],"_links":{"self":[{"href":"https:\/\/insideamateurfussball-ffm.de\/index.php?rest_route=\/wp\/v2\/posts\/24196","targetHints":{"allow":["GET"]}}],"collection":[{"href":"https:\/\/insideamateurfussball-ffm.de\/index.php?rest_route=\/wp\/v2\/posts"}],"about":[{"href":"https:\/\/insideamateurfussball-ffm.de\/index.php?rest_route=\/wp\/v2\/types\/post"}],"author":[{"embeddable":true,"href":"https:\/\/insideamateurfussball-ffm.de\/index.php?rest_route=\/wp\/v2\/users\/3"}],"replies":[{"embeddable":true,"href":"https:\/\/insideamateurfussball-ffm.de\/index.php?rest_route=%2Fwp%2Fv2%2Fcomments&post=24196"}],"version-history":[{"count":2,"href":"https:\/\/insideamateurfussball-ffm.de\/index.php?rest_route=\/wp\/v2\/posts\/24196\/revisions"}],"predecessor-version":[{"id":24207,"href":"https:\/\/insideamateurfussball-ffm.de\/index.php?rest_route=\/wp\/v2\/posts\/24196\/revisions\/24207"}],"wp:featuredmedia":[{"embeddable":true,"href":"https:\/\/insideamateurfussball-ffm.de\/index.php?rest_route=\/wp\/v2\/media\/24199"}],"wp:attachment":[{"href":"https:\/\/insideamateurfussball-ffm.de\/index.php?rest_route=%2Fwp%2Fv2%2Fmedia&parent=24196"}],"wp:term":[{"taxonomy":"category","embeddable":true,"href":"https:\/\/insideamateurfussball-ffm.de\/index.php?rest_route=%2Fwp%2Fv2%2Fcategories&post=24196"},{"taxonomy":"post_tag","embeddable":true,"href":"https:\/\/insideamateurfussball-ffm.de\/index.php?rest_route=%2Fwp%2Fv2%2Ftags&post=24196"}],"curies":[{"name":"wp","href":"https:\/\/api.w.org\/{rel}","templated":true}]}}