{"id":24128,"date":"2025-03-09T12:44:14","date_gmt":"2025-03-09T11:44:14","guid":{"rendered":"https:\/\/insideamateurfussball-ffm.de\/?p=24128"},"modified":"2025-03-09T13:26:28","modified_gmt":"2025-03-09T12:26:28","slug":"fc-croatia-geht-mit-neuem-trainer-tino-lagator-ins-derby","status":"publish","type":"post","link":"https:\/\/insideamateurfussball-ffm.de\/?p=24128","title":{"rendered":"FC Croatia geht mit neuem Trainer Tino Lagator ins Derby"},"content":{"rendered":"<h3>Kreisoberliga-Schlusslicht FC Croatia l\u00e4sst nichts unversucht, um doch noch den Klassenerhalt zu erreichen. In das heutige Platzderby gegen den SV 07 Heddernheim (15 Uhr) geht der Club mit dem neuen Trainer Tino Lagator.<\/h3>\n<figure id=\"attachment_24129\" aria-describedby=\"caption-attachment-24129\" style=\"width: 526px\" class=\"wp-caption alignright\"><img loading=\"lazy\" decoding=\"async\" class=\"wp-image-24129 size-full\" src=\"http:\/\/insideamateurfussball-ffm.de\/wp-content\/uploads\/2025\/03\/Lagator.jpg\" alt=\"\" width=\"526\" height=\"701\" srcset=\"https:\/\/insideamateurfussball-ffm.de\/wp-content\/uploads\/2025\/03\/Lagator.jpg 526w, https:\/\/insideamateurfussball-ffm.de\/wp-content\/uploads\/2025\/03\/Lagator-225x300.jpg 225w\" sizes=\"auto, (max-width: 526px) 100vw, 526px\" \/><figcaption id=\"caption-attachment-24129\" class=\"wp-caption-text\">Tino Lagator war einst der Torj\u00e4ger des SC Hessen Dreieich. Foto: FC Croatia.<\/figcaption><\/figure>\n<p><img loading=\"lazy\" decoding=\"async\" class=\"alignnone size-full wp-image-29\" src=\"http:\/\/insideamateurfussball-ffm.de\/wp-content\/uploads\/2021\/11\/croatia.jpg\" alt=\"\" width=\"63\" height=\"80\" \/><\/p>\n<p>Wie Sportdirektor Darko Krolo mitteilte, hat der bisherige Trainer Slavko Strinavic nach der 2:5-Niederlage in Enkheim von sich aus aufgeh\u00f6rt. &#8222;Er hat in diesem Spiel leider nichts von dem erkannt, was in der Vorbereitung erarbeitet wurde und sein Amt niedergelegt&#8220;, so Krolo.<\/p>\n<p>Umgehend zauberten die Kroaten einen bekannten Namen aus dem Hut. Der 37-j\u00e4hrige Mittelst\u00fcrmer ist vor allem aus seiner Zeit beim nicht mehr am Spielbetrieb teilnehmenden SC Hessen Dreieich in Erinnerung.<\/p>\n<h3><span style=\"text-decoration: underline;\">Lagator kommt vom SV Hummetroth<\/span><\/h3>\n<p>Am B\u00fcrgerpark spielte Lagator in sieben Spielzeiten, wurde zweimal Meister der Lotto Hessenliga und markierte 57 Tore in 127 Eins\u00e4tzen.<\/p>\n<p>In der Saison 2018\/19 spielte der Angreifer in der Regionalliga S\u00fcdwest mit den &#8222;Hessen&#8220; und erzielte f\u00fcnf Tore in 26 Partien. Zuletzt war Lagator in S\u00fcdhessen beim aufstrebenden Verbandsligisten SV Hummetroth f\u00fcr die Zweite Mannschaft zust\u00e4ndig.<\/p>\n","protected":false},"excerpt":{"rendered":"<p>Kreisoberliga-Schlusslicht FC Croatia l\u00e4sst nichts unversucht, um doch noch den Klassenerhalt zu erreichen. In das heutige Platzderby gegen den SV 07 Heddernheim (15 Uhr) geht der Club mit dem neuen Trainer Tino Lagator. Wie Sportdirektor Darko Krolo mitteilte, hat der bisherige Trainer Slavko Strinavic nach der 2:5-Niederlage in Enkheim von sich aus aufgeh\u00f6rt. &#8222;Er hat [&hellip;]<\/p>\n","protected":false},"author":1,"featured_media":24129,"comment_status":"closed","ping_status":"closed","sticky":true,"template":"","format":"standard","meta":{"footnotes":""},"categories":[2],"tags":[],"class_list":["post-24128","post","type-post","status-publish","format-standard","has-post-thumbnail","hentry","category-kreisoberliga-frankfurt"],"_links":{"self":[{"href":"https:\/\/insideamateurfussball-ffm.de\/index.php?rest_route=\/wp\/v2\/posts\/24128","targetHints":{"allow":["GET"]}}],"collection":[{"href":"https:\/\/insideamateurfussball-ffm.de\/index.php?rest_route=\/wp\/v2\/posts"}],"about":[{"href":"https:\/\/insideamateurfussball-ffm.de\/index.php?rest_route=\/wp\/v2\/types\/post"}],"author":[{"embeddable":true,"href":"https:\/\/insideamateurfussball-ffm.de\/index.php?rest_route=\/wp\/v2\/users\/1"}],"replies":[{"embeddable":true,"href":"https:\/\/insideamateurfussball-ffm.de\/index.php?rest_route=%2Fwp%2Fv2%2Fcomments&post=24128"}],"version-history":[{"count":3,"href":"https:\/\/insideamateurfussball-ffm.de\/index.php?rest_route=\/wp\/v2\/posts\/24128\/revisions"}],"predecessor-version":[{"id":24135,"href":"https:\/\/insideamateurfussball-ffm.de\/index.php?rest_route=\/wp\/v2\/posts\/24128\/revisions\/24135"}],"wp:featuredmedia":[{"embeddable":true,"href":"https:\/\/insideamateurfussball-ffm.de\/index.php?rest_route=\/wp\/v2\/media\/24129"}],"wp:attachment":[{"href":"https:\/\/insideamateurfussball-ffm.de\/index.php?rest_route=%2Fwp%2Fv2%2Fmedia&parent=24128"}],"wp:term":[{"taxonomy":"category","embeddable":true,"href":"https:\/\/insideamateurfussball-ffm.de\/index.php?rest_route=%2Fwp%2Fv2%2Fcategories&post=24128"},{"taxonomy":"post_tag","embeddable":true,"href":"https:\/\/insideamateurfussball-ffm.de\/index.php?rest_route=%2Fwp%2Fv2%2Ftags&post=24128"}],"curies":[{"name":"wp","href":"https:\/\/api.w.org\/{rel}","templated":true}]}}