{"id":24123,"date":"2025-03-09T12:20:01","date_gmt":"2025-03-09T11:20:01","guid":{"rendered":"https:\/\/insideamateurfussball-ffm.de\/?p=24123"},"modified":"2025-03-09T12:21:48","modified_gmt":"2025-03-09T11:21:48","slug":"ruhe-in-frieden-sebastian-weigand","status":"publish","type":"post","link":"https:\/\/insideamateurfussball-ffm.de\/?p=24123","title":{"rendered":"Ruhe in Frieden Sebastian Weigand"},"content":{"rendered":"<h3>Der Amateurfu\u00dfball trauert um Sebastian Weigand, der im Alter von nur 34 Jahren an den Folgen einer Krebserkrankung gestorben ist.<\/h3>\n<figure id=\"attachment_24124\" aria-describedby=\"caption-attachment-24124\" style=\"width: 375px\" class=\"wp-caption alignright\"><img loading=\"lazy\" decoding=\"async\" class=\"wp-image-24124 size-full\" src=\"http:\/\/insideamateurfussball-ffm.de\/wp-content\/uploads\/2025\/03\/Sebastian.jpg\" alt=\"\" width=\"375\" height=\"469\" srcset=\"https:\/\/insideamateurfussball-ffm.de\/wp-content\/uploads\/2025\/03\/Sebastian.jpg 375w, https:\/\/insideamateurfussball-ffm.de\/wp-content\/uploads\/2025\/03\/Sebastian-240x300.jpg 240w\" sizes=\"auto, (max-width: 375px) 100vw, 375px\" \/><figcaption id=\"caption-attachment-24124\" class=\"wp-caption-text\">Sebastian Weigand wurde nur 34 Jahre alt. Foto: Jaux.<\/figcaption><\/figure>\n<p>Am Freitag ver\u00f6ffentlichte Hessenligist T\u00fcrk G\u00fcc\u00fc Friedberg die traurige Nachricht von Weigands Tod, auch die Spvgg. 05 Oberrad gab dies \u00fcber ihre sozialen Medien bekannt. Bei beiden Vereinen spielte der Innenverteidiger, der in seinen Glanzzeiten 94 Partien in der Hessenliga absolvierte und dabei vier Tore erzielte. Au\u00dferdem war Weigand, der stets zuverl\u00e4ssig und freundlich wirkte, beim FV Bad Vilbel, Viktoria Kelsterbach, dem SV Zeilsheim und den Sportfreunden Friedrichsdorf aktiv. Wir werden Sebastian in guter Erinnerung behalten, Ruhe in Frieden Basti. Wir sind in Gedanken bei seiner Familie und w\u00fcnschen viel Kraft in dieser schweren Zeit.<\/p>\n","protected":false},"excerpt":{"rendered":"<p>Der Amateurfu\u00dfball trauert um Sebastian Weigand, der im Alter von nur 34 Jahren an den Folgen einer Krebserkrankung gestorben ist. Am Freitag ver\u00f6ffentlichte Hessenligist T\u00fcrk G\u00fcc\u00fc Friedberg die traurige Nachricht von Weigands Tod, auch die Spvgg. 05 Oberrad gab dies \u00fcber ihre sozialen Medien bekannt. Bei beiden Vereinen spielte der Innenverteidiger, der in seinen Glanzzeiten [&hellip;]<\/p>\n","protected":false},"author":1,"featured_media":24124,"comment_status":"closed","ping_status":"closed","sticky":true,"template":"","format":"standard","meta":{"footnotes":""},"categories":[34],"tags":[],"class_list":["post-24123","post","type-post","status-publish","format-standard","has-post-thumbnail","hentry","category-trauer"],"_links":{"self":[{"href":"https:\/\/insideamateurfussball-ffm.de\/index.php?rest_route=\/wp\/v2\/posts\/24123","targetHints":{"allow":["GET"]}}],"collection":[{"href":"https:\/\/insideamateurfussball-ffm.de\/index.php?rest_route=\/wp\/v2\/posts"}],"about":[{"href":"https:\/\/insideamateurfussball-ffm.de\/index.php?rest_route=\/wp\/v2\/types\/post"}],"author":[{"embeddable":true,"href":"https:\/\/insideamateurfussball-ffm.de\/index.php?rest_route=\/wp\/v2\/users\/1"}],"replies":[{"embeddable":true,"href":"https:\/\/insideamateurfussball-ffm.de\/index.php?rest_route=%2Fwp%2Fv2%2Fcomments&post=24123"}],"version-history":[{"count":2,"href":"https:\/\/insideamateurfussball-ffm.de\/index.php?rest_route=\/wp\/v2\/posts\/24123\/revisions"}],"predecessor-version":[{"id":24126,"href":"https:\/\/insideamateurfussball-ffm.de\/index.php?rest_route=\/wp\/v2\/posts\/24123\/revisions\/24126"}],"wp:featuredmedia":[{"embeddable":true,"href":"https:\/\/insideamateurfussball-ffm.de\/index.php?rest_route=\/wp\/v2\/media\/24124"}],"wp:attachment":[{"href":"https:\/\/insideamateurfussball-ffm.de\/index.php?rest_route=%2Fwp%2Fv2%2Fmedia&parent=24123"}],"wp:term":[{"taxonomy":"category","embeddable":true,"href":"https:\/\/insideamateurfussball-ffm.de\/index.php?rest_route=%2Fwp%2Fv2%2Fcategories&post=24123"},{"taxonomy":"post_tag","embeddable":true,"href":"https:\/\/insideamateurfussball-ffm.de\/index.php?rest_route=%2Fwp%2Fv2%2Ftags&post=24123"}],"curies":[{"name":"wp","href":"https:\/\/api.w.org\/{rel}","templated":true}]}}