{"id":24112,"date":"2025-03-04T18:56:27","date_gmt":"2025-03-04T17:56:27","guid":{"rendered":"https:\/\/insideamateurfussball-ffm.de\/?p=24112"},"modified":"2025-03-04T18:56:27","modified_gmt":"2025-03-04T17:56:27","slug":"aus-dem-stand-by-modus-ins-tor-des-sv-eritrea","status":"publish","type":"post","link":"https:\/\/insideamateurfussball-ffm.de\/?p=24112","title":{"rendered":"Aus dem Stand-by-Modus ins Tor des SV Eritrea"},"content":{"rendered":"<h5><span style=\"font-size: 16px;\">In der Kreisliga B Frankfurt (Gruppe 1) konnte der SV Eritrea durch das 2:1 (0:0) gegen die TSG Frankfurter Berg den zweiten Tabellenplatz festigen, der zur Teilnahme an der Relegation zur Kreisliga A berechtigt.<\/span><\/h5>\n<figure id=\"attachment_24113\" aria-describedby=\"caption-attachment-24113\" style=\"width: 150px\" class=\"wp-caption alignleft\"><img loading=\"lazy\" decoding=\"async\" class=\"wp-image-24113 size-thumbnail\" src=\"http:\/\/insideamateurfussball-ffm.de\/wp-content\/uploads\/2025\/03\/Marcin-Czukiewicz-150x150.jpg\" alt=\"\" width=\"150\" height=\"150\" \/><figcaption id=\"caption-attachment-24113\" class=\"wp-caption-text\">Jetzt im Kasten des SV Eritrea: Der Heddernheimer Marcin Czukiewicz.\u00a0<\/figcaption><\/figure>\n<p><img loading=\"lazy\" decoding=\"async\" class=\"alignnone size-full wp-image-171\" src=\"http:\/\/insideamateurfussball-ffm.de\/wp-content\/uploads\/2022\/05\/Eritrea.png\" alt=\"\" width=\"77\" height=\"80\" \/><\/p>\n<p><span style=\"font-size: 16px;\">Ein Blick auf die Startformation der Eritreer brachte einen \u00fcberraschenden Namen, denn im Tor stand mit Marcin Czukiewicz der langj\u00e4hrige Stammtorh\u00fcter des Kreisoberligisten SV Heddernheim. Der 35-j\u00e4hrige wechselte im Sommer 2011 vom SV Bonames an die Br\u00fchlwiese und galt bis 2023 als Torh\u00fcter-Ikone bei den Gr\u00fcn-Wei\u00dfen. In zw\u00f6lf Spielzeiten absolvierte der Keeper rund 350 Pflichtspiele f\u00fcr Heddernheim. <\/span><\/p>\n<p><span style=\"font-size: 16px;\">Nach dem Ende der vorletzten Saison wechselte Czukiewicz in den Stand-by-Modus und absolvierte sein letztes Punktspiel im September 2023. Seit kurzem ist er als Torwarttrainer bei den Heddernheimern involviert, hat sich aber nun \u00fcberraschend bis Saisonende bereit erkl\u00e4rt, dem SV Eritrea zu helfen. Denn der Tabellenzweite spielte in dieser Saison meist ohne gelernten Torh\u00fcter, musste Feldspieler zwischen die Pfosten stellen. Den Kontakt zwischen dem B-Ligisten und Czukiewicz stellte Dawit Demeke her, ebenfalls ein langj\u00e4hriger Akteur der Heddernheimer, der nun bei Eritrea spielt.<\/span><\/p>\n<ul>\n<li><strong><span style=\"font-size: 16px;\">Gegentor in letzter Sekunde \u00e4rgerlich <\/span><\/strong><\/li>\n<\/ul>\n<p><span style=\"font-size: 16px;\">Er trat an Czukiewicz mit der Idee heran, den in Bockenheim ans\u00e4ssigen Verein im Kampf um den erstmaligen Aufstieg zu unterst\u00fctzen. &#8222;Aus Spa\u00df wurde schnell Ernst. Er passt auch menschlich zu uns und hat bei seinem Deb\u00fct sehr gut gehalten. Marcin kann der entscheidende Faktor f\u00fcr den Aufstieg sein&#8220;, erz\u00e4hlt Demeke. Nach dem Seitenwechsel war Eritrea durch Esiyas Dawit (47.) in F\u00fchrung gegangen.<\/span> <span style=\"font-size: 16px;\">Meron Heftezgi erh\u00f6hte (75.), ehe der &#8222;Berg&#8220; in der letzten Aktion durch Soufian El Ouadouadi (90.+5) Czukiewicz noch bezwang. <\/span><\/p>\n<p><span style=\"font-size: 16px;\">&#8222;Das Gegentor hat mich ge\u00e4rgert&#8220;, r\u00e4umte Czukiewicz ein. &#8222;Ich trainiere Freitags bei Eritrea und spiele am Sonntag bis zum Ende der Saison. Ich bleibe aber in der Funktion des Torwarttrainers beim SVH. Auch meine Teilnahme bei den Classics Mittwochs wie auch meine Mitgliedschaft im Verein bleiben bestehen&#8220;, identifiziert sich Czukiewicz weiter stark mit den Gr\u00fcn-Wei\u00dfen. Der mitspielende Sportliche Leiter von Eritrea Heron Manna ist froh, den Keeper bekommen zu haben: &#8222;Dieser Torwart ist die halbe Miete, er hat zwei unglaubliche B\u00e4lle gehalten.&#8220;<\/span><\/p>\n","protected":false},"excerpt":{"rendered":"<p>In der Kreisliga B Frankfurt (Gruppe 1) konnte der SV Eritrea durch das 2:1 (0:0) gegen die TSG Frankfurter Berg den zweiten Tabellenplatz festigen, der zur Teilnahme an der Relegation zur Kreisliga A berechtigt. Ein Blick auf die Startformation der Eritreer brachte einen \u00fcberraschenden Namen, denn im Tor stand mit Marcin Czukiewicz der langj\u00e4hrige Stammtorh\u00fcter [&hellip;]<\/p>\n","protected":false},"author":1,"featured_media":24113,"comment_status":"closed","ping_status":"closed","sticky":true,"template":"","format":"standard","meta":{"footnotes":""},"categories":[11],"tags":[],"class_list":["post-24112","post","type-post","status-publish","format-standard","has-post-thumbnail","hentry","category-kreisliga-b"],"_links":{"self":[{"href":"https:\/\/insideamateurfussball-ffm.de\/index.php?rest_route=\/wp\/v2\/posts\/24112","targetHints":{"allow":["GET"]}}],"collection":[{"href":"https:\/\/insideamateurfussball-ffm.de\/index.php?rest_route=\/wp\/v2\/posts"}],"about":[{"href":"https:\/\/insideamateurfussball-ffm.de\/index.php?rest_route=\/wp\/v2\/types\/post"}],"author":[{"embeddable":true,"href":"https:\/\/insideamateurfussball-ffm.de\/index.php?rest_route=\/wp\/v2\/users\/1"}],"replies":[{"embeddable":true,"href":"https:\/\/insideamateurfussball-ffm.de\/index.php?rest_route=%2Fwp%2Fv2%2Fcomments&post=24112"}],"version-history":[{"count":1,"href":"https:\/\/insideamateurfussball-ffm.de\/index.php?rest_route=\/wp\/v2\/posts\/24112\/revisions"}],"predecessor-version":[{"id":24114,"href":"https:\/\/insideamateurfussball-ffm.de\/index.php?rest_route=\/wp\/v2\/posts\/24112\/revisions\/24114"}],"wp:featuredmedia":[{"embeddable":true,"href":"https:\/\/insideamateurfussball-ffm.de\/index.php?rest_route=\/wp\/v2\/media\/24113"}],"wp:attachment":[{"href":"https:\/\/insideamateurfussball-ffm.de\/index.php?rest_route=%2Fwp%2Fv2%2Fmedia&parent=24112"}],"wp:term":[{"taxonomy":"category","embeddable":true,"href":"https:\/\/insideamateurfussball-ffm.de\/index.php?rest_route=%2Fwp%2Fv2%2Fcategories&post=24112"},{"taxonomy":"post_tag","embeddable":true,"href":"https:\/\/insideamateurfussball-ffm.de\/index.php?rest_route=%2Fwp%2Fv2%2Ftags&post=24112"}],"curies":[{"name":"wp","href":"https:\/\/api.w.org\/{rel}","templated":true}]}}