{"id":24051,"date":"2025-03-03T20:45:09","date_gmt":"2025-03-03T19:45:09","guid":{"rendered":"https:\/\/insideamateurfussball-ffm.de\/?p=24051"},"modified":"2025-03-03T20:45:09","modified_gmt":"2025-03-03T19:45:09","slug":"gudesding-sendet-mit-kantersieg-lebenszeichen","status":"publish","type":"post","link":"https:\/\/insideamateurfussball-ffm.de\/?p=24051","title":{"rendered":"Gudesding sendet mit Kantersieg Lebenszeichen"},"content":{"rendered":"<h5><span style=\"font-size: 16px;\">Mit einem 5:1-Kantersieg beim direkten Konkurrenten R\u00f6delheimer FC hat der FC Gudesding ein Lebenszeichen im Kampf um den Klassenerhalt gesendet und ist in der Tabelle von Abstiegsplatz 16 auf den ersten Nichtabstiegsplatz 14 geklettert. Da der direkte Vergleich durch den 6:3-Hinspielsieg klar an Gudesding geht, rutschen nun die R\u00f6delheimer auf den Relegationsplatz 15.\u00a0<\/span><\/h5>\n<figure id=\"attachment_18874\" aria-describedby=\"caption-attachment-18874\" style=\"width: 652px\" class=\"wp-caption alignleft\"><img loading=\"lazy\" decoding=\"async\" class=\"wp-image-18874\" src=\"http:\/\/insideamateurfussball-ffm.de\/wp-content\/uploads\/2024\/05\/Gudesdingroed-1024x768.jpg\" alt=\"\" width=\"652\" height=\"489\" srcset=\"https:\/\/insideamateurfussball-ffm.de\/wp-content\/uploads\/2024\/05\/Gudesdingroed-1024x768.jpg 1024w, https:\/\/insideamateurfussball-ffm.de\/wp-content\/uploads\/2024\/05\/Gudesdingroed-300x225.jpg 300w, https:\/\/insideamateurfussball-ffm.de\/wp-content\/uploads\/2024\/05\/Gudesdingroed-768x576.jpg 768w, https:\/\/insideamateurfussball-ffm.de\/wp-content\/uploads\/2024\/05\/Gudesdingroed-1536x1152.jpg 1536w, https:\/\/insideamateurfussball-ffm.de\/wp-content\/uploads\/2024\/05\/Gudesdingroed.jpg 2048w\" sizes=\"auto, (max-width: 652px) 100vw, 652px\" \/><figcaption id=\"caption-attachment-18874\" class=\"wp-caption-text\">Gudesding sprang auf Rang 14. Foto: Archiv PA.\u00a0\u00a0<\/figcaption><\/figure>\n<h5><span style=\"font-size: 16px;\">1. R\u00f6delheimer FC 02 &#8211; FC Gudesding 1:5 (1:1)<\/span><\/h5>\n<p><img loading=\"lazy\" decoding=\"async\" class=\"alignnone size-full wp-image-932\" src=\"http:\/\/insideamateurfussball-ffm.de\/wp-content\/uploads\/2022\/06\/Roedelheim.jpg\" alt=\"\" width=\"80\" height=\"73\" \/><img loading=\"lazy\" decoding=\"async\" class=\"alignnone size-full wp-image-10\" src=\"http:\/\/insideamateurfussball-ffm.de\/wp-content\/uploads\/2021\/11\/Gudesding.jpg\" alt=\"\" width=\"64\" height=\"80\" \/><span style=\"font-size: 16px;\">&#8222;Wieder einmal mussten wir aufgrund einer grottenschlechten zweiten Halbzeit eine deftige Niederlage gegen einen Direktkonkurrenten gegen den Abstieg hinnehmen&#8220;, erkl\u00e4rte RFC-Pressesprecher Volker Flauaus. In der ersten Halbzeit habe R\u00f6delheim das Spiel<\/span>\u00a0<span style=\"font-size: 16px;\">klar beherrscht.<\/span><\/p>\n<p><span style=\"font-size: 16px;\"> Die fr\u00fche F\u00fchrung durch Neuzugang Tilmann Striet (3.) war die logische Konsequenz. Gef\u00fchlt habe man 80% Ballbesitz gehabt und nur eine Chance zugelassen, die Eser-Mustafa Cikaran (13.)\u00a0<\/span><span style=\"font-size: 16px;\">prompt zum Ausgleich nutzte<\/span>. &#8222;<span style=\"font-size: 16px;\">Ansonsten lief der Ball gut, es gab einige <\/span><span style=\"font-size: 16px;\">gelungene Kombinationen und wenige, aber gute Torchancen. Entweder <\/span><span style=\"font-size: 16px;\">vereitelte der Schlussmann von Gudesding Jonathan Koenen mit starken Paraden, der <\/span><span style=\"font-size: 16px;\">Pfosten bei einem Flachschuss von Niklas Vogt oder der Schiedsrichter <\/span><span style=\"font-size: 16px;\">mit den oft fehlerhaften Abseitspfiffen die F\u00fchrung des Club&#8220;, berichtete Flauaus. Nach der <\/span><span style=\"font-size: 16px;\">Pause sei die Mannschaft nicht mehr wieder zu erkennen gewesen, es funktionierte <\/span><span style=\"font-size: 16px;\">nichts mehr. &#8222;Selbst einfache P\u00e4sse \u00fcber f\u00fcnf Meter kamen nicht mehr an, <\/span><span style=\"font-size: 16px;\">technische Fehler bei der Ballannahme waren an der Tagesordnung und <\/span><span style=\"font-size: 16px;\">anstatt die St\u00fcrmer Niklas Vogt und Ali Osman mit langen B\u00e4llen zu <\/span><span style=\"font-size: 16px;\">f\u00fcttern wurde immer wieder quer gespielt. Saft- und kraftlos wirkte die <\/span><span style=\"font-size: 16px;\">Mannschaft, wie zum Rundenende und nicht wie nach einer Winterpause&#8220;, kritisierte Flauaus.<\/span><\/p>\n<ul>\n<li><strong><span style=\"font-size: 16px;\">&#8222;Wird schwer mit dem Klassenerhalt, wenn wir diese Schw\u00e4chephase nicht abstellen k\u00f6nnen&#8220; (RFC-Sprecher Volker Flauaus)<\/span><\/strong><\/li>\n<\/ul>\n<p><span style=\"font-size: 16px;\">Gudesding wurde mutiger, nutzte die Schw\u00e4chen des <\/span><span style=\"font-size: 16px;\">Club dann auch gnadenlos aus und erzielte ein Tor nach dem anderen. Modibo Kone (53.), Arne Kuhrs (66.), Kevin Lange (69.) und Mutaz Husain (90.\/+4) machten den hohen Ausw\u00e4rtssieg der G\u00e4ste klar. Als <\/span><span style=\"font-size: 16px;\">einzig wirkliche Chance war ein Schuss von Niklas Vogt in der 75. Minute <\/span><span style=\"font-size: 16px;\">zu nennen, den der Keeper der G\u00e4ste Koenen mit toller Parade entsch\u00e4rfte. Die <\/span><span style=\"font-size: 16px;\">10 Minuten Zeitstrafe f\u00fcr Niklas Vogt in der 85. Minute und der von <\/span><span style=\"font-size: 16px;\">Gianni Gioia gehaltene Foulelfmeter in der 81. Minute passten in das <\/span><span style=\"font-size: 16px;\">Bild der zweiten Halbzeit, in der Gioia den Club noch vor einer <\/span><span style=\"font-size: 16px;\">h\u00f6heren Niederlage bewahrte. &#8222;Wenn wir diese &#8211; von au\u00dfen nicht zu <\/span><span style=\"font-size: 16px;\">erkl\u00e4rende und in dieser Saison schon \u00f6fter vorgekommene &#8211; Schw\u00e4chephase <\/span><span style=\"font-size: 16px;\">in der zweiten Halbzeit nicht abstellen k\u00f6nnen, wird es sehr, sehr <\/span><span style=\"font-size: 16px;\">schwer mit dem Klassenerhalt&#8220;, so Flauaus\u00b4 Prognose. <\/span><\/p>\n<p><span style=\"font-size: 16px;\">Gro\u00dfe Freude hingegen bei Gudesding-Co-Trainer Paul Weiss nach dem &#8222;wichtigen und auch am Ende absolut verdienten Sieg. Wir gehen \u00e4u\u00dferst ungl\u00fccklich mit 0:1 in R\u00fcckstand und haben dann einen guten Torwart, der zwei Situationen gut vereitelt. Zur Halbzeit h\u00e4tte es auch 1:3 stehen k\u00f6nnen. In der zweiten Halbzeit waren wir dann das bessere Team, haben sch\u00f6ne Tore erzielt und auch zu den richtigen Zeitpunkten. Wir waren zielstrebig und haben sehr konzentriert gespielt gegen einen fairen Gegner aus R\u00f6delheim.&#8220; W\u00e4hrend die R\u00f6delheimer am Sonntag (13 Uhr) bei der Bornheimer Reserve antreten, erwartet Gudeding im Ostpark den Aufstiegsaspiranten VfL Germania 94 um 15 Uhr. &#8222;So muss es weiter gehen n\u00e4chste Woche ein ganz schweres Spiel gegen Germania 94, wo wir dennoch punkten wollen&#8220;, sagte Weiss, der auch ein Lob an den sehr guten Schiedsrichter richtete.<\/span><\/p>\n<ul>\n<li><span style=\"font-size: 16px;\"><strong>Schiedsrichter: Heiko Langhammer (SV Alemannia K\u00f6nigst\u00e4dten).<\/strong><\/span><\/li>\n<li><span style=\"font-size: 16px;\"><strong>Zuschauer: 40. <\/strong><\/span><\/li>\n<li><span style=\"font-size: 16px;\"><strong>Tore: 1:0 Tilmann Striet (3.), 1:1 Eser-Mustafa Cikaran (13.), 1:2 Modibo Kone (53.), 1:3 Arne Kuhrs (66.), 1:4 Kevin Lange (69.), 1:5 Mutaz Husain (90.\/+4).<\/strong>\u00a0<\/span><\/li>\n<\/ul>\n","protected":false},"excerpt":{"rendered":"<p>Mit einem 5:1-Kantersieg beim direkten Konkurrenten R\u00f6delheimer FC hat der FC Gudesding ein Lebenszeichen im Kampf um den Klassenerhalt gesendet und ist in der Tabelle von Abstiegsplatz 16 auf den ersten Nichtabstiegsplatz 14 geklettert. Da der direkte Vergleich durch den 6:3-Hinspielsieg klar an Gudesding geht, rutschen nun die R\u00f6delheimer auf den Relegationsplatz 15.\u00a0 1. R\u00f6delheimer [&hellip;]<\/p>\n","protected":false},"author":1,"featured_media":20261,"comment_status":"closed","ping_status":"closed","sticky":true,"template":"","format":"standard","meta":{"footnotes":""},"categories":[2],"tags":[],"class_list":["post-24051","post","type-post","status-publish","format-standard","has-post-thumbnail","hentry","category-kreisoberliga-frankfurt"],"_links":{"self":[{"href":"https:\/\/insideamateurfussball-ffm.de\/index.php?rest_route=\/wp\/v2\/posts\/24051","targetHints":{"allow":["GET"]}}],"collection":[{"href":"https:\/\/insideamateurfussball-ffm.de\/index.php?rest_route=\/wp\/v2\/posts"}],"about":[{"href":"https:\/\/insideamateurfussball-ffm.de\/index.php?rest_route=\/wp\/v2\/types\/post"}],"author":[{"embeddable":true,"href":"https:\/\/insideamateurfussball-ffm.de\/index.php?rest_route=\/wp\/v2\/users\/1"}],"replies":[{"embeddable":true,"href":"https:\/\/insideamateurfussball-ffm.de\/index.php?rest_route=%2Fwp%2Fv2%2Fcomments&post=24051"}],"version-history":[{"count":1,"href":"https:\/\/insideamateurfussball-ffm.de\/index.php?rest_route=\/wp\/v2\/posts\/24051\/revisions"}],"predecessor-version":[{"id":24052,"href":"https:\/\/insideamateurfussball-ffm.de\/index.php?rest_route=\/wp\/v2\/posts\/24051\/revisions\/24052"}],"wp:featuredmedia":[{"embeddable":true,"href":"https:\/\/insideamateurfussball-ffm.de\/index.php?rest_route=\/wp\/v2\/media\/20261"}],"wp:attachment":[{"href":"https:\/\/insideamateurfussball-ffm.de\/index.php?rest_route=%2Fwp%2Fv2%2Fmedia&parent=24051"}],"wp:term":[{"taxonomy":"category","embeddable":true,"href":"https:\/\/insideamateurfussball-ffm.de\/index.php?rest_route=%2Fwp%2Fv2%2Fcategories&post=24051"},{"taxonomy":"post_tag","embeddable":true,"href":"https:\/\/insideamateurfussball-ffm.de\/index.php?rest_route=%2Fwp%2Fv2%2Ftags&post=24051"}],"curies":[{"name":"wp","href":"https:\/\/api.w.org\/{rel}","templated":true}]}}