{"id":24048,"date":"2025-03-03T20:05:32","date_gmt":"2025-03-03T19:05:32","guid":{"rendered":"https:\/\/insideamateurfussball-ffm.de\/?p=24048"},"modified":"2025-03-03T20:05:32","modified_gmt":"2025-03-03T19:05:32","slug":"heddernheim-und-bornheim-ii-trennen-sich-torlos","status":"publish","type":"post","link":"https:\/\/insideamateurfussball-ffm.de\/?p=24048","title":{"rendered":"Heddernheim und Bornheim II trennen sich torlos"},"content":{"rendered":"<h5><span style=\"font-size: 16px;\">Torlose Heimspiele haben an der Br\u00fchlwiese Seltenheitswert. Fast sechseinhalb Jahre nach dem letzten torlosen Remis gegen den SV Blau-Gelb im September 2018 gab es am Faschingssamstag gegen die SG Bornheim\/Gr\u00fcn-Wei\u00df II wieder ein 0:0.\u00a0<\/span><\/h5>\n<figure id=\"attachment_24049\" aria-describedby=\"caption-attachment-24049\" style=\"width: 652px\" class=\"wp-caption alignleft\"><img loading=\"lazy\" decoding=\"async\" class=\"wp-image-24049\" src=\"http:\/\/insideamateurfussball-ffm.de\/wp-content\/uploads\/2025\/03\/SVH-SGB-1024x768.jpg\" alt=\"\" width=\"652\" height=\"489\" srcset=\"https:\/\/insideamateurfussball-ffm.de\/wp-content\/uploads\/2025\/03\/SVH-SGB-1024x768.jpg 1024w, https:\/\/insideamateurfussball-ffm.de\/wp-content\/uploads\/2025\/03\/SVH-SGB-300x225.jpg 300w, https:\/\/insideamateurfussball-ffm.de\/wp-content\/uploads\/2025\/03\/SVH-SGB-768x576.jpg 768w, https:\/\/insideamateurfussball-ffm.de\/wp-content\/uploads\/2025\/03\/SVH-SGB-1536x1152.jpg 1536w, https:\/\/insideamateurfussball-ffm.de\/wp-content\/uploads\/2025\/03\/SVH-SGB.jpg 2048w\" sizes=\"auto, (max-width: 652px) 100vw, 652px\" \/><figcaption id=\"caption-attachment-24049\" class=\"wp-caption-text\">Yassir Achati am Ball, daneben h\u00e4lt der Bornheimer Oskar Papadopoulos den &#8222;B\u00fcffel&#8220; Serdar Birhimeoglu ab. Foto: PA.\u00a0<\/figcaption><\/figure>\n<h5><span style=\"font-size: 16px;\">SV 07 Heddernheim &#8211; SG Bornheim\/Gr\u00fcn-Wei\u00df II 0:0<\/span><\/h5>\n<p><img loading=\"lazy\" decoding=\"async\" class=\"alignnone size-full wp-image-302\" src=\"http:\/\/insideamateurfussball-ffm.de\/wp-content\/uploads\/2022\/05\/1sv07_news2_4511-1.jpg\" alt=\"\" width=\"80\" height=\"80\" \/><img loading=\"lazy\" decoding=\"async\" class=\"alignnone size-full wp-image-119\" src=\"http:\/\/insideamateurfussball-ffm.de\/wp-content\/uploads\/2022\/05\/Bornheim.jpg\" alt=\"\" width=\"80\" height=\"80\" \/><\/p>\n<p><span style=\"font-size: 16px;\">Beide Teams trennen auch nach dem Spiel drei Punkte in der Tabelle, die G\u00e4ste hielten den Vorsprung, den sie mitgebracht hatten. In einer Partie ohne gro\u00dfe H\u00f6hepunkte hatte Heddernheim im ersten Abschnitt mehr Torabschl\u00fcsse durch Serdar Birhimeoglu (4.), Josh Haas nach Zuspiel von Cherano Willef\u00fchr (8.) und Tomislav Cudina (30.). <\/span><\/p>\n<p><span style=\"font-size: 16px;\">Zwischendurch versuchte es Haas immer wieder mit Freist\u00f6\u00dfen, bei einem seiner Versuche landete der Ball \u00fcber dem Zaun vor der Maybachbr\u00fccke. Bornheim kam in der ersten Halbzeit gar nicht zum Abschluss, \u00fcbernahm aber nach dem Seitenwechsel die Initiative. Der eingewechselte Yeman Kelati (51.) und Emmanuel Junior Opoku (54.) kamen zu ersten Abschl\u00fcssen. Auf der Gegenseite wurde Haas lang geschickt, passte nach innen zu Birhimeoglu, der nicht genug Kraft hinter den Ball brachte und die Riesenchance gegen Bornheims Torh\u00fcter Alexander Rosengarten verpasste (54.).<\/span><\/p>\n<ul>\n<li><strong><span style=\"font-size: 16px;\">Bornheim in \u00dcberzahl nicht in der Lage, das Spiel zu entscheiden<\/span><\/strong><\/li>\n<\/ul>\n<p><span style=\"font-size: 16px;\">Auf Bornheimer Seite vergab der eingewechselte Routinier Moritz Schneider (74.). Die Schlussphase war gepr\u00e4gt durch die Hinausstellung durch eine 10-Minuten-Zeitstrafe gegen den neuen Heddernheimer Torj\u00e4ger Cherano Willef\u00fchr (ab 84.), der zu lange mit dem Schiedsrichter diskutierte. Dieser hatte vor der Partie auf die nichtneutralen Linienrichter verzichtet und die Begegnung unsicher geleitet. Am Ende blieb es beim 0:0, da die Gastgeber im Sturm wirkungslos blieben, daf\u00fcr in der Abwehr nichts anbrennen lie\u00dfen. Bornheim war in \u00dcberzahl nicht in der Lage, das Spiel f\u00fcr sich zu entscheiden. &#8222;F\u00fcr uns ist der Punkt zu wenig. Wir wollten nat\u00fcrlich unbedingt gewinnen gegen einen direkten Konkurrenten. Wir sind gut ins Spiel gekommen, die erste Halbzeit waren wir die dominierende Mannschaft und hatten unsere Torchancen. Wenn man diese nicht nutzt, dann trauert man diesen Torchancen hinterher. Die waren da, um das Spiel in unsere Bahnen zu lenken. So war es in der zweiten Halbzeit ein sehr wildes, unruhiges Spiel von beiden Mannschaften. Am Ende geht der Punkt in Ordnung, aber so richtig zufrieden sind wir nicht.&#8220; <\/span><\/p>\n<p><span style=\"font-size: 16px;\">Bornheims neuer Trainer Marco Santonastaso sah die Partie so: &#8222;Heddernheim ist so aufgetreten, wie wir es erwartet haben. Mit Antonie Willef\u00fchr, der das Spiel an sich gerissen hat und Cherano, der versucht hat, sehr viel Wirbel zu machen. Die erste Halbzeit haben wir verschlafen, da hatten wir keinen Bezug zum Spiel, da war Heddernheim klar besser. Zweite Halbzeit haben wir es besser gemacht, hatten auch halbe Torchancen, haben uns gut in den Sechzehner gespielt. Wir haben immerhin einen Punkt geholt bei einer Mannschaft, bei der schon h\u00f6her positionierte Mannschaften in der Tabelle verloren haben. Von daher geht das 0:0 in Ordnung.&#8220; N\u00e4chsten Sonntag erwartet die Bornheimer Reserve den R\u00f6delheimer FC (13 Uhr). Die Heddernheimer treten zum Platzderby bei Schlusslicht FC Croatia an (15 Uhr).<\/span><\/p>\n<ul>\n<li><span style=\"font-size: 16px;\"><strong>Schiedsrichter: David Cwik (TuRa Niederh\u00f6chstadt).<\/strong><\/span><\/li>\n<li><span style=\"font-size: 16px;\"><strong>Zuschauer: 69.<\/strong>\u00a0\u00a0<\/span><\/li>\n<\/ul>\n","protected":false},"excerpt":{"rendered":"<p>Torlose Heimspiele haben an der Br\u00fchlwiese Seltenheitswert. Fast sechseinhalb Jahre nach dem letzten torlosen Remis gegen den SV Blau-Gelb im September 2018 gab es am Faschingssamstag gegen die SG Bornheim\/Gr\u00fcn-Wei\u00df II wieder ein 0:0.\u00a0 SV 07 Heddernheim &#8211; SG Bornheim\/Gr\u00fcn-Wei\u00df II 0:0 Beide Teams trennen auch nach dem Spiel drei Punkte in der Tabelle, die [&hellip;]<\/p>\n","protected":false},"author":1,"featured_media":24049,"comment_status":"closed","ping_status":"closed","sticky":true,"template":"","format":"standard","meta":{"footnotes":""},"categories":[2],"tags":[],"class_list":["post-24048","post","type-post","status-publish","format-standard","has-post-thumbnail","hentry","category-kreisoberliga-frankfurt"],"_links":{"self":[{"href":"https:\/\/insideamateurfussball-ffm.de\/index.php?rest_route=\/wp\/v2\/posts\/24048","targetHints":{"allow":["GET"]}}],"collection":[{"href":"https:\/\/insideamateurfussball-ffm.de\/index.php?rest_route=\/wp\/v2\/posts"}],"about":[{"href":"https:\/\/insideamateurfussball-ffm.de\/index.php?rest_route=\/wp\/v2\/types\/post"}],"author":[{"embeddable":true,"href":"https:\/\/insideamateurfussball-ffm.de\/index.php?rest_route=\/wp\/v2\/users\/1"}],"replies":[{"embeddable":true,"href":"https:\/\/insideamateurfussball-ffm.de\/index.php?rest_route=%2Fwp%2Fv2%2Fcomments&post=24048"}],"version-history":[{"count":1,"href":"https:\/\/insideamateurfussball-ffm.de\/index.php?rest_route=\/wp\/v2\/posts\/24048\/revisions"}],"predecessor-version":[{"id":24050,"href":"https:\/\/insideamateurfussball-ffm.de\/index.php?rest_route=\/wp\/v2\/posts\/24048\/revisions\/24050"}],"wp:featuredmedia":[{"embeddable":true,"href":"https:\/\/insideamateurfussball-ffm.de\/index.php?rest_route=\/wp\/v2\/media\/24049"}],"wp:attachment":[{"href":"https:\/\/insideamateurfussball-ffm.de\/index.php?rest_route=%2Fwp%2Fv2%2Fmedia&parent=24048"}],"wp:term":[{"taxonomy":"category","embeddable":true,"href":"https:\/\/insideamateurfussball-ffm.de\/index.php?rest_route=%2Fwp%2Fv2%2Fcategories&post=24048"},{"taxonomy":"post_tag","embeddable":true,"href":"https:\/\/insideamateurfussball-ffm.de\/index.php?rest_route=%2Fwp%2Fv2%2Ftags&post=24048"}],"curies":[{"name":"wp","href":"https:\/\/api.w.org\/{rel}","templated":true}]}}