{"id":24044,"date":"2025-03-03T19:05:03","date_gmt":"2025-03-03T18:05:03","guid":{"rendered":"https:\/\/insideamateurfussball-ffm.de\/?p=24044"},"modified":"2025-03-03T19:05:03","modified_gmt":"2025-03-03T18:05:03","slug":"germania-enkheim-feiert-ersten-heimsieg","status":"publish","type":"post","link":"https:\/\/insideamateurfussball-ffm.de\/?p=24044","title":{"rendered":"Germania Enkheim feiert ersten Heimsieg"},"content":{"rendered":"<h5><span style=\"font-size: 16px;\">Im elften Heimspiel hat es endlich geklappt mit dem ersten Heimsieg f\u00fcr den FC Germania Enkheim. Gegen den Tabellenletzten FC Croatia gab es ein 5:2 (3:0).\u00a0<\/span><\/h5>\n<figure id=\"attachment_24045\" aria-describedby=\"caption-attachment-24045\" style=\"width: 150px\" class=\"wp-caption alignleft\"><img loading=\"lazy\" decoding=\"async\" class=\"wp-image-24045 size-thumbnail\" src=\"http:\/\/insideamateurfussball-ffm.de\/wp-content\/uploads\/2025\/03\/DSC_5568-3-150x150.jpg\" alt=\"\" width=\"150\" height=\"150\" \/><figcaption id=\"caption-attachment-24045\" class=\"wp-caption-text\">Erster Heimsieg f\u00fcr Germania Enkheim. Foto: Archiv J\u00f6rg Schulz.\u00a0<\/figcaption><\/figure>\n<h5><span style=\"font-size: 16px;\">FC Germania Enkheim &#8211; FC Croatia 5:2 (3:0)<\/span><\/h5>\n<p><img loading=\"lazy\" decoding=\"async\" class=\"alignnone size-full wp-image-1748\" src=\"http:\/\/insideamateurfussball-ffm.de\/wp-content\/uploads\/2022\/07\/Enkheim-1.jpg\" alt=\"\" width=\"63\" height=\"80\" \/><img loading=\"lazy\" decoding=\"async\" class=\"alignnone size-full wp-image-29\" src=\"http:\/\/insideamateurfussball-ffm.de\/wp-content\/uploads\/2021\/11\/croatia.jpg\" alt=\"\" width=\"63\" height=\"80\" \/><\/p>\n<p><span style=\"font-size: 16px;\">&#8222;Wir waren in der ersten Halbzeit sehr effizient und gingen mit einer 3:0-F\u00fchrung in die Halbzeit&#8220;, berichtete Enkheims Trainer Steffen Wittig. Canluca Leo (25.), Lars Trams (28.) und Mihajlo Atanaskovic (40.) sorgten binnen einer Viertelstunde f\u00fcr die komfortable F\u00fchrung des Aufsteigers. <\/span><span style=\"font-size: 16px;\">Nach dem Seitenwechsel kam das Schlusslicht nach drei Spielerwechseln auf. Der neue St\u00fcrmer Stefano Amore verk\u00fcrzte (64.) und Kian Bonanno traf zum 3:2 (65.), sodass es pl\u00f6tzlich nur noch 3:2 stand und Drazen Gluhakovic traf die Latte. <\/span><\/p>\n<p><span style=\"font-size: 16px;\">Enkheim wackelte kurz, machte aber in der Schlussphase durch zwei Tore des langen St\u00fcrmers Lars Trams (75.\/88.) alles klar. <\/span><span style=\"font-size: 16px;\">Zwischendurch \u00fcberstand die Germania auch eine Phase von zehn Minuten mit einem Mann weniger aufgrund einer Zeitstrafe gegen Atanaskovic (ab 75.). &#8222;Nach der Halbzeit kam Croatia mit einem Doppelschlag zur\u00fcck und wir bekamen eine 10 Minuten-Strafe. In Unterzahl erzielten wir das 4:2 und erh\u00f6hten kurz vor Schluss auf 5:2&#8220;, berichtete Wittig weiter.<\/span><\/p>\n<ul>\n<li><strong><span style=\"font-size: 16px;\">&#8222;Stipe Duvnjak fehlte, da er parallel als Jugendtrainer im Einsatz war&#8220; (Croatia-Sportdirektor Darko Krolo)<\/span><\/strong><\/li>\n<\/ul>\n<p><span style=\"font-size: 16px;\">&#8222;Es war ein gelungener Auftakt f\u00fcr uns im Jahr 2025 und wir wollen im M\u00e4rz die weiteren Punkte holen, die noch notwendig sind. Und eine sch\u00f6ne Erl\u00f6sung, dass wir endlich zu Hause gewonnen haben&#8220;, erkl\u00e4rte der Enkheimer Coach. Croatias Sportdirektor Darko Krolo machte den &#8222;extremen Personalausfall&#8220; f\u00fcr die klare Niederlage verantwortlich. &#8222;Die beiden neuen Torh\u00fcter sind ausgefallen, so musste Mateo Grbavac nach \u00fcberstandenen Armbruch ins Tor. Stipe Duvnjak fehlte, da er parallel als Jugendtrainer im Einsatz war. Das alles hatte gro\u00dfe Auswirkungen auf die Startelf. Wir mussten improvisieren bis zum \u00e4u\u00dfersten.&#8220; <\/span><\/p>\n<p><span style=\"font-size: 16px;\">Durch fehlende Zuordnung habe es Unstimmigkeiten gegeben, &#8222;wir waren zu naiv, unsortiert, nicht pr\u00e4sent.&#8220; Aus der Niederlage m\u00fcsse man lernen und die richtigen Schl\u00fcsse ziehen, legte Krolo dar. N\u00e4chsten Sonntag treten die Enkheimer beim SV Griesheim Tarik an (15 Uhr). Zeitgleich kommt es zum Platzderby zwischen dem FC Croatia und dem SV 07 Heddernheim.\u00a0 <\/span><\/p>\n<ul>\n<li><span style=\"font-size: 16px;\"><strong>Schiedsrichter: Devran Akca (Erbstadt). <\/strong><\/span><\/li>\n<li><span style=\"font-size: 16px;\"><strong>Zuschauer: 120. <\/strong><\/span><\/li>\n<li><span style=\"font-size: 16px;\"><strong>Tore: 1:0 Canluca Leo (25.), 2:0 Lars Trams (28.), 3:0 Mihajlo Atanaskovic (40.), 3:1 Stefano Amore (64.), 3:2 Kian Bonanno (65.), 4:2, 5:2 Lars Trams (75.\/88.).<\/strong>\u00a0<\/span><\/li>\n<\/ul>\n","protected":false},"excerpt":{"rendered":"<p>Im elften Heimspiel hat es endlich geklappt mit dem ersten Heimsieg f\u00fcr den FC Germania Enkheim. Gegen den Tabellenletzten FC Croatia gab es ein 5:2 (3:0).\u00a0 FC Germania Enkheim &#8211; FC Croatia 5:2 (3:0) &#8222;Wir waren in der ersten Halbzeit sehr effizient und gingen mit einer 3:0-F\u00fchrung in die Halbzeit&#8220;, berichtete Enkheims Trainer Steffen Wittig. [&hellip;]<\/p>\n","protected":false},"author":1,"featured_media":24045,"comment_status":"closed","ping_status":"closed","sticky":true,"template":"","format":"standard","meta":{"footnotes":""},"categories":[2],"tags":[],"class_list":["post-24044","post","type-post","status-publish","format-standard","has-post-thumbnail","hentry","category-kreisoberliga-frankfurt"],"_links":{"self":[{"href":"https:\/\/insideamateurfussball-ffm.de\/index.php?rest_route=\/wp\/v2\/posts\/24044","targetHints":{"allow":["GET"]}}],"collection":[{"href":"https:\/\/insideamateurfussball-ffm.de\/index.php?rest_route=\/wp\/v2\/posts"}],"about":[{"href":"https:\/\/insideamateurfussball-ffm.de\/index.php?rest_route=\/wp\/v2\/types\/post"}],"author":[{"embeddable":true,"href":"https:\/\/insideamateurfussball-ffm.de\/index.php?rest_route=\/wp\/v2\/users\/1"}],"replies":[{"embeddable":true,"href":"https:\/\/insideamateurfussball-ffm.de\/index.php?rest_route=%2Fwp%2Fv2%2Fcomments&post=24044"}],"version-history":[{"count":1,"href":"https:\/\/insideamateurfussball-ffm.de\/index.php?rest_route=\/wp\/v2\/posts\/24044\/revisions"}],"predecessor-version":[{"id":24046,"href":"https:\/\/insideamateurfussball-ffm.de\/index.php?rest_route=\/wp\/v2\/posts\/24044\/revisions\/24046"}],"wp:featuredmedia":[{"embeddable":true,"href":"https:\/\/insideamateurfussball-ffm.de\/index.php?rest_route=\/wp\/v2\/media\/24045"}],"wp:attachment":[{"href":"https:\/\/insideamateurfussball-ffm.de\/index.php?rest_route=%2Fwp%2Fv2%2Fmedia&parent=24044"}],"wp:term":[{"taxonomy":"category","embeddable":true,"href":"https:\/\/insideamateurfussball-ffm.de\/index.php?rest_route=%2Fwp%2Fv2%2Fcategories&post=24044"},{"taxonomy":"post_tag","embeddable":true,"href":"https:\/\/insideamateurfussball-ffm.de\/index.php?rest_route=%2Fwp%2Fv2%2Ftags&post=24044"}],"curies":[{"name":"wp","href":"https:\/\/api.w.org\/{rel}","templated":true}]}}