{"id":24039,"date":"2025-03-03T18:06:42","date_gmt":"2025-03-03T17:06:42","guid":{"rendered":"https:\/\/insideamateurfussball-ffm.de\/?p=24039"},"modified":"2025-03-03T19:06:49","modified_gmt":"2025-03-03T18:06:49","slug":"tabellenfuehrer-fc-kosova-kommt-kampflos-zu-drei-punkten","status":"publish","type":"post","link":"https:\/\/insideamateurfussball-ffm.de\/?p=24039","title":{"rendered":"Tabellenf\u00fchrer FC Kosova kommt kampflos zu drei Punkten"},"content":{"rendered":"<h5><span style=\"font-size: 16px;\">Weil der FC Posavina kein Team aufstellen konnte, kam Tabellenf\u00fchrer FC Kosova ohne zu spielen zu drei Punkten. Bei Posavina machten sich die drei Rotsperren aus dem R\u00f6delheim-Spiel bemerkbar, zudem gab es einige verletzte und kranke Spieler. Die Partie wird mit 3 Punkten und 3:0 Toren f\u00fcr den FC Kosova gewertet.\u00a0<\/span><\/h5>\n<figure id=\"attachment_24040\" aria-describedby=\"caption-attachment-24040\" style=\"width: 150px\" class=\"wp-caption alignleft\"><img loading=\"lazy\" decoding=\"async\" class=\"wp-image-24040 size-thumbnail\" src=\"http:\/\/insideamateurfussball-ffm.de\/wp-content\/uploads\/2025\/03\/DSC_5208-2-150x150.jpg\" alt=\"\" width=\"150\" height=\"150\" \/><figcaption id=\"caption-attachment-24040\" class=\"wp-caption-text\">Kampflos zu drei Punkten: Kosova-Trainer Jorge Huberman (links). Foto: Archiv J\u00f6rg Schulz.<\/figcaption><\/figure>\n<h5><span style=\"font-size: 16px;\">FC Posavina &#8211; FC Kosova 0:3 kampflos<\/span><\/h5>\n<p><img loading=\"lazy\" decoding=\"async\" class=\"alignnone size-full wp-image-22\" src=\"http:\/\/insideamateurfussball-ffm.de\/wp-content\/uploads\/2021\/11\/posavina.jpg\" alt=\"\" width=\"63\" height=\"80\" \/><img loading=\"lazy\" decoding=\"async\" class=\"alignnone size-full wp-image-9\" src=\"http:\/\/insideamateurfussball-ffm.de\/wp-content\/uploads\/2021\/11\/Kosova.jpg\" alt=\"\" width=\"65\" height=\"80\" \/><\/p>\n","protected":false},"excerpt":{"rendered":"<p>Weil der FC Posavina kein Team aufstellen konnte, kam Tabellenf\u00fchrer FC Kosova ohne zu spielen zu drei Punkten. Bei Posavina machten sich die drei Rotsperren aus dem R\u00f6delheim-Spiel bemerkbar, zudem gab es einige verletzte und kranke Spieler. Die Partie wird mit 3 Punkten und 3:0 Toren f\u00fcr den FC Kosova gewertet.\u00a0 FC Posavina &#8211; FC [&hellip;]<\/p>\n","protected":false},"author":1,"featured_media":24040,"comment_status":"closed","ping_status":"closed","sticky":true,"template":"","format":"standard","meta":{"footnotes":""},"categories":[2],"tags":[],"class_list":["post-24039","post","type-post","status-publish","format-standard","has-post-thumbnail","hentry","category-kreisoberliga-frankfurt"],"_links":{"self":[{"href":"https:\/\/insideamateurfussball-ffm.de\/index.php?rest_route=\/wp\/v2\/posts\/24039","targetHints":{"allow":["GET"]}}],"collection":[{"href":"https:\/\/insideamateurfussball-ffm.de\/index.php?rest_route=\/wp\/v2\/posts"}],"about":[{"href":"https:\/\/insideamateurfussball-ffm.de\/index.php?rest_route=\/wp\/v2\/types\/post"}],"author":[{"embeddable":true,"href":"https:\/\/insideamateurfussball-ffm.de\/index.php?rest_route=\/wp\/v2\/users\/1"}],"replies":[{"embeddable":true,"href":"https:\/\/insideamateurfussball-ffm.de\/index.php?rest_route=%2Fwp%2Fv2%2Fcomments&post=24039"}],"version-history":[{"count":4,"href":"https:\/\/insideamateurfussball-ffm.de\/index.php?rest_route=\/wp\/v2\/posts\/24039\/revisions"}],"predecessor-version":[{"id":24047,"href":"https:\/\/insideamateurfussball-ffm.de\/index.php?rest_route=\/wp\/v2\/posts\/24039\/revisions\/24047"}],"wp:featuredmedia":[{"embeddable":true,"href":"https:\/\/insideamateurfussball-ffm.de\/index.php?rest_route=\/wp\/v2\/media\/24040"}],"wp:attachment":[{"href":"https:\/\/insideamateurfussball-ffm.de\/index.php?rest_route=%2Fwp%2Fv2%2Fmedia&parent=24039"}],"wp:term":[{"taxonomy":"category","embeddable":true,"href":"https:\/\/insideamateurfussball-ffm.de\/index.php?rest_route=%2Fwp%2Fv2%2Fcategories&post=24039"},{"taxonomy":"post_tag","embeddable":true,"href":"https:\/\/insideamateurfussball-ffm.de\/index.php?rest_route=%2Fwp%2Fv2%2Ftags&post=24039"}],"curies":[{"name":"wp","href":"https:\/\/api.w.org\/{rel}","templated":true}]}}