{"id":23964,"date":"2025-03-02T15:48:16","date_gmt":"2025-03-02T14:48:16","guid":{"rendered":"https:\/\/insideamateurfussball-ffm.de\/?p=23964"},"modified":"2025-03-02T15:48:16","modified_gmt":"2025-03-02T14:48:16","slug":"seckbach-schlaegt-spitzenreiter-verdient-mit-30","status":"publish","type":"post","link":"https:\/\/insideamateurfussball-ffm.de\/?p=23964","title":{"rendered":"Seckbach schl\u00e4gt Spitzenreiter verdient mit 3:0"},"content":{"rendered":"<h4>Die FG Seckbach ist in starker Fr\u00fchform und schlug nach dem 5:2 gegen Fechenheim im Pokal jetzt auch den Spitzenreiter der Gruppenliga, den FC Kalbach, klar und verdient mit 3:0, wodurch der Vorsprung des Tabellenf\u00fchrers schmilzt.<\/h4>\n<figure id=\"attachment_23967\" aria-describedby=\"caption-attachment-23967\" style=\"width: 2016px\" class=\"wp-caption alignnone\"><img loading=\"lazy\" decoding=\"async\" class=\"wp-image-23967 size-full\" src=\"http:\/\/insideamateurfussball-ffm.de\/wp-content\/uploads\/2025\/03\/seckbachkalbach02.jpg\" alt=\"\" width=\"2016\" height=\"1512\" srcset=\"https:\/\/insideamateurfussball-ffm.de\/wp-content\/uploads\/2025\/03\/seckbachkalbach02.jpg 2016w, https:\/\/insideamateurfussball-ffm.de\/wp-content\/uploads\/2025\/03\/seckbachkalbach02-300x225.jpg 300w, https:\/\/insideamateurfussball-ffm.de\/wp-content\/uploads\/2025\/03\/seckbachkalbach02-1024x768.jpg 1024w, https:\/\/insideamateurfussball-ffm.de\/wp-content\/uploads\/2025\/03\/seckbachkalbach02-768x576.jpg 768w, https:\/\/insideamateurfussball-ffm.de\/wp-content\/uploads\/2025\/03\/seckbachkalbach02-1536x1152.jpg 1536w\" sizes=\"auto, (max-width: 2016px) 100vw, 2016px\" \/><figcaption id=\"caption-attachment-23967\" class=\"wp-caption-text\">Sie Begr\u00fc\u00dfung der Mannschaften der FG Seckbach (rot) und des FC Kalbach (schwarz). Foto: MZ<\/figcaption><\/figure>\n<h4>FG Seckbach &#8211; FC Kalbach 3:0 (1:0)<\/h4>\n<p><img loading=\"lazy\" decoding=\"async\" class=\"alignnone size-full wp-image-544\" src=\"http:\/\/insideamateurfussball-ffm.de\/wp-content\/uploads\/2022\/06\/Seckbach.jpg\" alt=\"\" width=\"80\" height=\"80\" \/><img loading=\"lazy\" decoding=\"async\" class=\"alignnone size-full wp-image-16\" src=\"http:\/\/insideamateurfussball-ffm.de\/wp-content\/uploads\/2021\/11\/kalbach-wappen.jpg\" alt=\"\" width=\"80\" height=\"80\" \/><\/p>\n<p>Im Hinspiel deklassierte der FC Kalbach die FG Seckbach noch mit 10:3, wonach die Seckbacher im Anschluss zwei Monate in Folge ohne Niederlage blieben. Die Gastgeber aus Seckbach wollten sich f\u00fcr die Niederlage revanchieren und ihre gute Fr\u00fchform, die sie im Viertelfinale des Kreispokals beim 5:2-Sieg gegen die Spvgg. 03 Fechenheim nachgewiesen hatten, fortsetzen.<\/p>\n<p>Doch zuerst \u00fcbernahm der souver\u00e4ne Tabellenf\u00fchrer, der mit 10 Punkten Vorsprung die Tabelle anf\u00fchrte, die Initiative und kam durch Fabio Pinto da Silva und Achraf Gara Ali zu Chancen, die sie aber nicht verwerten konnten. Nach 20 Minuten wurden die Seckbacher dann st\u00e4rker und kamen durch ein sch\u00f6n herausgespieltes Tor von Kapit\u00e4n Milad Wardak in der 25.Minute zur 1:0-F\u00fchrung. Die Gastgeber hatten bis zur Halbzeitpause ein Chancen\u00fcbergewicht, es blieb aber bis zur Halbzeit bei der knappen F\u00fchrung.<\/p>\n<p>In der zweiten Halbzeit wollte der Spitzenreiter das Spiel drehen, aber die erste gro\u00dfe Chance hatte wieder Seckbach, ein frei durchgelaufener St\u00fcrmer wurde an der Sechzehnmeterlinie nur durch ein Foul gestoppt, die Seckbacher Zuschauer forderten einen Platzverweis, der Schiedsrichter belie\u00df es bei einer gelben Karte. Der nachfolgende Freisto\u00df landete in der Kalbacher Mauer. \u00a0Doch in der 53.Minute folgte das 2:0 f\u00fcr die Gastgeber, Milad Wardak nahm aus 18 Metern Ma\u00df und zirkelte den Ball in den Winkel des Kalbacher Tores.<\/p>\n<p>Das Spiel wurde jetzt etwas hitziger, doch Kalbach kam zu keinen gro\u00dfen Gelegenheiten, der blass gebliebene Achraf Gara Ali wurde in der 67.Minute durch Anthony Wade ersetzt, das \u00e4nderte aber nichts an der mangelnden Durchschlagskraft der G\u00e4ste in der Offensive. Im Gegenteil, in der 75.Minute lie\u00df Spielertrainer Manuel May das 3:0 der Seckbacher liegen, als er einen Ball aus 8 Metern freistehend \u00fcber das Tor schoss. Die endg\u00fcltige Entscheidung gelang dann in der 86.Minute Raphael Sahl, der einen Ball aus 14 Metern im langen Eck versenkte.<\/p>\n<p>Kalbachs Vorstandsmitglied Manni Meyer nach dem Spiel: \u201egebrauchter Samstag, wir haben die ersten 20 Minuten hervorragend begonnen und mussten 1:0 in F\u00fchrung gehen, haben das aber nicht gemacht. Seckbach hat das total ausgenutzt, hatte das Spielgl\u00fcck und schoss das Tor zum 1:0, ein wunderbares Tor. Das 2:0 genau dasselbe, wir sind im Angriff und die machen das 2:0 und damit war das Spiel besiegelt. Seckbach hat verdient gewonnen, weil sie die Chancen, die sie hatten, genutzt haben und das war der Sieg. Ich m\u00f6chte auch noch was zum Schiedsrichter sagen: eine katastrophale Leistung von diesem Mann, der zweimal nicht das gezeigt hat, was er h\u00e4tte zeigen m\u00fcssen, als zweimal Achraf im Strafraum gehalten wurde und er nicht gepfiffen hat. Das ist schade, dass er so einen gebrauchten Tag hatte wie wir.\u201c<\/p>\n<p>Seckbachs Spielertrainer Manuel May war gl\u00fccklich: \u201edie ersten 15, 20 Minuten hatten wir Probleme mit dem Tempo und der Raumaufteilung, ab da haben wir es viel besser gemacht und waren im Spiel. Ab Minute 21 ein verdienter Sieg, absoluter Respekt an die Jungs, wie sie marschiert sind und gearbeitet haben. Es ist einfach etwas Sch\u00f6nes, gegen den Tabellenf\u00fchrer zu gewinnen, gegen wahrscheinlich die beste Mannschaft in der Liga. Sch\u00f6n, dass wir mithalten und gewinnen konnten, auch verdient, wir sind gl\u00fccklich und haben jetzt eine Woche Pause.\u201c<\/p>\n<p>Der FC Kalbach bleibt Tabellenf\u00fchrer und hat immer noch sieben Punkte Vorsprung, am n\u00e4chsten Sonntag sollte allerdings ein Sieg her gegen den Aufsteiger, die Spvgg. 05\/99 Bomber Bad Homburg. Die Seckbacher dagegen sind spielfrei.<\/p>\n<h4>Schiedsrichter: Wolfgang Geipel (TuS Nordenstadt). Zuschauer: 60.<\/h4>\n<h4>Tore: 1:0 Milad Wardak (25.), 2:0 Milad Wardak (53.), 3:0 Raphael Sahl (86.)<\/h4>\n\n\n<figure class=\"wp-block-image size-large\"><img loading=\"lazy\" decoding=\"async\" width=\"1024\" height=\"768\" src=\"http:\/\/insideamateurfussball-ffm.de\/wp-content\/uploads\/2025\/03\/seckbachkalbach00-1024x768.jpg\" alt=\"\" class=\"wp-image-23965\" srcset=\"https:\/\/insideamateurfussball-ffm.de\/wp-content\/uploads\/2025\/03\/seckbachkalbach00-1024x768.jpg 1024w, https:\/\/insideamateurfussball-ffm.de\/wp-content\/uploads\/2025\/03\/seckbachkalbach00-300x225.jpg 300w, https:\/\/insideamateurfussball-ffm.de\/wp-content\/uploads\/2025\/03\/seckbachkalbach00-768x576.jpg 768w, https:\/\/insideamateurfussball-ffm.de\/wp-content\/uploads\/2025\/03\/seckbachkalbach00-1536x1152.jpg 1536w, https:\/\/insideamateurfussball-ffm.de\/wp-content\/uploads\/2025\/03\/seckbachkalbach00.jpg 2016w\" sizes=\"auto, (max-width: 1024px) 100vw, 1024px\" \/><\/figure>\n\n\n\n<figure class=\"wp-block-image size-large\"><img loading=\"lazy\" decoding=\"async\" width=\"1024\" height=\"768\" src=\"http:\/\/insideamateurfussball-ffm.de\/wp-content\/uploads\/2025\/03\/seckbachkalbach01-1024x768.jpg\" alt=\"\" class=\"wp-image-23966\" srcset=\"https:\/\/insideamateurfussball-ffm.de\/wp-content\/uploads\/2025\/03\/seckbachkalbach01-1024x768.jpg 1024w, https:\/\/insideamateurfussball-ffm.de\/wp-content\/uploads\/2025\/03\/seckbachkalbach01-300x225.jpg 300w, https:\/\/insideamateurfussball-ffm.de\/wp-content\/uploads\/2025\/03\/seckbachkalbach01-768x576.jpg 768w, https:\/\/insideamateurfussball-ffm.de\/wp-content\/uploads\/2025\/03\/seckbachkalbach01-1536x1152.jpg 1536w, https:\/\/insideamateurfussball-ffm.de\/wp-content\/uploads\/2025\/03\/seckbachkalbach01.jpg 2016w\" sizes=\"auto, (max-width: 1024px) 100vw, 1024px\" \/><\/figure>\n\n\n\n<figure class=\"wp-block-image size-large\"><img loading=\"lazy\" decoding=\"async\" width=\"1024\" height=\"768\" src=\"http:\/\/insideamateurfussball-ffm.de\/wp-content\/uploads\/2025\/03\/seckbachkalbach03-1024x768.jpg\" alt=\"\" class=\"wp-image-23968\" srcset=\"https:\/\/insideamateurfussball-ffm.de\/wp-content\/uploads\/2025\/03\/seckbachkalbach03-1024x768.jpg 1024w, https:\/\/insideamateurfussball-ffm.de\/wp-content\/uploads\/2025\/03\/seckbachkalbach03-300x225.jpg 300w, https:\/\/insideamateurfussball-ffm.de\/wp-content\/uploads\/2025\/03\/seckbachkalbach03-768x576.jpg 768w, https:\/\/insideamateurfussball-ffm.de\/wp-content\/uploads\/2025\/03\/seckbachkalbach03-1536x1152.jpg 1536w, https:\/\/insideamateurfussball-ffm.de\/wp-content\/uploads\/2025\/03\/seckbachkalbach03.jpg 2016w\" sizes=\"auto, (max-width: 1024px) 100vw, 1024px\" \/><\/figure>\n\n\n\n<figure class=\"wp-block-image size-large\"><img loading=\"lazy\" decoding=\"async\" width=\"1024\" height=\"768\" src=\"http:\/\/insideamateurfussball-ffm.de\/wp-content\/uploads\/2025\/03\/seckbachkalbach04-1024x768.jpg\" alt=\"\" class=\"wp-image-23969\" srcset=\"https:\/\/insideamateurfussball-ffm.de\/wp-content\/uploads\/2025\/03\/seckbachkalbach04-1024x768.jpg 1024w, https:\/\/insideamateurfussball-ffm.de\/wp-content\/uploads\/2025\/03\/seckbachkalbach04-300x225.jpg 300w, https:\/\/insideamateurfussball-ffm.de\/wp-content\/uploads\/2025\/03\/seckbachkalbach04-768x576.jpg 768w, https:\/\/insideamateurfussball-ffm.de\/wp-content\/uploads\/2025\/03\/seckbachkalbach04-1536x1152.jpg 1536w, https:\/\/insideamateurfussball-ffm.de\/wp-content\/uploads\/2025\/03\/seckbachkalbach04.jpg 2016w\" sizes=\"auto, (max-width: 1024px) 100vw, 1024px\" \/><\/figure>\n\n\n\n<figure class=\"wp-block-image size-large\"><img loading=\"lazy\" decoding=\"async\" width=\"1024\" height=\"768\" src=\"http:\/\/insideamateurfussball-ffm.de\/wp-content\/uploads\/2025\/03\/seckbachkalbach07-1024x768.jpg\" alt=\"\" class=\"wp-image-23972\" srcset=\"https:\/\/insideamateurfussball-ffm.de\/wp-content\/uploads\/2025\/03\/seckbachkalbach07-1024x768.jpg 1024w, https:\/\/insideamateurfussball-ffm.de\/wp-content\/uploads\/2025\/03\/seckbachkalbach07-300x225.jpg 300w, https:\/\/insideamateurfussball-ffm.de\/wp-content\/uploads\/2025\/03\/seckbachkalbach07-768x576.jpg 768w, https:\/\/insideamateurfussball-ffm.de\/wp-content\/uploads\/2025\/03\/seckbachkalbach07-1536x1152.jpg 1536w, https:\/\/insideamateurfussball-ffm.de\/wp-content\/uploads\/2025\/03\/seckbachkalbach07.jpg 2016w\" sizes=\"auto, (max-width: 1024px) 100vw, 1024px\" \/><\/figure>\n\n\n\n<figure class=\"wp-block-image size-large\"><img loading=\"lazy\" decoding=\"async\" width=\"1024\" height=\"768\" src=\"http:\/\/insideamateurfussball-ffm.de\/wp-content\/uploads\/2025\/03\/seckbachkalbach08-1024x768.jpg\" alt=\"\" class=\"wp-image-23973\" srcset=\"https:\/\/insideamateurfussball-ffm.de\/wp-content\/uploads\/2025\/03\/seckbachkalbach08-1024x768.jpg 1024w, https:\/\/insideamateurfussball-ffm.de\/wp-content\/uploads\/2025\/03\/seckbachkalbach08-300x225.jpg 300w, https:\/\/insideamateurfussball-ffm.de\/wp-content\/uploads\/2025\/03\/seckbachkalbach08-768x576.jpg 768w, https:\/\/insideamateurfussball-ffm.de\/wp-content\/uploads\/2025\/03\/seckbachkalbach08-1536x1152.jpg 1536w, https:\/\/insideamateurfussball-ffm.de\/wp-content\/uploads\/2025\/03\/seckbachkalbach08.jpg 2016w\" sizes=\"auto, (max-width: 1024px) 100vw, 1024px\" \/><\/figure>\n\n\n\n<figure class=\"wp-block-image size-large\"><img loading=\"lazy\" decoding=\"async\" width=\"1024\" height=\"768\" src=\"http:\/\/insideamateurfussball-ffm.de\/wp-content\/uploads\/2025\/03\/seckbachkalbach09-1024x768.jpg\" alt=\"\" class=\"wp-image-23974\" srcset=\"https:\/\/insideamateurfussball-ffm.de\/wp-content\/uploads\/2025\/03\/seckbachkalbach09-1024x768.jpg 1024w, https:\/\/insideamateurfussball-ffm.de\/wp-content\/uploads\/2025\/03\/seckbachkalbach09-300x225.jpg 300w, https:\/\/insideamateurfussball-ffm.de\/wp-content\/uploads\/2025\/03\/seckbachkalbach09-768x576.jpg 768w, https:\/\/insideamateurfussball-ffm.de\/wp-content\/uploads\/2025\/03\/seckbachkalbach09-1536x1152.jpg 1536w, https:\/\/insideamateurfussball-ffm.de\/wp-content\/uploads\/2025\/03\/seckbachkalbach09.jpg 2016w\" sizes=\"auto, (max-width: 1024px) 100vw, 1024px\" \/><\/figure>\n\n\n\n<figure class=\"wp-block-image size-large\"><img loading=\"lazy\" decoding=\"async\" width=\"1024\" height=\"768\" src=\"http:\/\/insideamateurfussball-ffm.de\/wp-content\/uploads\/2025\/03\/seckbachkalbach10-1024x768.jpg\" alt=\"\" class=\"wp-image-23975\" srcset=\"https:\/\/insideamateurfussball-ffm.de\/wp-content\/uploads\/2025\/03\/seckbachkalbach10-1024x768.jpg 1024w, https:\/\/insideamateurfussball-ffm.de\/wp-content\/uploads\/2025\/03\/seckbachkalbach10-300x225.jpg 300w, https:\/\/insideamateurfussball-ffm.de\/wp-content\/uploads\/2025\/03\/seckbachkalbach10-768x576.jpg 768w, https:\/\/insideamateurfussball-ffm.de\/wp-content\/uploads\/2025\/03\/seckbachkalbach10-1536x1152.jpg 1536w, https:\/\/insideamateurfussball-ffm.de\/wp-content\/uploads\/2025\/03\/seckbachkalbach10.jpg 2016w\" sizes=\"auto, (max-width: 1024px) 100vw, 1024px\" \/><\/figure>\n\n\n\n<figure class=\"wp-block-image size-large\"><img loading=\"lazy\" decoding=\"async\" width=\"1024\" height=\"768\" src=\"http:\/\/insideamateurfussball-ffm.de\/wp-content\/uploads\/2025\/03\/seckbachkalbach11-1024x768.jpg\" alt=\"\" class=\"wp-image-23976\" srcset=\"https:\/\/insideamateurfussball-ffm.de\/wp-content\/uploads\/2025\/03\/seckbachkalbach11-1024x768.jpg 1024w, https:\/\/insideamateurfussball-ffm.de\/wp-content\/uploads\/2025\/03\/seckbachkalbach11-300x225.jpg 300w, https:\/\/insideamateurfussball-ffm.de\/wp-content\/uploads\/2025\/03\/seckbachkalbach11-768x576.jpg 768w, https:\/\/insideamateurfussball-ffm.de\/wp-content\/uploads\/2025\/03\/seckbachkalbach11-1536x1152.jpg 1536w, https:\/\/insideamateurfussball-ffm.de\/wp-content\/uploads\/2025\/03\/seckbachkalbach11.jpg 2016w\" sizes=\"auto, (max-width: 1024px) 100vw, 1024px\" \/><\/figure>\n\n\n\n<figure class=\"wp-block-image size-large\"><img loading=\"lazy\" decoding=\"async\" width=\"1024\" height=\"768\" src=\"http:\/\/insideamateurfussball-ffm.de\/wp-content\/uploads\/2025\/03\/seckbachkalbach12-1024x768.jpg\" alt=\"\" class=\"wp-image-23977\" srcset=\"https:\/\/insideamateurfussball-ffm.de\/wp-content\/uploads\/2025\/03\/seckbachkalbach12-1024x768.jpg 1024w, https:\/\/insideamateurfussball-ffm.de\/wp-content\/uploads\/2025\/03\/seckbachkalbach12-300x225.jpg 300w, https:\/\/insideamateurfussball-ffm.de\/wp-content\/uploads\/2025\/03\/seckbachkalbach12-768x576.jpg 768w, https:\/\/insideamateurfussball-ffm.de\/wp-content\/uploads\/2025\/03\/seckbachkalbach12-1536x1152.jpg 1536w, https:\/\/insideamateurfussball-ffm.de\/wp-content\/uploads\/2025\/03\/seckbachkalbach12.jpg 2016w\" sizes=\"auto, (max-width: 1024px) 100vw, 1024px\" \/><\/figure>\n","protected":false},"excerpt":{"rendered":"<p>Die FG Seckbach ist in starker Fr\u00fchform und schlug nach dem 5:2 gegen Fechenheim im Pokal jetzt auch den Spitzenreiter der Gruppenliga, den FC Kalbach, klar und verdient mit 3:0, wodurch der Vorsprung des Tabellenf\u00fchrers schmilzt. FG Seckbach &#8211; FC Kalbach 3:0 (1:0) Im Hinspiel deklassierte der FC Kalbach die FG Seckbach noch mit 10:3, [&hellip;]<\/p>\n","protected":false},"author":3,"featured_media":23967,"comment_status":"closed","ping_status":"open","sticky":true,"template":"","format":"standard","meta":{"footnotes":""},"categories":[13],"tags":[],"class_list":["post-23964","post","type-post","status-publish","format-standard","has-post-thumbnail","hentry","category-gruppenliga-frankfurt-west"],"_links":{"self":[{"href":"https:\/\/insideamateurfussball-ffm.de\/index.php?rest_route=\/wp\/v2\/posts\/23964","targetHints":{"allow":["GET"]}}],"collection":[{"href":"https:\/\/insideamateurfussball-ffm.de\/index.php?rest_route=\/wp\/v2\/posts"}],"about":[{"href":"https:\/\/insideamateurfussball-ffm.de\/index.php?rest_route=\/wp\/v2\/types\/post"}],"author":[{"embeddable":true,"href":"https:\/\/insideamateurfussball-ffm.de\/index.php?rest_route=\/wp\/v2\/users\/3"}],"replies":[{"embeddable":true,"href":"https:\/\/insideamateurfussball-ffm.de\/index.php?rest_route=%2Fwp%2Fv2%2Fcomments&post=23964"}],"version-history":[{"count":2,"href":"https:\/\/insideamateurfussball-ffm.de\/index.php?rest_route=\/wp\/v2\/posts\/23964\/revisions"}],"predecessor-version":[{"id":23979,"href":"https:\/\/insideamateurfussball-ffm.de\/index.php?rest_route=\/wp\/v2\/posts\/23964\/revisions\/23979"}],"wp:featuredmedia":[{"embeddable":true,"href":"https:\/\/insideamateurfussball-ffm.de\/index.php?rest_route=\/wp\/v2\/media\/23967"}],"wp:attachment":[{"href":"https:\/\/insideamateurfussball-ffm.de\/index.php?rest_route=%2Fwp%2Fv2%2Fmedia&parent=23964"}],"wp:term":[{"taxonomy":"category","embeddable":true,"href":"https:\/\/insideamateurfussball-ffm.de\/index.php?rest_route=%2Fwp%2Fv2%2Fcategories&post=23964"},{"taxonomy":"post_tag","embeddable":true,"href":"https:\/\/insideamateurfussball-ffm.de\/index.php?rest_route=%2Fwp%2Fv2%2Ftags&post=23964"}],"curies":[{"name":"wp","href":"https:\/\/api.w.org\/{rel}","templated":true}]}}