{"id":23925,"date":"2025-03-02T11:14:08","date_gmt":"2025-03-02T10:14:08","guid":{"rendered":"https:\/\/insideamateurfussball-ffm.de\/?p=23925"},"modified":"2025-03-02T11:14:08","modified_gmt":"2025-03-02T10:14:08","slug":"fechenheim-mit-8-toren-in-bad-homburg","status":"publish","type":"post","link":"https:\/\/insideamateurfussball-ffm.de\/?p=23925","title":{"rendered":"Fechenheim mit 8 Toren in Bad Homburg"},"content":{"rendered":"<h4>Die Spvgg. 03 Fechenheim l\u00e4sst nach dem Pokalaus in Seckbach in der Gruppenliga aufhorchen, mit einem 8:2-Ausw\u00e4rtssieg beim Aufsteiger Spvgg. 05\/99 Bomber Bad Homburg konnte man den dritten Tabellenplatz untermauern.<\/h4>\n<figure id=\"attachment_23816\" aria-describedby=\"caption-attachment-23816\" style=\"width: 2016px\" class=\"wp-caption alignnone\"><img loading=\"lazy\" decoding=\"async\" class=\"wp-image-23816 size-full\" src=\"http:\/\/insideamateurfussball-ffm.de\/wp-content\/uploads\/2025\/02\/seckbachfechenheim10.jpg\" alt=\"\" width=\"2016\" height=\"1512\" srcset=\"https:\/\/insideamateurfussball-ffm.de\/wp-content\/uploads\/2025\/02\/seckbachfechenheim10.jpg 2016w, https:\/\/insideamateurfussball-ffm.de\/wp-content\/uploads\/2025\/02\/seckbachfechenheim10-300x225.jpg 300w, https:\/\/insideamateurfussball-ffm.de\/wp-content\/uploads\/2025\/02\/seckbachfechenheim10-1024x768.jpg 1024w, https:\/\/insideamateurfussball-ffm.de\/wp-content\/uploads\/2025\/02\/seckbachfechenheim10-768x576.jpg 768w, https:\/\/insideamateurfussball-ffm.de\/wp-content\/uploads\/2025\/02\/seckbachfechenheim10-1536x1152.jpg 1536w\" sizes=\"auto, (max-width: 2016px) 100vw, 2016px\" \/><figcaption id=\"caption-attachment-23816\" class=\"wp-caption-text\">Giovanbattista Pedace (Nr. 7) er\u00f6ffnete den Torreigen und lie\u00df noch ein weiteres Tor folgen. Foto: Archiv MZ<\/figcaption><\/figure>\n<h4>Spvgg. 05\/99 Bomber Bad Homburg &#8211; Spvgg. 03 Fechenheim 2:8 (1:3)<\/h4>\n<p><img loading=\"lazy\" decoding=\"async\" class=\"alignnone size-full wp-image-1287\" src=\"http:\/\/insideamateurfussball-ffm.de\/wp-content\/uploads\/2022\/07\/HeaderLogoSpvgg1-80x80-1.png\" alt=\"\" width=\"80\" height=\"80\" \/><img loading=\"lazy\" decoding=\"async\" class=\"alignnone size-full wp-image-603\" src=\"http:\/\/insideamateurfussball-ffm.de\/wp-content\/uploads\/2022\/06\/Fech03.jpg\" alt=\"\" width=\"52\" height=\"80\" \/><\/p>\n<p>Die Spvgg. 03 Fechenheim ist in der Liga nach der Winterpause gut aus den Startl\u00f6chern gekommen und gewann hochverdient beim Aufsteiger Spvgg. 05\/99 Bad Homburg mit 8:2, damit konnte der dritte Tabellenplatz untermauert werden und man liegt mit nur einem Punkt R\u00fcckstand in Lauerstellung hinter dem Relegationsplatz, den derzeit der FC Karben belegt. Nach Aussagen ihres Trainers Pirandeep Siva Anandan brauchten die Fechenheimer eine Viertelstunde, um sich \u201ean den au\u00dfergew\u00f6hnlich kleinen Platz zu gew\u00f6hnen\u201c.<\/p>\n<p>Doch in der 18.Minute gingen die G\u00e4ste durch Giovanbattista Pedace mit 1:0 in F\u00fchrung und lie\u00dfen sich auch durch den Ausgleich der Bad Homburger durch Filip Bogdanovic in der 32. Minute nicht beirren, Yassin Chaouki mit einem Doppelpack noch vor der Pause in der 37. und 43.Minute mit einem Elfmeter und seinen Saisontoren 17 und 18 sorgten zur Halbzeit f\u00fcr eine beruhigende F\u00fchrung.<\/p>\n<p>In der zweiten Spielh\u00e4lfte legte Julen Herrero Cennamo in der 47.Minute schnell das 1:4 nach, ehe die Gastgeber durch Kevin Haub in der 56.Minute noch einmal Ergebniskosmetik betrieben. \u00a0Danach gingen die G\u00e4ste aber weiter auf Torejagd, erst erh\u00f6hte Giovanbattista Pdeace in der 62.Minute zum 5:2, danach konnten sich noch zwei Einwechselspieler in die Torsch\u00fctzenliste eintragen lassen. Felix Casalino mit seinen Saisontoren 15 und 16 war in der 66. und 83.Minute erfolgreich, Ouassim Ouass setzte dann mit dem 8:2 in der 85.Minute den Schlusspunkt. Trainer Anandan war zufrieden: \u201eder Sieg ist auch in der H\u00f6he verdient und h\u00e4tte noch h\u00f6her ausfallen k\u00f6nnen, wir hatten auch noch zwei Lattentreffer.\u201c In der n\u00e4chsten Woche empf\u00e4ngt die Spvgg. 03 den T\u00fcrkischen SV Bad Nauheim.<\/p>\n<h4>Schiedsrichter: Emil Schwarz (SG Bruchk\u00f6bel). Zuschauer: 70.<\/h4>\n<h4>Tore: 0:1 Giovanbattista Pedace (18.), 1:1 Filip Bogdanovic (32.), 1:2 Yassin Chaouki (37.), 1:3 Yassin Chaouki (43., Elfmeter), 1:4 Julen Herrero Cennamo (47.), 2:4 Kevin Haub (56.), 2:5 Giovanbattista Pedace (62.), 2:6 Felix Casalino (66.), 2:7 Felix Casalino (83.), 2:8 Ouassim Ouass (85.)<\/h4>\n","protected":false},"excerpt":{"rendered":"<p>Die Spvgg. 03 Fechenheim l\u00e4sst nach dem Pokalaus in Seckbach in der Gruppenliga aufhorchen, mit einem 8:2-Ausw\u00e4rtssieg beim Aufsteiger Spvgg. 05\/99 Bomber Bad Homburg konnte man den dritten Tabellenplatz untermauern. Spvgg. 05\/99 Bomber Bad Homburg &#8211; Spvgg. 03 Fechenheim 2:8 (1:3) Die Spvgg. 03 Fechenheim ist in der Liga nach der Winterpause gut aus den [&hellip;]<\/p>\n","protected":false},"author":3,"featured_media":23816,"comment_status":"closed","ping_status":"open","sticky":true,"template":"","format":"standard","meta":{"footnotes":""},"categories":[13],"tags":[],"class_list":["post-23925","post","type-post","status-publish","format-standard","has-post-thumbnail","hentry","category-gruppenliga-frankfurt-west"],"_links":{"self":[{"href":"https:\/\/insideamateurfussball-ffm.de\/index.php?rest_route=\/wp\/v2\/posts\/23925","targetHints":{"allow":["GET"]}}],"collection":[{"href":"https:\/\/insideamateurfussball-ffm.de\/index.php?rest_route=\/wp\/v2\/posts"}],"about":[{"href":"https:\/\/insideamateurfussball-ffm.de\/index.php?rest_route=\/wp\/v2\/types\/post"}],"author":[{"embeddable":true,"href":"https:\/\/insideamateurfussball-ffm.de\/index.php?rest_route=\/wp\/v2\/users\/3"}],"replies":[{"embeddable":true,"href":"https:\/\/insideamateurfussball-ffm.de\/index.php?rest_route=%2Fwp%2Fv2%2Fcomments&post=23925"}],"version-history":[{"count":2,"href":"https:\/\/insideamateurfussball-ffm.de\/index.php?rest_route=\/wp\/v2\/posts\/23925\/revisions"}],"predecessor-version":[{"id":23927,"href":"https:\/\/insideamateurfussball-ffm.de\/index.php?rest_route=\/wp\/v2\/posts\/23925\/revisions\/23927"}],"wp:featuredmedia":[{"embeddable":true,"href":"https:\/\/insideamateurfussball-ffm.de\/index.php?rest_route=\/wp\/v2\/media\/23816"}],"wp:attachment":[{"href":"https:\/\/insideamateurfussball-ffm.de\/index.php?rest_route=%2Fwp%2Fv2%2Fmedia&parent=23925"}],"wp:term":[{"taxonomy":"category","embeddable":true,"href":"https:\/\/insideamateurfussball-ffm.de\/index.php?rest_route=%2Fwp%2Fv2%2Fcategories&post=23925"},{"taxonomy":"post_tag","embeddable":true,"href":"https:\/\/insideamateurfussball-ffm.de\/index.php?rest_route=%2Fwp%2Fv2%2Ftags&post=23925"}],"curies":[{"name":"wp","href":"https:\/\/api.w.org\/{rel}","templated":true}]}}