{"id":23836,"date":"2025-02-24T12:46:00","date_gmt":"2025-02-24T11:46:00","guid":{"rendered":"https:\/\/insideamateurfussball-ffm.de\/?p=23836"},"modified":"2025-02-24T18:11:14","modified_gmt":"2025-02-24T17:11:14","slug":"kalbach-zwei-nummern-zu-gross-fuer-roedelheim","status":"publish","type":"post","link":"https:\/\/insideamateurfussball-ffm.de\/?p=23836","title":{"rendered":"Kalbach zwei Nummern zu gro\u00df f\u00fcr R\u00f6delheim"},"content":{"rendered":"<h4>Gruppenliga-Spitzenreiter FC Kalbach zog beim Kreisoberligisten 1. R\u00f6delheimer FC 02 souver\u00e4n ins Halbfinale des Kreispokals ein. Der Titelverteidiger gewann am Bottenhorner Weg deutlich mit 6:1 (4:0).\u00a0<\/h4>\n<figure id=\"attachment_23838\" aria-describedby=\"caption-attachment-23838\" style=\"width: 896px\" class=\"wp-caption alignnone\"><img loading=\"lazy\" decoding=\"async\" class=\"wp-image-23838\" src=\"http:\/\/insideamateurfussball-ffm.de\/wp-content\/uploads\/2025\/02\/roedel4.jpg\" alt=\"\" width=\"896\" height=\"649\" srcset=\"https:\/\/insideamateurfussball-ffm.de\/wp-content\/uploads\/2025\/02\/roedel4.jpg 886w, https:\/\/insideamateurfussball-ffm.de\/wp-content\/uploads\/2025\/02\/roedel4-300x217.jpg 300w, https:\/\/insideamateurfussball-ffm.de\/wp-content\/uploads\/2025\/02\/roedel4-768x556.jpg 768w\" sizes=\"auto, (max-width: 896px) 100vw, 896px\" \/><figcaption id=\"caption-attachment-23838\" class=\"wp-caption-text\">Manfred Meyer aus der Sportlichen Leitung der Kalbacher mit Linienrichterfahne. Links G\u00fcnther Fromm, ehemaliger Stadionsprecher bei Rot-Weiss Frankfurt. Foto: Mithat G\u00fcrser.<\/figcaption><\/figure>\n<h4>1. R\u00f6delheimer FC 02 &#8211; FC Kalbach 1:6 (0:4)<\/h4>\n<p><img loading=\"lazy\" decoding=\"async\" class=\"alignnone size-full wp-image-333\" src=\"http:\/\/insideamateurfussball-ffm.de\/wp-content\/uploads\/2022\/05\/Roedelheim.jpg\" alt=\"\" width=\"80\" height=\"73\" \/><img loading=\"lazy\" decoding=\"async\" class=\"alignnone size-full wp-image-16\" src=\"http:\/\/insideamateurfussball-ffm.de\/wp-content\/uploads\/2021\/11\/kalbach-wappen.jpg\" alt=\"\" width=\"80\" height=\"80\" \/><\/p>\n<p>Der Gruppenliga-Tabellenf\u00fchrer sei aus Sicht von RFC-Pressesprecher Volker Flauaus &#8222;zwei Nummern zu gro\u00df&#8220; gewesen. &#8222;Kalbach war in allen Belangen \u00fcberlegen.&#8220; Das machte sich schnell in Toren f\u00fcr den Favoriten bemerkbar.<\/p>\n<p>Torj\u00e4ger Achraf Gara Ali er\u00f6ffnete den Torreigen in der 7. Minute, dann baute Mittelfeldstratege Ricardo Harrabi die F\u00fchrung aus (25.). Fabio Pinto da Silva (29.) und erneut Gara Ali (42.) sorgten f\u00fcr den klaren 4:0-Halbzeitstand. Auch nach dem Seitenwechsel dominierte das Team aus dem Frankfurter Norden.<\/p>\n<blockquote>\n<h4>Halbfinale gegen FC Tempo\u00a0<\/h4>\n<\/blockquote>\n<p>Zum Erfolg kam auch der erst in der Winterpause von R\u00f6delheim nach Kalbach tranferierte Omar Elidrissi Errahhali (54.), der wie sein Bruder Mohamed (ebenfalls aus R\u00f6delheim gekommen) in der Anfangsformation von Trainer Aaz-Dine Zarioh stand. Das halbe Dutzend voll machte Ihab Suleiman (76.), ehe die Gastgeber mit dem eingewechselten Michail Petermann den Ehrentreffer erzielten (83.).<\/p>\n<p>&#8222;Wir haben unser Spiel voll durchgezogen und hier nichts anbrennen lassen&#8220;, freute sich Manfred Meyer aus der Sportlichen Leitung der Kalbacher. Im Halbfinale im Mai kommt es zum Gruppenliga-Duell mit dem FC Tempo.<\/p>\n<blockquote>\n<h4>Schiedsrichter: Youssef Taouil (Spvgg. 03 Fechenheim). Zuschauer: 100.<\/h4>\n<h4>Tore: 0:1 Achraf Gara Ali (7.), 0:2 Ricardo Harrabi (25.), 0:3 Fabio Pinto da Silva (29.), 0:4 Achraf Gara Ali (42.), 0:5 Omar Elidrissi Errahhali (54.), 0:6 Ihab Suleiman (76.), 1:6 Michail Petermann (83.).<\/h4>\n<h4>Bildergalerie: Mithat G\u00fcrser.\u00a0 \u00a0\u00a0<\/h4>\n<\/blockquote>\n\n\n<figure class=\"wp-block-image size-full\"><img loading=\"lazy\" decoding=\"async\" width=\"886\" height=\"662\" src=\"https:\/\/insideamateurfussball-ffm.de\/wp-content\/uploads\/2025\/02\/roedel8.jpg\" alt=\"\" class=\"wp-image-23839\" srcset=\"https:\/\/insideamateurfussball-ffm.de\/wp-content\/uploads\/2025\/02\/roedel8.jpg 886w, https:\/\/insideamateurfussball-ffm.de\/wp-content\/uploads\/2025\/02\/roedel8-300x224.jpg 300w, https:\/\/insideamateurfussball-ffm.de\/wp-content\/uploads\/2025\/02\/roedel8-768x574.jpg 768w\" sizes=\"auto, (max-width: 886px) 100vw, 886px\" \/><\/figure>\n\n\n\n<figure class=\"wp-block-gallery has-nested-images columns-default is-cropped wp-block-gallery-1 is-layout-flex wp-block-gallery-is-layout-flex\">\n<figure class=\"wp-block-image size-large\"><img loading=\"lazy\" decoding=\"async\" width=\"886\" height=\"569\" data-id=\"23840\" src=\"https:\/\/insideamateurfussball-ffm.de\/wp-content\/uploads\/2025\/02\/roedel5.jpg\" alt=\"\" class=\"wp-image-23840\" srcset=\"https:\/\/insideamateurfussball-ffm.de\/wp-content\/uploads\/2025\/02\/roedel5.jpg 886w, https:\/\/insideamateurfussball-ffm.de\/wp-content\/uploads\/2025\/02\/roedel5-300x193.jpg 300w, https:\/\/insideamateurfussball-ffm.de\/wp-content\/uploads\/2025\/02\/roedel5-768x493.jpg 768w\" sizes=\"auto, (max-width: 886px) 100vw, 886px\" \/><\/figure>\n<\/figure>\n\n\n\n<figure class=\"wp-block-gallery has-nested-images columns-default is-cropped wp-block-gallery-2 is-layout-flex wp-block-gallery-is-layout-flex\">\n<figure class=\"wp-block-image size-large\"><img loading=\"lazy\" decoding=\"async\" width=\"886\" height=\"623\" data-id=\"23841\" src=\"https:\/\/insideamateurfussball-ffm.de\/wp-content\/uploads\/2025\/02\/roedel1.jpg\" alt=\"\" class=\"wp-image-23841\" srcset=\"https:\/\/insideamateurfussball-ffm.de\/wp-content\/uploads\/2025\/02\/roedel1.jpg 886w, https:\/\/insideamateurfussball-ffm.de\/wp-content\/uploads\/2025\/02\/roedel1-300x211.jpg 300w, https:\/\/insideamateurfussball-ffm.de\/wp-content\/uploads\/2025\/02\/roedel1-768x540.jpg 768w\" sizes=\"auto, (max-width: 886px) 100vw, 886px\" \/><\/figure>\n<\/figure>\n\n\n\n<figure class=\"wp-block-gallery has-nested-images columns-default is-cropped wp-block-gallery-3 is-layout-flex wp-block-gallery-is-layout-flex\">\n<figure class=\"wp-block-image size-large\"><img loading=\"lazy\" decoding=\"async\" width=\"886\" height=\"658\" data-id=\"23842\" src=\"https:\/\/insideamateurfussball-ffm.de\/wp-content\/uploads\/2025\/02\/roedel6.jpg\" alt=\"\" class=\"wp-image-23842\" srcset=\"https:\/\/insideamateurfussball-ffm.de\/wp-content\/uploads\/2025\/02\/roedel6.jpg 886w, https:\/\/insideamateurfussball-ffm.de\/wp-content\/uploads\/2025\/02\/roedel6-300x223.jpg 300w, https:\/\/insideamateurfussball-ffm.de\/wp-content\/uploads\/2025\/02\/roedel6-768x570.jpg 768w\" sizes=\"auto, (max-width: 886px) 100vw, 886px\" \/><\/figure>\n<\/figure>\n\n\n\n<figure class=\"wp-block-gallery has-nested-images columns-default is-cropped wp-block-gallery-4 is-layout-flex wp-block-gallery-is-layout-flex\">\n<figure class=\"wp-block-image size-large\"><img loading=\"lazy\" decoding=\"async\" width=\"886\" height=\"606\" data-id=\"23843\" src=\"https:\/\/insideamateurfussball-ffm.de\/wp-content\/uploads\/2025\/02\/roedel2.jpg\" alt=\"\" class=\"wp-image-23843\" srcset=\"https:\/\/insideamateurfussball-ffm.de\/wp-content\/uploads\/2025\/02\/roedel2.jpg 886w, https:\/\/insideamateurfussball-ffm.de\/wp-content\/uploads\/2025\/02\/roedel2-300x205.jpg 300w, https:\/\/insideamateurfussball-ffm.de\/wp-content\/uploads\/2025\/02\/roedel2-768x525.jpg 768w\" sizes=\"auto, (max-width: 886px) 100vw, 886px\" \/><\/figure>\n<\/figure>\n\n\n\n<figure class=\"wp-block-gallery has-nested-images columns-default is-cropped wp-block-gallery-5 is-layout-flex wp-block-gallery-is-layout-flex\">\n<figure class=\"wp-block-image size-large\"><img loading=\"lazy\" decoding=\"async\" width=\"886\" height=\"675\" data-id=\"23844\" src=\"https:\/\/insideamateurfussball-ffm.de\/wp-content\/uploads\/2025\/02\/roedel7.jpg\" alt=\"\" class=\"wp-image-23844\" srcset=\"https:\/\/insideamateurfussball-ffm.de\/wp-content\/uploads\/2025\/02\/roedel7.jpg 886w, https:\/\/insideamateurfussball-ffm.de\/wp-content\/uploads\/2025\/02\/roedel7-300x229.jpg 300w, https:\/\/insideamateurfussball-ffm.de\/wp-content\/uploads\/2025\/02\/roedel7-768x585.jpg 768w\" sizes=\"auto, (max-width: 886px) 100vw, 886px\" \/><\/figure>\n<\/figure>\n\n\n\n<figure class=\"wp-block-gallery has-nested-images columns-default is-cropped wp-block-gallery-6 is-layout-flex wp-block-gallery-is-layout-flex\">\n<figure class=\"wp-block-image size-large\"><img loading=\"lazy\" decoding=\"async\" width=\"886\" height=\"631\" data-id=\"23845\" src=\"https:\/\/insideamateurfussball-ffm.de\/wp-content\/uploads\/2025\/02\/roedel3.jpg\" alt=\"\" class=\"wp-image-23845\" srcset=\"https:\/\/insideamateurfussball-ffm.de\/wp-content\/uploads\/2025\/02\/roedel3.jpg 886w, https:\/\/insideamateurfussball-ffm.de\/wp-content\/uploads\/2025\/02\/roedel3-300x214.jpg 300w, https:\/\/insideamateurfussball-ffm.de\/wp-content\/uploads\/2025\/02\/roedel3-768x547.jpg 768w\" sizes=\"auto, (max-width: 886px) 100vw, 886px\" \/><\/figure>\n<\/figure>\n","protected":false},"excerpt":{"rendered":"<p>Gruppenliga-Spitzenreiter FC Kalbach zog beim Kreisoberligisten 1. R\u00f6delheimer FC 02 souver\u00e4n ins Halbfinale des Kreispokals ein. Der Titelverteidiger gewann am Bottenhorner Weg deutlich mit 6:1 (4:0).\u00a0 1. R\u00f6delheimer FC 02 &#8211; FC Kalbach 1:6 (0:4) Der Gruppenliga-Tabellenf\u00fchrer sei aus Sicht von RFC-Pressesprecher Volker Flauaus &#8222;zwei Nummern zu gro\u00df&#8220; gewesen. &#8222;Kalbach war in allen Belangen \u00fcberlegen.&#8220; [&hellip;]<\/p>\n","protected":false},"author":1,"featured_media":23838,"comment_status":"closed","ping_status":"closed","sticky":true,"template":"","format":"standard","meta":{"footnotes":""},"categories":[9],"tags":[],"class_list":["post-23836","post","type-post","status-publish","format-standard","has-post-thumbnail","hentry","category-kreispokal"],"_links":{"self":[{"href":"https:\/\/insideamateurfussball-ffm.de\/index.php?rest_route=\/wp\/v2\/posts\/23836","targetHints":{"allow":["GET"]}}],"collection":[{"href":"https:\/\/insideamateurfussball-ffm.de\/index.php?rest_route=\/wp\/v2\/posts"}],"about":[{"href":"https:\/\/insideamateurfussball-ffm.de\/index.php?rest_route=\/wp\/v2\/types\/post"}],"author":[{"embeddable":true,"href":"https:\/\/insideamateurfussball-ffm.de\/index.php?rest_route=\/wp\/v2\/users\/1"}],"replies":[{"embeddable":true,"href":"https:\/\/insideamateurfussball-ffm.de\/index.php?rest_route=%2Fwp%2Fv2%2Fcomments&post=23836"}],"version-history":[{"count":3,"href":"https:\/\/insideamateurfussball-ffm.de\/index.php?rest_route=\/wp\/v2\/posts\/23836\/revisions"}],"predecessor-version":[{"id":23851,"href":"https:\/\/insideamateurfussball-ffm.de\/index.php?rest_route=\/wp\/v2\/posts\/23836\/revisions\/23851"}],"wp:featuredmedia":[{"embeddable":true,"href":"https:\/\/insideamateurfussball-ffm.de\/index.php?rest_route=\/wp\/v2\/media\/23838"}],"wp:attachment":[{"href":"https:\/\/insideamateurfussball-ffm.de\/index.php?rest_route=%2Fwp%2Fv2%2Fmedia&parent=23836"}],"wp:term":[{"taxonomy":"category","embeddable":true,"href":"https:\/\/insideamateurfussball-ffm.de\/index.php?rest_route=%2Fwp%2Fv2%2Fcategories&post=23836"},{"taxonomy":"post_tag","embeddable":true,"href":"https:\/\/insideamateurfussball-ffm.de\/index.php?rest_route=%2Fwp%2Fv2%2Ftags&post=23836"}],"curies":[{"name":"wp","href":"https:\/\/api.w.org\/{rel}","templated":true}]}}