{"id":23825,"date":"2025-02-24T12:38:00","date_gmt":"2025-02-24T11:38:00","guid":{"rendered":"https:\/\/insideamateurfussball-ffm.de\/?p=23825"},"modified":"2025-02-24T16:40:51","modified_gmt":"2025-02-24T15:40:51","slug":"oberrad-mit-zittersieg-gegen-gute-speuzer-weiter","status":"publish","type":"post","link":"https:\/\/insideamateurfussball-ffm.de\/?p=23825","title":{"rendered":"Oberrad mit Zittersieg gegen gute Speuzer weiter"},"content":{"rendered":"<h4>Mit einem Zittersieg erreichte die Spvgg. 05 Oberrad das Halbfinale im Kreispokal. Gegen das abgeschlagene Schlusslicht der Gruppenliga Frankfurt West, den FFV Sportfreunde 04, gab es bei milden Temperaturen einen knappen 2:1 (1:1)-Sieg. Im Halbfinale hat Oberrad erneut gegen einen Ligakonkurrenten Heimrecht, im Mai kommt es dann zum Duell mit der FG Seckbach.\u00a0<\/h4>\n<figure id=\"attachment_23826\" aria-describedby=\"caption-attachment-23826\" style=\"width: 2048px\" class=\"wp-caption alignnone\"><img loading=\"lazy\" decoding=\"async\" class=\"wp-image-23826 size-full\" src=\"http:\/\/insideamateurfussball-ffm.de\/wp-content\/uploads\/2025\/02\/Oberrad-Speuzer.jpg\" alt=\"\" width=\"2048\" height=\"1536\" srcset=\"https:\/\/insideamateurfussball-ffm.de\/wp-content\/uploads\/2025\/02\/Oberrad-Speuzer.jpg 2048w, https:\/\/insideamateurfussball-ffm.de\/wp-content\/uploads\/2025\/02\/Oberrad-Speuzer-300x225.jpg 300w, https:\/\/insideamateurfussball-ffm.de\/wp-content\/uploads\/2025\/02\/Oberrad-Speuzer-1024x768.jpg 1024w, https:\/\/insideamateurfussball-ffm.de\/wp-content\/uploads\/2025\/02\/Oberrad-Speuzer-768x576.jpg 768w, https:\/\/insideamateurfussball-ffm.de\/wp-content\/uploads\/2025\/02\/Oberrad-Speuzer-1536x1152.jpg 1536w\" sizes=\"auto, (max-width: 2048px) 100vw, 2048px\" \/><figcaption id=\"caption-attachment-23826\" class=\"wp-caption-text\">Die Spvgg. 05 Oberrad, in neuen gr\u00fcn-wei\u00dfen Trikots. Foto: PA.<\/figcaption><\/figure>\n<h4>Spvgg. 05 Oberrad &#8211; FFV Sportfreunde 04 2:1 (1:1)\u00a0<\/h4>\n<p><img loading=\"lazy\" decoding=\"async\" class=\"alignnone size-full wp-image-137\" src=\"http:\/\/insideamateurfussball-ffm.de\/wp-content\/uploads\/2022\/05\/Oberrad05.jpg\" alt=\"\" width=\"79\" height=\"80\" \/><img loading=\"lazy\" decoding=\"async\" class=\"alignnone size-full wp-image-141\" src=\"http:\/\/insideamateurfussball-ffm.de\/wp-content\/uploads\/2022\/05\/Speuzer.jpg\" alt=\"\" width=\"80\" height=\"80\" \/><\/p>\n<p>Oberrad startete offensiv und wollte seiner Favoritenrolle gerecht werden. Die ersten beiden Torchancen durch Kenneth Malm und Alessio Ruben de Filippis blieben ungenutzt. Dann gingen die umformierten Sportfreunde durch einen Distanzschuss von Badreldin Miss in F\u00fchrung (23.). Per Foulelfmeter glichen die Hausherren mit David Bremerich aus (37.). Nach dem Seitenwechsel boten die G\u00e4ste mit einer engagierten Leistung weiter Paroli. Speuzer-Trainer Lamine Kaiser war mit den Entscheidungen des Schiedsrichters derweil nicht einverstanden und holte sich in der 66. Minute die Gelbe Karte ab. Oberrad verst\u00e4rkte durch Einwechslungen den Druck und verpasste die F\u00fchrung mit einer Riesenchance von Stanislav Druga, der am Tor vorbei schoss (72.).<\/p>\n<p>Die Entscheidung brachte dann ein Freisto\u00df von Bremerich, der direkt im Tornetz landete (81.). Dennoch blieb es in der Schlussphase spannend. Oberrads Ali Wardak erhielt eine Zeitstrafe (ab 87.), die Unterzahl dauerte aber nur f\u00fcnf Minuten an. Denn der eingewechselte G\u00e4steakteur Oguzhan Okan Cankurt erhielt nach einem r\u00fcden Foulspiel an der Seitenlinie die Rote Karte (90.\/+2). Dies verursachte heftige Diskussionen zwischen Kaiser und hinter der Barriere stehenden Oberr\u00e4der Zuschauern. Nach acht Minuten Nachspielzeit stand der Oberr\u00e4der Halbfinal-Einzug fest.<\/p>\n<blockquote>\n<h4>&#8222;Die Sportfreunde haben es auch wirklich gut gemacht, standen kompakt&#8220; (Oberrads Trainer Gabriel Bernstein)\u00a0<\/h4>\n<\/blockquote>\n<p>Schon in zwei Wochen, am 9. M\u00e4rz, treffen sich die beiden Kontrahenten dann im Ligaspiel wieder. Oberrads Trainer Gabriel Bernstein r\u00e4umte ein: &#8222;Zittersieg vom Ergebnis, ja! Kann man so sagen. Wenn man 90 Minuten das Spiel sieht, waren wir klar die spielbestimmende Mannschaft. Die hundert- oder tausendprozentige Chance hat gefehlt, aber die Sportfreunde haben es auch wirklich gut gemacht, die standen kompakt. Wir haben nach dem R\u00fcckstand weiter Fu\u00dfball gespielt und versucht Chancen zu erarbeiten. Manchmal muss man das Gl\u00fcck erzwingen und das haben wir heute getan mit einer guten Mannschaftsleistung.&#8220;<\/p>\n<p>Speuzer-Trainer Lamine Kaiser rang nach dem ungl\u00fccklichen Ausscheiden nach den Worten: &#8222;F\u00fcr mich ist es bitter, dass eigentlich ein sehr guter Auftritt unsererseits mit der Schiedsrichterleistung f\u00e4llt. Ich habe da gar keine anderen Worte als katastrophal. Der Elfmeter ist ein Geschenk. Der Freisto\u00df: Wenn ein Spieler aus f\u00fcnf Metern angeschossen wird und sich dabei sch\u00fctzt, dann ist das auch ein Geschenk. Im Endeffekt resultieren daraus zwei Standards, die geschenkt sind. Da habe ich ein Problem damit. Wenn wir schlecht gewesen w\u00e4ren, w\u00e4re das das eine. Aber wir waren mindestens auf Augenh\u00f6he und h\u00e4tten meines Erachtens wie Oberrad das Weiterkommen verdient gehabt.&#8220;\u00a0<\/p>\n<blockquote>\n<h4>Schiedsrichter: Lasse Braun (FC Fortuna). Zuschauer: 70.<\/h4>\n<h4>Tore: 0:1 Badreldin Miss (23.), 1:1, 2:1 David Bremerich (37.\/Foulelfmeter, 81.).\u00a0\u00a0<\/h4>\n<\/blockquote>\n\n\n<figure class=\"wp-block-image size-large is-style-rounded\"><img loading=\"lazy\" decoding=\"async\" width=\"1024\" height=\"768\" src=\"https:\/\/insideamateurfussball-ffm.de\/wp-content\/uploads\/2025\/02\/O-speu1-1024x768.jpg\" alt=\"\" class=\"wp-image-23827\" srcset=\"https:\/\/insideamateurfussball-ffm.de\/wp-content\/uploads\/2025\/02\/O-speu1-1024x768.jpg 1024w, https:\/\/insideamateurfussball-ffm.de\/wp-content\/uploads\/2025\/02\/O-speu1-300x225.jpg 300w, https:\/\/insideamateurfussball-ffm.de\/wp-content\/uploads\/2025\/02\/O-speu1-768x576.jpg 768w, https:\/\/insideamateurfussball-ffm.de\/wp-content\/uploads\/2025\/02\/O-speu1-1536x1152.jpg 1536w, https:\/\/insideamateurfussball-ffm.de\/wp-content\/uploads\/2025\/02\/O-speu1.jpg 2048w\" sizes=\"auto, (max-width: 1024px) 100vw, 1024px\" \/><\/figure>\n\n\n\n<figure class=\"wp-block-gallery has-nested-images columns-default is-cropped wp-block-gallery-1 is-layout-flex wp-block-gallery-is-layout-flex\">\n<figure class=\"wp-block-image size-large is-style-rounded\"><img loading=\"lazy\" decoding=\"async\" width=\"1024\" height=\"768\" data-id=\"23828\" src=\"https:\/\/insideamateurfussball-ffm.de\/wp-content\/uploads\/2025\/02\/o-speu2-1024x768.jpg\" alt=\"\" class=\"wp-image-23828\" srcset=\"https:\/\/insideamateurfussball-ffm.de\/wp-content\/uploads\/2025\/02\/o-speu2-1024x768.jpg 1024w, https:\/\/insideamateurfussball-ffm.de\/wp-content\/uploads\/2025\/02\/o-speu2-300x225.jpg 300w, https:\/\/insideamateurfussball-ffm.de\/wp-content\/uploads\/2025\/02\/o-speu2-768x576.jpg 768w, https:\/\/insideamateurfussball-ffm.de\/wp-content\/uploads\/2025\/02\/o-speu2-1536x1152.jpg 1536w, https:\/\/insideamateurfussball-ffm.de\/wp-content\/uploads\/2025\/02\/o-speu2.jpg 2048w\" sizes=\"auto, (max-width: 1024px) 100vw, 1024px\" \/><\/figure>\n<\/figure>\n\n\n\n<figure class=\"wp-block-gallery has-nested-images columns-default is-cropped wp-block-gallery-2 is-layout-flex wp-block-gallery-is-layout-flex\">\n<figure class=\"wp-block-image size-large is-style-rounded\"><img loading=\"lazy\" decoding=\"async\" width=\"1024\" height=\"768\" data-id=\"23829\" src=\"https:\/\/insideamateurfussball-ffm.de\/wp-content\/uploads\/2025\/02\/O-Speu3-1024x768.jpg\" alt=\"\" class=\"wp-image-23829\" srcset=\"https:\/\/insideamateurfussball-ffm.de\/wp-content\/uploads\/2025\/02\/O-Speu3-1024x768.jpg 1024w, https:\/\/insideamateurfussball-ffm.de\/wp-content\/uploads\/2025\/02\/O-Speu3-300x225.jpg 300w, https:\/\/insideamateurfussball-ffm.de\/wp-content\/uploads\/2025\/02\/O-Speu3-768x576.jpg 768w, https:\/\/insideamateurfussball-ffm.de\/wp-content\/uploads\/2025\/02\/O-Speu3-1536x1152.jpg 1536w, https:\/\/insideamateurfussball-ffm.de\/wp-content\/uploads\/2025\/02\/O-Speu3.jpg 2048w\" sizes=\"auto, (max-width: 1024px) 100vw, 1024px\" \/><\/figure>\n<\/figure>\n\n\n\n<figure class=\"wp-block-gallery has-nested-images columns-default is-cropped wp-block-gallery-3 is-layout-flex wp-block-gallery-is-layout-flex\">\n<figure class=\"wp-block-image size-large is-style-rounded\"><img loading=\"lazy\" decoding=\"async\" width=\"1024\" height=\"768\" data-id=\"23830\" src=\"https:\/\/insideamateurfussball-ffm.de\/wp-content\/uploads\/2025\/02\/O-Speu4-1024x768.jpg\" alt=\"\" class=\"wp-image-23830\" srcset=\"https:\/\/insideamateurfussball-ffm.de\/wp-content\/uploads\/2025\/02\/O-Speu4-1024x768.jpg 1024w, https:\/\/insideamateurfussball-ffm.de\/wp-content\/uploads\/2025\/02\/O-Speu4-300x225.jpg 300w, https:\/\/insideamateurfussball-ffm.de\/wp-content\/uploads\/2025\/02\/O-Speu4-768x576.jpg 768w, https:\/\/insideamateurfussball-ffm.de\/wp-content\/uploads\/2025\/02\/O-Speu4-1536x1152.jpg 1536w, https:\/\/insideamateurfussball-ffm.de\/wp-content\/uploads\/2025\/02\/O-Speu4.jpg 2048w\" sizes=\"auto, (max-width: 1024px) 100vw, 1024px\" \/><\/figure>\n<\/figure>\n","protected":false},"excerpt":{"rendered":"<p>Mit einem Zittersieg erreichte die Spvgg. 05 Oberrad das Halbfinale im Kreispokal. Gegen das abgeschlagene Schlusslicht der Gruppenliga Frankfurt West, den FFV Sportfreunde 04, gab es bei milden Temperaturen einen knappen 2:1 (1:1)-Sieg. Im Halbfinale hat Oberrad erneut gegen einen Ligakonkurrenten Heimrecht, im Mai kommt es dann zum Duell mit der FG Seckbach.\u00a0 Spvgg. 05 [&hellip;]<\/p>\n","protected":false},"author":1,"featured_media":23826,"comment_status":"closed","ping_status":"closed","sticky":true,"template":"","format":"standard","meta":{"footnotes":""},"categories":[9],"tags":[],"class_list":["post-23825","post","type-post","status-publish","format-standard","has-post-thumbnail","hentry","category-kreispokal"],"_links":{"self":[{"href":"https:\/\/insideamateurfussball-ffm.de\/index.php?rest_route=\/wp\/v2\/posts\/23825","targetHints":{"allow":["GET"]}}],"collection":[{"href":"https:\/\/insideamateurfussball-ffm.de\/index.php?rest_route=\/wp\/v2\/posts"}],"about":[{"href":"https:\/\/insideamateurfussball-ffm.de\/index.php?rest_route=\/wp\/v2\/types\/post"}],"author":[{"embeddable":true,"href":"https:\/\/insideamateurfussball-ffm.de\/index.php?rest_route=\/wp\/v2\/users\/1"}],"replies":[{"embeddable":true,"href":"https:\/\/insideamateurfussball-ffm.de\/index.php?rest_route=%2Fwp%2Fv2%2Fcomments&post=23825"}],"version-history":[{"count":2,"href":"https:\/\/insideamateurfussball-ffm.de\/index.php?rest_route=\/wp\/v2\/posts\/23825\/revisions"}],"predecessor-version":[{"id":23832,"href":"https:\/\/insideamateurfussball-ffm.de\/index.php?rest_route=\/wp\/v2\/posts\/23825\/revisions\/23832"}],"wp:featuredmedia":[{"embeddable":true,"href":"https:\/\/insideamateurfussball-ffm.de\/index.php?rest_route=\/wp\/v2\/media\/23826"}],"wp:attachment":[{"href":"https:\/\/insideamateurfussball-ffm.de\/index.php?rest_route=%2Fwp%2Fv2%2Fmedia&parent=23825"}],"wp:term":[{"taxonomy":"category","embeddable":true,"href":"https:\/\/insideamateurfussball-ffm.de\/index.php?rest_route=%2Fwp%2Fv2%2Fcategories&post=23825"},{"taxonomy":"post_tag","embeddable":true,"href":"https:\/\/insideamateurfussball-ffm.de\/index.php?rest_route=%2Fwp%2Fv2%2Ftags&post=23825"}],"curies":[{"name":"wp","href":"https:\/\/api.w.org\/{rel}","templated":true}]}}