{"id":23801,"date":"2025-02-19T18:39:50","date_gmt":"2025-02-19T17:39:50","guid":{"rendered":"https:\/\/insideamateurfussball-ffm.de\/?p=23801"},"modified":"2025-02-19T18:39:50","modified_gmt":"2025-02-19T17:39:50","slug":"heddernheim-mit-verstaerkung-zum-klassenerhalt","status":"publish","type":"post","link":"https:\/\/insideamateurfussball-ffm.de\/?p=23801","title":{"rendered":"Heddernheim: Mit Verst\u00e4rkung zum Klassenerhalt"},"content":{"rendered":"<h4>Mit etwas Verp\u00e4tung erreichten uns die Antworten zu unserer Winter-Serie vom SV 07 Heddernheim. Der Kreisoberligist, der sich mit den Br\u00fcdern Antonie und Cherano Willef\u00fchr enorm verst\u00e4rkt hat, peilt den sicheren Klassenerhalt an. Trainer Andreas Berggold stand Rede und Antwort.<\/h4>\n<figure id=\"attachment_23242\" aria-describedby=\"caption-attachment-23242\" style=\"width: 1280px\" class=\"wp-caption alignnone\"><img loading=\"lazy\" decoding=\"async\" class=\"wp-image-23242 size-full\" src=\"http:\/\/insideamateurfussball-ffm.de\/wp-content\/uploads\/2025\/01\/Heddernheim.jpg\" alt=\"\" width=\"1280\" height=\"720\" srcset=\"https:\/\/insideamateurfussball-ffm.de\/wp-content\/uploads\/2025\/01\/Heddernheim.jpg 1280w, https:\/\/insideamateurfussball-ffm.de\/wp-content\/uploads\/2025\/01\/Heddernheim-300x169.jpg 300w, https:\/\/insideamateurfussball-ffm.de\/wp-content\/uploads\/2025\/01\/Heddernheim-1024x576.jpg 1024w, https:\/\/insideamateurfussball-ffm.de\/wp-content\/uploads\/2025\/01\/Heddernheim-768x432.jpg 768w\" sizes=\"auto, (max-width: 1280px) 100vw, 1280px\" \/><figcaption id=\"caption-attachment-23242\" class=\"wp-caption-text\">Grafik: MZ.<\/figcaption><\/figure>\n<p><img loading=\"lazy\" decoding=\"async\" class=\"alignnone size-full wp-image-302\" src=\"http:\/\/insideamateurfussball-ffm.de\/wp-content\/uploads\/2022\/05\/1sv07_news2_4511-1.jpg\" alt=\"\" width=\"80\" height=\"80\" \/><\/p>\n<h4>Wie bewertest Du den bisherigen Saisonverlauf?<\/h4>\n<p>Wir sind vom Verlauf der Saison schon entt\u00e4uscht. Wir haben leider nicht an die Leistungen der letzten Saison ankn\u00fcpfen k\u00f6nnen. Die Leistungsschwankungen waren zu gro\u00df, einige Spieler haben ihre Form nicht gefunden. Au\u00dferdem hatten wir zu viele Zeitstrafen.<\/p>\n<h4>Wo gibt es Verbesserungsm\u00f6glichkeiten?<\/h4>\n<p>Wir haben definitiv zu viele Gegentore kassiert. Das m\u00fcssen wir abstellen, denn Tore machen wir eigentlich immer. Wenn wir das in den Griff bekommen, werden wir auch die n\u00f6tigen Punkte f\u00fcr den Klassenerhalt holen.<\/p>\n<h4>Wie lautet nun das Saisonziel?<\/h4>\n<p>Schnellstm\u00f6glich Punkte f\u00fcr den Klassenerhalt sammeln.<\/p>\n<h4>Gibt es Ver\u00e4nderungen im Kader?<\/h4>\n<p>Wir haben mit Antonie und Cherano Willef\u00fchr zwei Topzug\u00e4nge vom T\u00fcrkischen SV Bad Nauheim dazubekommen.<\/p>\n<h4>Testspiele:<\/h4>\n<p>SG Ober-Erlenbach (H) 2:6, FC Ober-Rosbach (H) 5:1, TuS Nieder-Eschbach (A) 4:1, Karbener SV U19 (H) 2:3, FV 1920 Hausen (H) 8:1, 23. Februar 15 Uhr SC Riedberg (A).<\/p>\n<h4>Saison-Restart:<\/h4>\n<p>SV 07 Heddernheim &#8211; SG Bornheim\/Gr\u00fcn-Wei\u00df II (Samstag, 1. M\u00e4rz um 15 Uhr).<\/p>\n","protected":false},"excerpt":{"rendered":"<p>Mit etwas Verp\u00e4tung erreichten uns die Antworten zu unserer Winter-Serie vom SV 07 Heddernheim. Der Kreisoberligist, der sich mit den Br\u00fcdern Antonie und Cherano Willef\u00fchr enorm verst\u00e4rkt hat, peilt den sicheren Klassenerhalt an. Trainer Andreas Berggold stand Rede und Antwort. Wie bewertest Du den bisherigen Saisonverlauf? Wir sind vom Verlauf der Saison schon entt\u00e4uscht. Wir [&hellip;]<\/p>\n","protected":false},"author":1,"featured_media":23242,"comment_status":"closed","ping_status":"closed","sticky":true,"template":"","format":"standard","meta":{"footnotes":""},"categories":[2],"tags":[],"class_list":["post-23801","post","type-post","status-publish","format-standard","has-post-thumbnail","hentry","category-kreisoberliga-frankfurt"],"_links":{"self":[{"href":"https:\/\/insideamateurfussball-ffm.de\/index.php?rest_route=\/wp\/v2\/posts\/23801","targetHints":{"allow":["GET"]}}],"collection":[{"href":"https:\/\/insideamateurfussball-ffm.de\/index.php?rest_route=\/wp\/v2\/posts"}],"about":[{"href":"https:\/\/insideamateurfussball-ffm.de\/index.php?rest_route=\/wp\/v2\/types\/post"}],"author":[{"embeddable":true,"href":"https:\/\/insideamateurfussball-ffm.de\/index.php?rest_route=\/wp\/v2\/users\/1"}],"replies":[{"embeddable":true,"href":"https:\/\/insideamateurfussball-ffm.de\/index.php?rest_route=%2Fwp%2Fv2%2Fcomments&post=23801"}],"version-history":[{"count":1,"href":"https:\/\/insideamateurfussball-ffm.de\/index.php?rest_route=\/wp\/v2\/posts\/23801\/revisions"}],"predecessor-version":[{"id":23802,"href":"https:\/\/insideamateurfussball-ffm.de\/index.php?rest_route=\/wp\/v2\/posts\/23801\/revisions\/23802"}],"wp:featuredmedia":[{"embeddable":true,"href":"https:\/\/insideamateurfussball-ffm.de\/index.php?rest_route=\/wp\/v2\/media\/23242"}],"wp:attachment":[{"href":"https:\/\/insideamateurfussball-ffm.de\/index.php?rest_route=%2Fwp%2Fv2%2Fmedia&parent=23801"}],"wp:term":[{"taxonomy":"category","embeddable":true,"href":"https:\/\/insideamateurfussball-ffm.de\/index.php?rest_route=%2Fwp%2Fv2%2Fcategories&post=23801"},{"taxonomy":"post_tag","embeddable":true,"href":"https:\/\/insideamateurfussball-ffm.de\/index.php?rest_route=%2Fwp%2Fv2%2Ftags&post=23801"}],"curies":[{"name":"wp","href":"https:\/\/api.w.org\/{rel}","templated":true}]}}