{"id":23789,"date":"2025-02-17T20:48:21","date_gmt":"2025-02-17T19:48:21","guid":{"rendered":"https:\/\/insideamateurfussball-ffm.de\/?p=23789"},"modified":"2025-02-17T20:48:21","modified_gmt":"2025-02-17T19:48:21","slug":"hattricks-von-cherano-willefuehr-und-tomislav-cudina","status":"publish","type":"post","link":"https:\/\/insideamateurfussball-ffm.de\/?p=23789","title":{"rendered":"Hattricks von Cherano Willef\u00fchr und Tomislav Cudina"},"content":{"rendered":"<h4>Auch wenn ein Klassenunterschied unverkennbar war, agierte der SV 07 Heddernheim zwei Wochen vor dem Restrundenstart in guter Verfassung. Gegen Kreisoberliga-Absteiger FV Hausen, derzeit auf Rang zehn der A-Klasse notiert, gelang ein 8:1-Kantersieg.\u00a0<\/h4>\n<figure id=\"attachment_23790\" aria-describedby=\"caption-attachment-23790\" style=\"width: 2048px\" class=\"wp-caption alignnone\"><img loading=\"lazy\" decoding=\"async\" class=\"wp-image-23790 size-full\" src=\"http:\/\/insideamateurfussball-ffm.de\/wp-content\/uploads\/2025\/02\/hed-hau.jpg\" alt=\"\" width=\"2048\" height=\"1536\" srcset=\"https:\/\/insideamateurfussball-ffm.de\/wp-content\/uploads\/2025\/02\/hed-hau.jpg 2048w, https:\/\/insideamateurfussball-ffm.de\/wp-content\/uploads\/2025\/02\/hed-hau-300x225.jpg 300w, https:\/\/insideamateurfussball-ffm.de\/wp-content\/uploads\/2025\/02\/hed-hau-1024x768.jpg 1024w, https:\/\/insideamateurfussball-ffm.de\/wp-content\/uploads\/2025\/02\/hed-hau-768x576.jpg 768w, https:\/\/insideamateurfussball-ffm.de\/wp-content\/uploads\/2025\/02\/hed-hau-1536x1152.jpg 1536w\" sizes=\"auto, (max-width: 2048px) 100vw, 2048px\" \/><figcaption id=\"caption-attachment-23790\" class=\"wp-caption-text\">Josh Haas (links) versucht dem Hausener Faris Bakkali den Ball streitig zu machen. Foto: PA.\u00a0\u00a0<\/figcaption><\/figure>\n<h4>SV 07 Heddernheim &#8211; FV 1920 Hausen 8:1 (3:1)<\/h4>\n<p><img loading=\"lazy\" decoding=\"async\" class=\"alignnone size-full wp-image-302\" src=\"http:\/\/insideamateurfussball-ffm.de\/wp-content\/uploads\/2022\/05\/1sv07_news2_4511-1.jpg\" alt=\"\" width=\"80\" height=\"80\" \/><img loading=\"lazy\" decoding=\"async\" class=\"alignnone size-full wp-image-28\" src=\"http:\/\/insideamateurfussball-ffm.de\/wp-content\/uploads\/2021\/11\/Hausen.jpg\" alt=\"\" width=\"80\" height=\"60\" \/><\/p>\n<p>Die G\u00e4ste von der M\u00fchlwiese, langj\u00e4hriger Heddernheimer Ligakonkurrent und in der Vorsaison \u00fcberraschend abgestiegen, starteten denkbar schlecht in die Partie. Torh\u00fcter Anes Boussahel spielte SVH-St\u00fcrmer Cherano Willef\u00fchr den Ball vor die F\u00fc\u00dfe und der Torj\u00e4ger bedankte sich mit dem fr\u00fchen 1:0 (2.). In der Folge machten die Gastgeber weiter Druck und trafen durch Rojhat \u00dcg\u00fct auf Zuspiel von Josh Haas den Pfosten (17.). Cherano vollendete eine Flanke von Marcus Kreckel &#8211; beide Sturmpartner harmonierten gut &#8211; zum 2:0 (22.).<\/p>\n<p>Mit einem Distanzschuss machte Cherano unter den Augen seines Ex-Trainers Artur Rissling (jetzt beim SV Niederursel) den Hattrick perfekt (35.). 70 Zuschauer sahen dann den Anschlusstreffer der Lila-Wei\u00dfen durch ihren langj\u00e4hrigen Kapit\u00e4n Tobias Neugebauer (44.). Nach dem Seitenwechsel traf Cherano auf Flanke von Haas zum vierten Mal (61.), sein bereits neunter Treffer im f\u00fcnften Spiel und wurde f\u00fcnf Minuten sp\u00e4ter ausgewechselt. Ab sofort war Tomislav Cudina f\u00fcr das Toreschie\u00dfen zust\u00e4ndig, der f\u00fcr seinen Hattrick (73.\/75., Foulelfmeter, 84.) nur elf Minuten brauchte.<\/p>\n<blockquote>\n<h4>&#8222;Nach dem Seitenwechsel hat der Gegner kaum noch Gegenwehr geleistet&#8220; (SVH-Trainer Andreas Berggold)<\/h4>\n<\/blockquote>\n<p>Zwischendurch setzte Kreckel einen weiteren Elfmeter \u00fcber das Tor (78.). Den Schlusspunkt machte Antonie Willef\u00fchr mit einem Distanzschuss zum 8:1 (88.). &#8222;Ich h\u00e4tte nicht mit so einem hohen Sieg gerechnet, wir h\u00e4tten sogar noch mehr Tore schie\u00dfen k\u00f6nnen. Nach dem Seitenwechsel hat der Gegner kaum noch Gegenwehr geleistet. Wir haben gegen passive Hausener guten Fu\u00dfball gespielt, der Klassenunterschied war aber deutlich zu sehen&#8220;, analysierte SVH-Trainer Andreas Berggold. &#8222;Cherano hat eine gro\u00dfe Qualit\u00e4t. Er steht sehr oft richtig und macht seine Tore, daf\u00fcr ist er jetzt auch bei uns. Mit Antonie bringen sie einen anderen Geist in die Mannschaft rein, verk\u00f6rpern den Siegeswillen. Dass Tom auch Tore machen kann, wissen wir. Ich habe ihn dann nach der Auswechslung von Cherano nach vorne geschoben.&#8220;<\/p>\n<p>Der neue FVH-Trainer Hasan Basci war unterdessen stocksauer: &#8222;Man kann ja in Heddernheim verlieren, aber nicht in dieser Art und Weise. Das war unterirdisch, die acht Gegentore sind eine Respektlosigkeit gegen\u00fcber unseren Anh\u00e4ngern, die uns ausw\u00e4rts bei dieser K\u00e4lte begleitet haben.&#8220;\u00a0<\/p>\n<blockquote>\n<h4>Schiedsrichter: Albano Cela (SV Bonames). Zuschauer: 70.<\/h4>\n<h4>Tore: 1:0, 2:0, 3:0 Cherano Willef\u00fchr (2.\/22.\/35.), 3:1 Tobias Neugebauer (44.), 4:1 Cherano Willef\u00fchr (61.), 5:1, 6:1, 7:1 Tomislav Cudina (73.\/75., Foulelfmeter\/84.), 8:1 Antonie Willef\u00fchr (88.). \u00a0\u00a0<\/h4>\n<\/blockquote>\n\n\n<figure class=\"wp-block-image size-large\"><img loading=\"lazy\" decoding=\"async\" width=\"1024\" height=\"768\" src=\"https:\/\/insideamateurfussball-ffm.de\/wp-content\/uploads\/2025\/02\/Hed-Hau1-1024x768.jpg\" alt=\"\" class=\"wp-image-23791\" srcset=\"https:\/\/insideamateurfussball-ffm.de\/wp-content\/uploads\/2025\/02\/Hed-Hau1-1024x768.jpg 1024w, https:\/\/insideamateurfussball-ffm.de\/wp-content\/uploads\/2025\/02\/Hed-Hau1-300x225.jpg 300w, https:\/\/insideamateurfussball-ffm.de\/wp-content\/uploads\/2025\/02\/Hed-Hau1-768x576.jpg 768w, https:\/\/insideamateurfussball-ffm.de\/wp-content\/uploads\/2025\/02\/Hed-Hau1-1536x1152.jpg 1536w, https:\/\/insideamateurfussball-ffm.de\/wp-content\/uploads\/2025\/02\/Hed-Hau1.jpg 2048w\" sizes=\"auto, (max-width: 1024px) 100vw, 1024px\" \/><\/figure>\n\n\n\n<figure class=\"wp-block-gallery has-nested-images columns-default is-cropped wp-block-gallery-1 is-layout-flex wp-block-gallery-is-layout-flex\">\n<figure class=\"wp-block-image size-large\"><img loading=\"lazy\" decoding=\"async\" width=\"1024\" height=\"768\" data-id=\"23792\" src=\"https:\/\/insideamateurfussball-ffm.de\/wp-content\/uploads\/2025\/02\/Hed-Hau2-1024x768.jpg\" alt=\"\" class=\"wp-image-23792\" srcset=\"https:\/\/insideamateurfussball-ffm.de\/wp-content\/uploads\/2025\/02\/Hed-Hau2-1024x768.jpg 1024w, https:\/\/insideamateurfussball-ffm.de\/wp-content\/uploads\/2025\/02\/Hed-Hau2-300x225.jpg 300w, https:\/\/insideamateurfussball-ffm.de\/wp-content\/uploads\/2025\/02\/Hed-Hau2-768x576.jpg 768w, https:\/\/insideamateurfussball-ffm.de\/wp-content\/uploads\/2025\/02\/Hed-Hau2-1536x1152.jpg 1536w, https:\/\/insideamateurfussball-ffm.de\/wp-content\/uploads\/2025\/02\/Hed-Hau2.jpg 2048w\" sizes=\"auto, (max-width: 1024px) 100vw, 1024px\" \/><\/figure>\n<\/figure>\n\n\n\n<figure class=\"wp-block-gallery has-nested-images columns-default is-cropped wp-block-gallery-2 is-layout-flex wp-block-gallery-is-layout-flex\">\n<figure class=\"wp-block-image size-large\"><img loading=\"lazy\" decoding=\"async\" width=\"1024\" height=\"768\" data-id=\"23793\" src=\"https:\/\/insideamateurfussball-ffm.de\/wp-content\/uploads\/2025\/02\/Hed-Hau3-1024x768.jpg\" alt=\"\" class=\"wp-image-23793\" srcset=\"https:\/\/insideamateurfussball-ffm.de\/wp-content\/uploads\/2025\/02\/Hed-Hau3-1024x768.jpg 1024w, https:\/\/insideamateurfussball-ffm.de\/wp-content\/uploads\/2025\/02\/Hed-Hau3-300x225.jpg 300w, https:\/\/insideamateurfussball-ffm.de\/wp-content\/uploads\/2025\/02\/Hed-Hau3-768x576.jpg 768w, https:\/\/insideamateurfussball-ffm.de\/wp-content\/uploads\/2025\/02\/Hed-Hau3-1536x1152.jpg 1536w, https:\/\/insideamateurfussball-ffm.de\/wp-content\/uploads\/2025\/02\/Hed-Hau3.jpg 2048w\" sizes=\"auto, (max-width: 1024px) 100vw, 1024px\" \/><\/figure>\n<\/figure>\n\n\n\n<figure class=\"wp-block-gallery has-nested-images columns-default is-cropped wp-block-gallery-3 is-layout-flex wp-block-gallery-is-layout-flex\">\n<figure class=\"wp-block-image size-large\"><img loading=\"lazy\" decoding=\"async\" width=\"1024\" height=\"768\" data-id=\"23794\" src=\"https:\/\/insideamateurfussball-ffm.de\/wp-content\/uploads\/2025\/02\/Hed-Hau4-1024x768.jpg\" alt=\"\" class=\"wp-image-23794\" srcset=\"https:\/\/insideamateurfussball-ffm.de\/wp-content\/uploads\/2025\/02\/Hed-Hau4-1024x768.jpg 1024w, https:\/\/insideamateurfussball-ffm.de\/wp-content\/uploads\/2025\/02\/Hed-Hau4-300x225.jpg 300w, https:\/\/insideamateurfussball-ffm.de\/wp-content\/uploads\/2025\/02\/Hed-Hau4-768x576.jpg 768w, https:\/\/insideamateurfussball-ffm.de\/wp-content\/uploads\/2025\/02\/Hed-Hau4-1536x1152.jpg 1536w, https:\/\/insideamateurfussball-ffm.de\/wp-content\/uploads\/2025\/02\/Hed-Hau4.jpg 2048w\" sizes=\"auto, (max-width: 1024px) 100vw, 1024px\" \/><\/figure>\n<\/figure>\n","protected":false},"excerpt":{"rendered":"<p>Auch wenn ein Klassenunterschied unverkennbar war, agierte der SV 07 Heddernheim zwei Wochen vor dem Restrundenstart in guter Verfassung. Gegen Kreisoberliga-Absteiger FV Hausen, derzeit auf Rang zehn der A-Klasse notiert, gelang ein 8:1-Kantersieg.\u00a0 SV 07 Heddernheim &#8211; FV 1920 Hausen 8:1 (3:1) Die G\u00e4ste von der M\u00fchlwiese, langj\u00e4hriger Heddernheimer Ligakonkurrent und in der Vorsaison \u00fcberraschend [&hellip;]<\/p>\n","protected":false},"author":1,"featured_media":23790,"comment_status":"closed","ping_status":"closed","sticky":true,"template":"","format":"standard","meta":{"footnotes":""},"categories":[21],"tags":[],"class_list":["post-23789","post","type-post","status-publish","format-standard","has-post-thumbnail","hentry","category-testspiele"],"_links":{"self":[{"href":"https:\/\/insideamateurfussball-ffm.de\/index.php?rest_route=\/wp\/v2\/posts\/23789","targetHints":{"allow":["GET"]}}],"collection":[{"href":"https:\/\/insideamateurfussball-ffm.de\/index.php?rest_route=\/wp\/v2\/posts"}],"about":[{"href":"https:\/\/insideamateurfussball-ffm.de\/index.php?rest_route=\/wp\/v2\/types\/post"}],"author":[{"embeddable":true,"href":"https:\/\/insideamateurfussball-ffm.de\/index.php?rest_route=\/wp\/v2\/users\/1"}],"replies":[{"embeddable":true,"href":"https:\/\/insideamateurfussball-ffm.de\/index.php?rest_route=%2Fwp%2Fv2%2Fcomments&post=23789"}],"version-history":[{"count":1,"href":"https:\/\/insideamateurfussball-ffm.de\/index.php?rest_route=\/wp\/v2\/posts\/23789\/revisions"}],"predecessor-version":[{"id":23795,"href":"https:\/\/insideamateurfussball-ffm.de\/index.php?rest_route=\/wp\/v2\/posts\/23789\/revisions\/23795"}],"wp:featuredmedia":[{"embeddable":true,"href":"https:\/\/insideamateurfussball-ffm.de\/index.php?rest_route=\/wp\/v2\/media\/23790"}],"wp:attachment":[{"href":"https:\/\/insideamateurfussball-ffm.de\/index.php?rest_route=%2Fwp%2Fv2%2Fmedia&parent=23789"}],"wp:term":[{"taxonomy":"category","embeddable":true,"href":"https:\/\/insideamateurfussball-ffm.de\/index.php?rest_route=%2Fwp%2Fv2%2Fcategories&post=23789"},{"taxonomy":"post_tag","embeddable":true,"href":"https:\/\/insideamateurfussball-ffm.de\/index.php?rest_route=%2Fwp%2Fv2%2Ftags&post=23789"}],"curies":[{"name":"wp","href":"https:\/\/api.w.org\/{rel}","templated":true}]}}