{"id":23780,"date":"2025-02-17T19:50:24","date_gmt":"2025-02-17T18:50:24","guid":{"rendered":"https:\/\/insideamateurfussball-ffm.de\/?p=23780"},"modified":"2025-02-17T19:50:24","modified_gmt":"2025-02-17T18:50:24","slug":"bornheim-ii-unterliegt-karben-ii-mit-14","status":"publish","type":"post","link":"https:\/\/insideamateurfussball-ffm.de\/?p=23780","title":{"rendered":"Bornheim II unterliegt Karben II mit 1:4"},"content":{"rendered":"<h4>Unter der Regie des neuen Trainers Marco Santonastaso unterlag die SG Bornheim\/Gr\u00fcn-Wei\u00df II dem Tabellendritten der Kreisoberliga Friedberg, dem FC Karben II, mit 1:4.\u00a0<\/h4>\n<figure id=\"attachment_23781\" aria-describedby=\"caption-attachment-23781\" style=\"width: 2560px\" class=\"wp-caption alignnone\"><img loading=\"lazy\" decoding=\"async\" class=\"wp-image-23781 size-full\" src=\"http:\/\/insideamateurfussball-ffm.de\/wp-content\/uploads\/2025\/02\/SGBII-FCKarbenII_250216-27-scaled.jpg\" alt=\"\" width=\"2560\" height=\"1707\" srcset=\"https:\/\/insideamateurfussball-ffm.de\/wp-content\/uploads\/2025\/02\/SGBII-FCKarbenII_250216-27-scaled.jpg 2560w, https:\/\/insideamateurfussball-ffm.de\/wp-content\/uploads\/2025\/02\/SGBII-FCKarbenII_250216-27-300x200.jpg 300w, https:\/\/insideamateurfussball-ffm.de\/wp-content\/uploads\/2025\/02\/SGBII-FCKarbenII_250216-27-1024x683.jpg 1024w, https:\/\/insideamateurfussball-ffm.de\/wp-content\/uploads\/2025\/02\/SGBII-FCKarbenII_250216-27-768x512.jpg 768w, https:\/\/insideamateurfussball-ffm.de\/wp-content\/uploads\/2025\/02\/SGBII-FCKarbenII_250216-27-1536x1024.jpg 1536w, https:\/\/insideamateurfussball-ffm.de\/wp-content\/uploads\/2025\/02\/SGBII-FCKarbenII_250216-27-2048x1365.jpg 2048w\" sizes=\"auto, (max-width: 2560px) 100vw, 2560px\" \/><figcaption id=\"caption-attachment-23781\" class=\"wp-caption-text\">Foto: Andre Sturmeit.<\/figcaption><\/figure>\n<h4>SG Bornheim\/Gr\u00fcn-Wei\u00df II &#8211; FC Karben II 1:4 (1:2)<\/h4>\n<p><img loading=\"lazy\" decoding=\"async\" class=\"alignnone size-full wp-image-119\" src=\"http:\/\/insideamateurfussball-ffm.de\/wp-content\/uploads\/2022\/05\/Bornheim.jpg\" alt=\"\" width=\"80\" height=\"80\" \/><img loading=\"lazy\" decoding=\"async\" class=\"alignnone size-full wp-image-2525\" src=\"http:\/\/insideamateurfussball-ffm.de\/wp-content\/uploads\/2022\/09\/karben.jpg\" alt=\"\" width=\"65\" height=\"80\" \/><\/p>\n<p>Die G\u00e4ste gingen fr\u00fch durch Veljko Vlajic in F\u00fchrung (2.), die Cedric Cosmo Wagner per Foulelfmeter ausbaute (27.). Den Gastgebern gelang der Anschlusstreffer durch Nahom Dawit Gebrekristos (31.).<\/p>\n<p>Nach dem Seitenwechsel wurde der reaktivierte Altstar Moritz Schneider mit dem Verbandsliga-erfahrenen Raphael Ahmed Gure eingewechselt.<\/p>\n<p>Die G\u00e4ste konnten ihren Vorsprung jedoch schnell ausbauen, sodass die Partie durch die Tore von Tom Braunwart (56.) und das zweite Tor Wagners (61.) zugunsten der Wetterauer schnell entschieden war.<\/p>\n<p>In der Schlussphase kassierte ein Bornheimer noch eine Zeitstrafe (ab 81.).\u00a0<\/p>\n<blockquote>\n<h4>Schiedsrichter: Rene Mann (FSV Germania Steinbach). Zuschauer: 40.<\/h4>\n<h4>Tore: 0:1 Veljko Vlajic (2.), 0:2 Cedric Cosmo Wagner (27.\/Foulelfmeter), 1:2 Nahom Dawit Gebrekristos (31.), 1:3 Tom Braunwart (56.), 1:4 Cedric Cosmo Wagner (61.).<\/h4>\n<h4>Bildergalerie: Andre Sturmeit.\u00a0<\/h4>\n<\/blockquote>\n\n\n<figure class=\"wp-block-gallery has-nested-images columns-default is-cropped wp-block-gallery-1 is-layout-flex wp-block-gallery-is-layout-flex\">\n<figure class=\"wp-block-image size-large\"><img loading=\"lazy\" decoding=\"async\" width=\"1024\" height=\"683\" data-id=\"23782\" src=\"https:\/\/insideamateurfussball-ffm.de\/wp-content\/uploads\/2025\/02\/SGBII-FCKarbenII_250216-7-1024x683.jpg\" alt=\"\" class=\"wp-image-23782\" srcset=\"https:\/\/insideamateurfussball-ffm.de\/wp-content\/uploads\/2025\/02\/SGBII-FCKarbenII_250216-7-1024x683.jpg 1024w, https:\/\/insideamateurfussball-ffm.de\/wp-content\/uploads\/2025\/02\/SGBII-FCKarbenII_250216-7-300x200.jpg 300w, https:\/\/insideamateurfussball-ffm.de\/wp-content\/uploads\/2025\/02\/SGBII-FCKarbenII_250216-7-768x512.jpg 768w, https:\/\/insideamateurfussball-ffm.de\/wp-content\/uploads\/2025\/02\/SGBII-FCKarbenII_250216-7-1536x1024.jpg 1536w, https:\/\/insideamateurfussball-ffm.de\/wp-content\/uploads\/2025\/02\/SGBII-FCKarbenII_250216-7-2048x1365.jpg 2048w\" sizes=\"auto, (max-width: 1024px) 100vw, 1024px\" \/><\/figure>\n<\/figure>\n\n\n\n<figure class=\"wp-block-gallery has-nested-images columns-default is-cropped wp-block-gallery-2 is-layout-flex wp-block-gallery-is-layout-flex\">\n<figure class=\"wp-block-image size-large\"><img loading=\"lazy\" decoding=\"async\" width=\"1024\" height=\"682\" data-id=\"23783\" src=\"https:\/\/insideamateurfussball-ffm.de\/wp-content\/uploads\/2025\/02\/SGBII-FCKarbenII_250216-35-1024x682.jpg\" alt=\"\" class=\"wp-image-23783\" srcset=\"https:\/\/insideamateurfussball-ffm.de\/wp-content\/uploads\/2025\/02\/SGBII-FCKarbenII_250216-35-1024x682.jpg 1024w, https:\/\/insideamateurfussball-ffm.de\/wp-content\/uploads\/2025\/02\/SGBII-FCKarbenII_250216-35-300x200.jpg 300w, https:\/\/insideamateurfussball-ffm.de\/wp-content\/uploads\/2025\/02\/SGBII-FCKarbenII_250216-35-768x512.jpg 768w, https:\/\/insideamateurfussball-ffm.de\/wp-content\/uploads\/2025\/02\/SGBII-FCKarbenII_250216-35-1536x1023.jpg 1536w, https:\/\/insideamateurfussball-ffm.de\/wp-content\/uploads\/2025\/02\/SGBII-FCKarbenII_250216-35-2048x1364.jpg 2048w\" sizes=\"auto, (max-width: 1024px) 100vw, 1024px\" \/><\/figure>\n<\/figure>\n\n\n\n<figure class=\"wp-block-gallery has-nested-images columns-default is-cropped wp-block-gallery-3 is-layout-flex wp-block-gallery-is-layout-flex\">\n<figure class=\"wp-block-image size-large\"><img loading=\"lazy\" decoding=\"async\" width=\"1024\" height=\"694\" data-id=\"23784\" src=\"https:\/\/insideamateurfussball-ffm.de\/wp-content\/uploads\/2025\/02\/SGBII-FCKarbenII_250216-15-1024x694.jpg\" alt=\"\" class=\"wp-image-23784\" srcset=\"https:\/\/insideamateurfussball-ffm.de\/wp-content\/uploads\/2025\/02\/SGBII-FCKarbenII_250216-15-1024x694.jpg 1024w, https:\/\/insideamateurfussball-ffm.de\/wp-content\/uploads\/2025\/02\/SGBII-FCKarbenII_250216-15-300x203.jpg 300w, https:\/\/insideamateurfussball-ffm.de\/wp-content\/uploads\/2025\/02\/SGBII-FCKarbenII_250216-15-768x520.jpg 768w, https:\/\/insideamateurfussball-ffm.de\/wp-content\/uploads\/2025\/02\/SGBII-FCKarbenII_250216-15-1536x1041.jpg 1536w, https:\/\/insideamateurfussball-ffm.de\/wp-content\/uploads\/2025\/02\/SGBII-FCKarbenII_250216-15-2048x1387.jpg 2048w\" sizes=\"auto, (max-width: 1024px) 100vw, 1024px\" \/><\/figure>\n<\/figure>\n\n\n\n<figure class=\"wp-block-gallery has-nested-images columns-default is-cropped wp-block-gallery-4 is-layout-flex wp-block-gallery-is-layout-flex\">\n<figure class=\"wp-block-image size-large\"><img loading=\"lazy\" decoding=\"async\" width=\"1024\" height=\"683\" data-id=\"23785\" src=\"https:\/\/insideamateurfussball-ffm.de\/wp-content\/uploads\/2025\/02\/SGBII-FCKarbenII_250216-48-1024x683.jpg\" alt=\"\" class=\"wp-image-23785\" srcset=\"https:\/\/insideamateurfussball-ffm.de\/wp-content\/uploads\/2025\/02\/SGBII-FCKarbenII_250216-48-1024x683.jpg 1024w, https:\/\/insideamateurfussball-ffm.de\/wp-content\/uploads\/2025\/02\/SGBII-FCKarbenII_250216-48-300x200.jpg 300w, https:\/\/insideamateurfussball-ffm.de\/wp-content\/uploads\/2025\/02\/SGBII-FCKarbenII_250216-48-768x512.jpg 768w, https:\/\/insideamateurfussball-ffm.de\/wp-content\/uploads\/2025\/02\/SGBII-FCKarbenII_250216-48-1536x1024.jpg 1536w, https:\/\/insideamateurfussball-ffm.de\/wp-content\/uploads\/2025\/02\/SGBII-FCKarbenII_250216-48-2048x1365.jpg 2048w\" sizes=\"auto, (max-width: 1024px) 100vw, 1024px\" \/><\/figure>\n<\/figure>\n\n\n\n<figure class=\"wp-block-gallery has-nested-images columns-default is-cropped wp-block-gallery-5 is-layout-flex wp-block-gallery-is-layout-flex\">\n<figure class=\"wp-block-image size-large\"><img loading=\"lazy\" decoding=\"async\" width=\"1024\" height=\"683\" data-id=\"23786\" src=\"https:\/\/insideamateurfussball-ffm.de\/wp-content\/uploads\/2025\/02\/SGBII-FCKarbenII_250216-20-1024x683.jpg\" alt=\"\" class=\"wp-image-23786\" srcset=\"https:\/\/insideamateurfussball-ffm.de\/wp-content\/uploads\/2025\/02\/SGBII-FCKarbenII_250216-20-1024x683.jpg 1024w, https:\/\/insideamateurfussball-ffm.de\/wp-content\/uploads\/2025\/02\/SGBII-FCKarbenII_250216-20-300x200.jpg 300w, https:\/\/insideamateurfussball-ffm.de\/wp-content\/uploads\/2025\/02\/SGBII-FCKarbenII_250216-20-768x512.jpg 768w, https:\/\/insideamateurfussball-ffm.de\/wp-content\/uploads\/2025\/02\/SGBII-FCKarbenII_250216-20-1536x1024.jpg 1536w, https:\/\/insideamateurfussball-ffm.de\/wp-content\/uploads\/2025\/02\/SGBII-FCKarbenII_250216-20-2048x1366.jpg 2048w\" sizes=\"auto, (max-width: 1024px) 100vw, 1024px\" \/><\/figure>\n<\/figure>\n\n\n\n<figure class=\"wp-block-gallery has-nested-images columns-default is-cropped wp-block-gallery-6 is-layout-flex wp-block-gallery-is-layout-flex\">\n<figure class=\"wp-block-image size-large\"><img loading=\"lazy\" decoding=\"async\" width=\"1024\" height=\"683\" data-id=\"23787\" src=\"https:\/\/insideamateurfussball-ffm.de\/wp-content\/uploads\/2025\/02\/SGBII-FCKarbenII_250216-50-1024x683.jpg\" alt=\"\" class=\"wp-image-23787\" srcset=\"https:\/\/insideamateurfussball-ffm.de\/wp-content\/uploads\/2025\/02\/SGBII-FCKarbenII_250216-50-1024x683.jpg 1024w, https:\/\/insideamateurfussball-ffm.de\/wp-content\/uploads\/2025\/02\/SGBII-FCKarbenII_250216-50-300x200.jpg 300w, https:\/\/insideamateurfussball-ffm.de\/wp-content\/uploads\/2025\/02\/SGBII-FCKarbenII_250216-50-768x512.jpg 768w, https:\/\/insideamateurfussball-ffm.de\/wp-content\/uploads\/2025\/02\/SGBII-FCKarbenII_250216-50-1536x1024.jpg 1536w, https:\/\/insideamateurfussball-ffm.de\/wp-content\/uploads\/2025\/02\/SGBII-FCKarbenII_250216-50-2048x1365.jpg 2048w\" sizes=\"auto, (max-width: 1024px) 100vw, 1024px\" \/><\/figure>\n<\/figure>\n","protected":false},"excerpt":{"rendered":"<p>Unter der Regie des neuen Trainers Marco Santonastaso unterlag die SG Bornheim\/Gr\u00fcn-Wei\u00df II dem Tabellendritten der Kreisoberliga Friedberg, dem FC Karben II, mit 1:4.\u00a0 SG Bornheim\/Gr\u00fcn-Wei\u00df II &#8211; FC Karben II 1:4 (1:2) Die G\u00e4ste gingen fr\u00fch durch Veljko Vlajic in F\u00fchrung (2.), die Cedric Cosmo Wagner per Foulelfmeter ausbaute (27.). Den Gastgebern gelang der [&hellip;]<\/p>\n","protected":false},"author":1,"featured_media":23781,"comment_status":"closed","ping_status":"closed","sticky":true,"template":"","format":"standard","meta":{"footnotes":""},"categories":[21],"tags":[],"class_list":["post-23780","post","type-post","status-publish","format-standard","has-post-thumbnail","hentry","category-testspiele"],"_links":{"self":[{"href":"https:\/\/insideamateurfussball-ffm.de\/index.php?rest_route=\/wp\/v2\/posts\/23780","targetHints":{"allow":["GET"]}}],"collection":[{"href":"https:\/\/insideamateurfussball-ffm.de\/index.php?rest_route=\/wp\/v2\/posts"}],"about":[{"href":"https:\/\/insideamateurfussball-ffm.de\/index.php?rest_route=\/wp\/v2\/types\/post"}],"author":[{"embeddable":true,"href":"https:\/\/insideamateurfussball-ffm.de\/index.php?rest_route=\/wp\/v2\/users\/1"}],"replies":[{"embeddable":true,"href":"https:\/\/insideamateurfussball-ffm.de\/index.php?rest_route=%2Fwp%2Fv2%2Fcomments&post=23780"}],"version-history":[{"count":1,"href":"https:\/\/insideamateurfussball-ffm.de\/index.php?rest_route=\/wp\/v2\/posts\/23780\/revisions"}],"predecessor-version":[{"id":23788,"href":"https:\/\/insideamateurfussball-ffm.de\/index.php?rest_route=\/wp\/v2\/posts\/23780\/revisions\/23788"}],"wp:featuredmedia":[{"embeddable":true,"href":"https:\/\/insideamateurfussball-ffm.de\/index.php?rest_route=\/wp\/v2\/media\/23781"}],"wp:attachment":[{"href":"https:\/\/insideamateurfussball-ffm.de\/index.php?rest_route=%2Fwp%2Fv2%2Fmedia&parent=23780"}],"wp:term":[{"taxonomy":"category","embeddable":true,"href":"https:\/\/insideamateurfussball-ffm.de\/index.php?rest_route=%2Fwp%2Fv2%2Fcategories&post=23780"},{"taxonomy":"post_tag","embeddable":true,"href":"https:\/\/insideamateurfussball-ffm.de\/index.php?rest_route=%2Fwp%2Fv2%2Ftags&post=23780"}],"curies":[{"name":"wp","href":"https:\/\/api.w.org\/{rel}","templated":true}]}}