{"id":23603,"date":"2025-02-10T19:25:27","date_gmt":"2025-02-10T18:25:27","guid":{"rendered":"https:\/\/insideamateurfussball-ffm.de\/?p=23603"},"modified":"2025-02-10T19:26:48","modified_gmt":"2025-02-10T18:26:48","slug":"heddernheim-spielt-in-nieder-eschbach-stark-auf","status":"publish","type":"post","link":"https:\/\/insideamateurfussball-ffm.de\/?p=23603","title":{"rendered":"Heddernheim spielt in Nieder-Eschbach stark auf"},"content":{"rendered":"<h3>Im dritten Testspiel spielte der SV 07 Heddernheim beim A-Ligisten TuS Nieder-Eschbach stark auf und gewann deutlich mit 4:1 (3:1).<\/h3>\n<figure id=\"attachment_23604\" aria-describedby=\"caption-attachment-23604\" style=\"width: 640px\" class=\"wp-caption alignright\"><img loading=\"lazy\" decoding=\"async\" class=\"wp-image-23604 size-large\" src=\"http:\/\/insideamateurfussball-ffm.de\/wp-content\/uploads\/2025\/02\/TuS-SVH-1024x577.jpg\" alt=\"\" width=\"640\" height=\"361\" srcset=\"https:\/\/insideamateurfussball-ffm.de\/wp-content\/uploads\/2025\/02\/TuS-SVH-1024x577.jpg 1024w, https:\/\/insideamateurfussball-ffm.de\/wp-content\/uploads\/2025\/02\/TuS-SVH-300x169.jpg 300w, https:\/\/insideamateurfussball-ffm.de\/wp-content\/uploads\/2025\/02\/TuS-SVH-768x432.jpg 768w, https:\/\/insideamateurfussball-ffm.de\/wp-content\/uploads\/2025\/02\/TuS-SVH-1536x865.jpg 1536w, https:\/\/insideamateurfussball-ffm.de\/wp-content\/uploads\/2025\/02\/TuS-SVH.jpg 2048w\" sizes=\"auto, (max-width: 640px) 100vw, 640px\" \/><figcaption id=\"caption-attachment-23604\" class=\"wp-caption-text\">Szene aus der Partie auf dem Kunstrasenplatz in Nieder-Eschbach. Foto: PA.<\/figcaption><\/figure>\n<h3>TuS Nieder-Eschbach &#8211; SV 07 Heddernheim 1:4 (1:3)<\/h3>\n<p><img loading=\"lazy\" decoding=\"async\" class=\"alignnone size-full wp-image-3202\" src=\"http:\/\/insideamateurfussball-ffm.de\/wp-content\/uploads\/2022\/10\/nieder-eschb.png\" alt=\"\" width=\"57\" height=\"80\" \/><img loading=\"lazy\" decoding=\"async\" class=\"alignnone size-full wp-image-302\" src=\"http:\/\/insideamateurfussball-ffm.de\/wp-content\/uploads\/2022\/05\/1sv07_news2_4511-1.jpg\" alt=\"\" width=\"80\" height=\"80\" \/><\/p>\n<p>Vor allem mit dem ersten Durchgang zeigte sich SVH-Trainer Andreas Berggold zufrieden: &#8222;Da haben wir b\u00e4renstark gespielt, Ball und Gegner laufen lassen, nachdem wir einige Minuten brauchten, um in Spiel zu kommen. Da hatten wir das Spiel im Griff und m\u00fcssen zur Halbzeit h\u00f6her f\u00fchren.&#8220;<\/p>\n<p>Nach einer verungl\u00fcckten Flanke von Johannes Nordmeyer auf die Latte (13.), leitete ein sch\u00f6ner Spielzug \u00fcber Tomislav Cudina die F\u00fchrung durch Yassir Achati ein (19.). Nach einem Foul an Josh Haas verwandelte Antonie Willef\u00fchr den Foulelfmeter zum 2:0 (30.). Auf Zuspiel von Haas erh\u00f6hte Dogan Nazim Erbulan auf 3:0 (33.). St\u00fcrmer Cherano Willef\u00fchr war dann mit einer Einzelaktion durch und wollte es zu genau machen, sodass der Neuzugang an Torh\u00fcter Kay-Uwe Faas scheiterte (41.). Kurz darauf traf Haas noch die Latte (43.). Die Gastgeber, immerhin Tabellendritter der Kreisliga A (Gruppe 2) kamen erst in der Endphase der ersten Halbzeit zum Zug.<\/p>\n<h3><span style=\"text-decoration: underline;\">Torwartwechsel auf beiden Seiten zur Pause<\/span><\/h3>\n<p>Den Torschuss von Alexandre Monteiro Dias wehrte SVH-Keeper Hidayet Yapici ab. Gegen den Folgeschuss von Alexandr Railean war er machtlos und es ging mit 1:3 in die Pause (45.). In der Halbzeit gab es dann den Torwartwechsel, Marc Tomczyk stand dann zwischen den Pfosten und im Sturm kam es erstmals zum Zusammenspiel zwischen Cherano Willef\u00fchr und Serdar Birhimeoglu. Marcus Kreckel war unter den 72 Zuschauern und steigt in dieser Woche in die Vorbereitung ein. Auch die Platzherren wechselten den Keeper, fortan h\u00fctete Marcel Codjo Noubouke den Kasten. Zahlreiche weitere Wechsel pr\u00e4gten den zweiten Abschnitt, sodass nur noch ein Tor fiel. Nach Freisto\u00df Antonie Willef\u00fchr k\u00f6pfte Amir Baja zu seinem ersten Tor im gr\u00fcn-wei\u00dfem Dress ein (64.).<\/p>\n<p>In der Schlussphase dr\u00e4ngten die Platzherren auf den zweiten Treffer, der ihnen nicht mehr verg\u00f6nnt war. &#8222;Das Spiel ist in der zweiten Halbzeit verflacht, da waren wir nicht mehr so ballsicher. Ansonsten war das ein ordentliches Spiel&#8220;, analysierte Berggold vor dem n\u00e4chsten Spiel am Donnerstag (20.15 Uhr) gegen die U19 des Karbener SV mit den Ex-Heddernheimern Noah Strehmel und Loay Tharrab Ebnoutalib. Nieder-Eschbachs Trainer Michele Raimondi r\u00e4umte ein: &#8222;Das war in den ersten 45 Minuten ein schlechtes Spiel von uns. Die Einstellung war nicht da. Heddernheim stand gut und nutzte unsere Fehler im Aufbauspiel aus. Nach dem Seitenwechsel wurde es etwas besser.&#8220;<\/p>\n<h3><span style=\"text-decoration: underline;\">Schiedsrichter: Constantin Voit (DJK Schwarz-Wei\u00df Griesheim). Zuschauer: 72. <\/span><\/h3>\n<h3><span style=\"text-decoration: underline;\">Tore: 0:1 Yassir Achati (19.), 0:2 Antonie Willef\u00fchr (30.\/Foulelfmeter), 0:3 Dogan Nazim Erbulan (33.), 1:3 Alexandr Railean (45.), 1:4 Amir Baja (64.).<\/span><\/h3>\n","protected":false},"excerpt":{"rendered":"<p>Im dritten Testspiel spielte der SV 07 Heddernheim beim A-Ligisten TuS Nieder-Eschbach stark auf und gewann deutlich mit 4:1 (3:1). TuS Nieder-Eschbach &#8211; SV 07 Heddernheim 1:4 (1:3) Vor allem mit dem ersten Durchgang zeigte sich SVH-Trainer Andreas Berggold zufrieden: &#8222;Da haben wir b\u00e4renstark gespielt, Ball und Gegner laufen lassen, nachdem wir einige Minuten brauchten, [&hellip;]<\/p>\n","protected":false},"author":1,"featured_media":23604,"comment_status":"closed","ping_status":"closed","sticky":true,"template":"","format":"standard","meta":{"footnotes":""},"categories":[21],"tags":[],"class_list":["post-23603","post","type-post","status-publish","format-standard","has-post-thumbnail","hentry","category-testspiele"],"_links":{"self":[{"href":"https:\/\/insideamateurfussball-ffm.de\/index.php?rest_route=\/wp\/v2\/posts\/23603","targetHints":{"allow":["GET"]}}],"collection":[{"href":"https:\/\/insideamateurfussball-ffm.de\/index.php?rest_route=\/wp\/v2\/posts"}],"about":[{"href":"https:\/\/insideamateurfussball-ffm.de\/index.php?rest_route=\/wp\/v2\/types\/post"}],"author":[{"embeddable":true,"href":"https:\/\/insideamateurfussball-ffm.de\/index.php?rest_route=\/wp\/v2\/users\/1"}],"replies":[{"embeddable":true,"href":"https:\/\/insideamateurfussball-ffm.de\/index.php?rest_route=%2Fwp%2Fv2%2Fcomments&post=23603"}],"version-history":[{"count":2,"href":"https:\/\/insideamateurfussball-ffm.de\/index.php?rest_route=\/wp\/v2\/posts\/23603\/revisions"}],"predecessor-version":[{"id":23606,"href":"https:\/\/insideamateurfussball-ffm.de\/index.php?rest_route=\/wp\/v2\/posts\/23603\/revisions\/23606"}],"wp:featuredmedia":[{"embeddable":true,"href":"https:\/\/insideamateurfussball-ffm.de\/index.php?rest_route=\/wp\/v2\/media\/23604"}],"wp:attachment":[{"href":"https:\/\/insideamateurfussball-ffm.de\/index.php?rest_route=%2Fwp%2Fv2%2Fmedia&parent=23603"}],"wp:term":[{"taxonomy":"category","embeddable":true,"href":"https:\/\/insideamateurfussball-ffm.de\/index.php?rest_route=%2Fwp%2Fv2%2Fcategories&post=23603"},{"taxonomy":"post_tag","embeddable":true,"href":"https:\/\/insideamateurfussball-ffm.de\/index.php?rest_route=%2Fwp%2Fv2%2Ftags&post=23603"}],"curies":[{"name":"wp","href":"https:\/\/api.w.org\/{rel}","templated":true}]}}