{"id":23589,"date":"2025-02-10T18:25:29","date_gmt":"2025-02-10T17:25:29","guid":{"rendered":"https:\/\/insideamateurfussball-ffm.de\/?p=23589"},"modified":"2025-02-10T18:25:29","modified_gmt":"2025-02-10T17:25:29","slug":"tura-ii-wuerdiger-gegner-fuer-tuerkguecue","status":"publish","type":"post","link":"https:\/\/insideamateurfussball-ffm.de\/?p=23589","title":{"rendered":"TuRa II w\u00fcrdiger Gegner f\u00fcr T\u00fcrkg\u00fcc\u00fc"},"content":{"rendered":"<h3>TuRa Niederh\u00f6chstadt II aus der Kreisoberliga Maintaunus erwies sich als w\u00fcrdiger Gegner f\u00fcr T\u00fcrkg\u00fcc\u00fc Frankfurt. Der Gruppenligist gewann das Testspiel im Eschborner Stadtteil mit 4:3.\u00a0<\/h3>\n<figure id=\"attachment_23590\" aria-describedby=\"caption-attachment-23590\" style=\"width: 945px\" class=\"wp-caption alignnone\"><img loading=\"lazy\" decoding=\"async\" class=\"wp-image-23590 size-full\" src=\"http:\/\/insideamateurfussball-ffm.de\/wp-content\/uploads\/2025\/02\/tg3-3.jpg\" alt=\"\" width=\"945\" height=\"674\" srcset=\"https:\/\/insideamateurfussball-ffm.de\/wp-content\/uploads\/2025\/02\/tg3-3.jpg 945w, https:\/\/insideamateurfussball-ffm.de\/wp-content\/uploads\/2025\/02\/tg3-3-300x214.jpg 300w, https:\/\/insideamateurfussball-ffm.de\/wp-content\/uploads\/2025\/02\/tg3-3-768x548.jpg 768w\" sizes=\"auto, (max-width: 945px) 100vw, 945px\" \/><figcaption id=\"caption-attachment-23590\" class=\"wp-caption-text\">TuRa Niederh\u00f6chstadt II erwies sich als w\u00fcrdiger Gegner. Foto: Mithat G\u00fcrser.<\/figcaption><\/figure>\n<h3>TuRa Niederh\u00f6chstadt II &#8211; TSKV T\u00fcrkg\u00fcc\u00fc Frankfurt 3:4 (1:2)<\/h3>\n<p><img loading=\"lazy\" decoding=\"async\" class=\"alignnone size-full wp-image-589\" src=\"http:\/\/insideamateurfussball-ffm.de\/wp-content\/uploads\/2022\/06\/TuRa.jpg\" alt=\"\" width=\"80\" height=\"80\" \/><img loading=\"lazy\" decoding=\"async\" class=\"alignnone size-full wp-image-17\" src=\"http:\/\/insideamateurfussball-ffm.de\/wp-content\/uploads\/2021\/11\/Tuerkguecue.jpg\" alt=\"\" width=\"72\" height=\"80\" \/><\/p>\n<p>T\u00fcrkg\u00fcc\u00fc-Trainer Hakan Tekin sprach von einem &#8222;guten Test gegen einen Gegner aus der gleichen Liga wie jener vom Donnerstag.&#8220; Kurioserweise war das Spiel drei Tage vorher beim FSC Eschborn auch 4:3 f\u00fcr die G\u00e4ste ausgegangen.<\/p>\n<p>&#8222;Wir sind jetzt einen Schritt weiter, waren einen Ticken \u00fcberlegener, h\u00e4tten mehr Tore schie\u00dfen, aber auch weniger kassieren k\u00f6nnen&#8220;, pr\u00e4zisierte Tekin. Zur Halbzeit wechselte der Coach achtmal aus, zum letzten Mal in der Vorbereitung.<\/p>\n<h3><span style=\"text-decoration: underline;\">Karaca nun spielberechtigt<\/span><\/h3>\n<p>Schon am Mittwoch gegen Verbandsligist SC Viktoria Griesheim (20 Uhr am Rebstock) werde er mehr in Richtung Stammelf aufstellen. &#8222;Wir m\u00fcssen effizienter werden und hinten die Null halten&#8220;, forderte Tekin.<\/p>\n<p>Der zweifache Torsch\u00fctze Necati Attila Karaca ist nun spielberechtigt, nachdem der 20-j\u00e4hrige Deutsch-T\u00fcrke nach einigen Stationen in der T\u00fcrkei zur\u00fcckgekehrt ist.\u00a0<\/p>\n<h3><span style=\"text-decoration: underline;\">Schiedsrichter: Frederik Kutz (SG Oberliederbach). Zuschauer: 65. <\/span><\/h3>\n<h3><span style=\"text-decoration: underline;\">Tore: 0:1 Joshua Heyne (23.\/Eigentor), 0:2 Emir Can Kirci (35.), 1:2 Jannis Laub (40.), 2:2 Johann Neck (59.), 2:3, 2:4 Necati Attila Karaca (77.\/84.), 3:4 Noah Stranz (88.).<\/span><\/h3>\n<h3><span style=\"text-decoration: underline;\"> Bildergalerie: Mithat G\u00fcrser war mal wieder vor Ort!<\/span><\/h3>\n\n\n<figure class=\"wp-block-gallery has-nested-images columns-default is-cropped wp-block-gallery-1 is-layout-flex wp-block-gallery-is-layout-flex\">\n<figure class=\"wp-block-image size-large\"><img loading=\"lazy\" decoding=\"async\" width=\"945\" height=\"688\" data-id=\"23591\" src=\"https:\/\/insideamateurfussball-ffm.de\/wp-content\/uploads\/2025\/02\/tg6-4.jpg\" alt=\"\" class=\"wp-image-23591\" srcset=\"https:\/\/insideamateurfussball-ffm.de\/wp-content\/uploads\/2025\/02\/tg6-4.jpg 945w, https:\/\/insideamateurfussball-ffm.de\/wp-content\/uploads\/2025\/02\/tg6-4-300x218.jpg 300w, https:\/\/insideamateurfussball-ffm.de\/wp-content\/uploads\/2025\/02\/tg6-4-768x559.jpg 768w\" sizes=\"auto, (max-width: 945px) 100vw, 945px\" \/><\/figure>\n<\/figure>\n\n\n\n<figure class=\"wp-block-gallery has-nested-images columns-default is-cropped wp-block-gallery-2 is-layout-flex wp-block-gallery-is-layout-flex\">\n<figure class=\"wp-block-image size-large\"><img loading=\"lazy\" decoding=\"async\" width=\"945\" height=\"641\" data-id=\"23592\" src=\"https:\/\/insideamateurfussball-ffm.de\/wp-content\/uploads\/2025\/02\/tg9-3.jpg\" alt=\"\" class=\"wp-image-23592\" srcset=\"https:\/\/insideamateurfussball-ffm.de\/wp-content\/uploads\/2025\/02\/tg9-3.jpg 945w, https:\/\/insideamateurfussball-ffm.de\/wp-content\/uploads\/2025\/02\/tg9-3-300x203.jpg 300w, https:\/\/insideamateurfussball-ffm.de\/wp-content\/uploads\/2025\/02\/tg9-3-768x521.jpg 768w\" sizes=\"auto, (max-width: 945px) 100vw, 945px\" \/><\/figure>\n<\/figure>\n\n\n\n<figure class=\"wp-block-gallery has-nested-images columns-default is-cropped wp-block-gallery-3 is-layout-flex wp-block-gallery-is-layout-flex\">\n<figure class=\"wp-block-image size-large\"><img loading=\"lazy\" decoding=\"async\" width=\"979\" height=\"748\" data-id=\"23593\" src=\"https:\/\/insideamateurfussball-ffm.de\/wp-content\/uploads\/2025\/02\/tguecue-3-neue-transfer.jpg\" alt=\"\" class=\"wp-image-23593\" srcset=\"https:\/\/insideamateurfussball-ffm.de\/wp-content\/uploads\/2025\/02\/tguecue-3-neue-transfer.jpg 979w, https:\/\/insideamateurfussball-ffm.de\/wp-content\/uploads\/2025\/02\/tguecue-3-neue-transfer-300x229.jpg 300w, https:\/\/insideamateurfussball-ffm.de\/wp-content\/uploads\/2025\/02\/tguecue-3-neue-transfer-768x587.jpg 768w\" sizes=\"auto, (max-width: 979px) 100vw, 979px\" \/><\/figure>\n<\/figure>\n\n\n\n<figure class=\"wp-block-gallery has-nested-images columns-default is-cropped wp-block-gallery-4 is-layout-flex wp-block-gallery-is-layout-flex\">\n<figure class=\"wp-block-image size-large\"><img loading=\"lazy\" decoding=\"async\" width=\"945\" height=\"686\" data-id=\"23594\" src=\"https:\/\/insideamateurfussball-ffm.de\/wp-content\/uploads\/2025\/02\/tg4-3.jpg\" alt=\"\" class=\"wp-image-23594\" srcset=\"https:\/\/insideamateurfussball-ffm.de\/wp-content\/uploads\/2025\/02\/tg4-3.jpg 945w, https:\/\/insideamateurfussball-ffm.de\/wp-content\/uploads\/2025\/02\/tg4-3-300x218.jpg 300w, https:\/\/insideamateurfussball-ffm.de\/wp-content\/uploads\/2025\/02\/tg4-3-768x558.jpg 768w\" sizes=\"auto, (max-width: 945px) 100vw, 945px\" \/><\/figure>\n<\/figure>\n\n\n\n<figure class=\"wp-block-gallery has-nested-images columns-default is-cropped wp-block-gallery-5 is-layout-flex wp-block-gallery-is-layout-flex\">\n<figure class=\"wp-block-image size-large\"><img loading=\"lazy\" decoding=\"async\" width=\"945\" height=\"680\" data-id=\"23595\" src=\"https:\/\/insideamateurfussball-ffm.de\/wp-content\/uploads\/2025\/02\/tg7-3.jpg\" alt=\"\" class=\"wp-image-23595\" srcset=\"https:\/\/insideamateurfussball-ffm.de\/wp-content\/uploads\/2025\/02\/tg7-3.jpg 945w, https:\/\/insideamateurfussball-ffm.de\/wp-content\/uploads\/2025\/02\/tg7-3-300x216.jpg 300w, https:\/\/insideamateurfussball-ffm.de\/wp-content\/uploads\/2025\/02\/tg7-3-768x553.jpg 768w\" sizes=\"auto, (max-width: 945px) 100vw, 945px\" \/><\/figure>\n<\/figure>\n\n\n\n<figure class=\"wp-block-gallery has-nested-images columns-default is-cropped wp-block-gallery-6 is-layout-flex wp-block-gallery-is-layout-flex\">\n<figure class=\"wp-block-image size-large\"><img loading=\"lazy\" decoding=\"async\" width=\"945\" height=\"700\" data-id=\"23596\" src=\"https:\/\/insideamateurfussball-ffm.de\/wp-content\/uploads\/2025\/02\/tg10-2.jpg\" alt=\"\" class=\"wp-image-23596\" srcset=\"https:\/\/insideamateurfussball-ffm.de\/wp-content\/uploads\/2025\/02\/tg10-2.jpg 945w, https:\/\/insideamateurfussball-ffm.de\/wp-content\/uploads\/2025\/02\/tg10-2-300x222.jpg 300w, https:\/\/insideamateurfussball-ffm.de\/wp-content\/uploads\/2025\/02\/tg10-2-768x569.jpg 768w\" sizes=\"auto, (max-width: 945px) 100vw, 945px\" \/><\/figure>\n<\/figure>\n\n\n\n<figure class=\"wp-block-gallery has-nested-images columns-default is-cropped wp-block-gallery-7 is-layout-flex wp-block-gallery-is-layout-flex\">\n<figure class=\"wp-block-image size-large\"><img loading=\"lazy\" decoding=\"async\" width=\"945\" height=\"685\" data-id=\"23597\" src=\"https:\/\/insideamateurfussball-ffm.de\/wp-content\/uploads\/2025\/02\/tg1-3.jpg\" alt=\"\" class=\"wp-image-23597\" srcset=\"https:\/\/insideamateurfussball-ffm.de\/wp-content\/uploads\/2025\/02\/tg1-3.jpg 945w, https:\/\/insideamateurfussball-ffm.de\/wp-content\/uploads\/2025\/02\/tg1-3-300x217.jpg 300w, https:\/\/insideamateurfussball-ffm.de\/wp-content\/uploads\/2025\/02\/tg1-3-768x557.jpg 768w\" sizes=\"auto, (max-width: 945px) 100vw, 945px\" \/><\/figure>\n<\/figure>\n\n\n\n<figure class=\"wp-block-gallery has-nested-images columns-default is-cropped wp-block-gallery-8 is-layout-flex wp-block-gallery-is-layout-flex\">\n<figure class=\"wp-block-image size-large\"><img loading=\"lazy\" decoding=\"async\" width=\"945\" height=\"638\" data-id=\"23598\" src=\"https:\/\/insideamateurfussball-ffm.de\/wp-content\/uploads\/2025\/02\/tg5-3.jpg\" alt=\"\" class=\"wp-image-23598\" srcset=\"https:\/\/insideamateurfussball-ffm.de\/wp-content\/uploads\/2025\/02\/tg5-3.jpg 945w, https:\/\/insideamateurfussball-ffm.de\/wp-content\/uploads\/2025\/02\/tg5-3-300x203.jpg 300w, https:\/\/insideamateurfussball-ffm.de\/wp-content\/uploads\/2025\/02\/tg5-3-768x519.jpg 768w\" sizes=\"auto, (max-width: 945px) 100vw, 945px\" \/><\/figure>\n<\/figure>\n\n\n\n<figure class=\"wp-block-gallery has-nested-images columns-default is-cropped wp-block-gallery-9 is-layout-flex wp-block-gallery-is-layout-flex\">\n<figure class=\"wp-block-image size-large\"><img loading=\"lazy\" decoding=\"async\" width=\"945\" height=\"675\" data-id=\"23599\" src=\"https:\/\/insideamateurfussball-ffm.de\/wp-content\/uploads\/2025\/02\/tg8-3.jpg\" alt=\"\" class=\"wp-image-23599\" srcset=\"https:\/\/insideamateurfussball-ffm.de\/wp-content\/uploads\/2025\/02\/tg8-3.jpg 945w, https:\/\/insideamateurfussball-ffm.de\/wp-content\/uploads\/2025\/02\/tg8-3-300x214.jpg 300w, https:\/\/insideamateurfussball-ffm.de\/wp-content\/uploads\/2025\/02\/tg8-3-768x549.jpg 768w\" sizes=\"auto, (max-width: 945px) 100vw, 945px\" \/><\/figure>\n<\/figure>\n\n\n\n<figure class=\"wp-block-gallery has-nested-images columns-default is-cropped wp-block-gallery-10 is-layout-flex wp-block-gallery-is-layout-flex\">\n<figure class=\"wp-block-image size-large\"><img loading=\"lazy\" decoding=\"async\" width=\"945\" height=\"653\" data-id=\"23600\" src=\"https:\/\/insideamateurfussball-ffm.de\/wp-content\/uploads\/2025\/02\/tg11-1.jpg\" alt=\"\" class=\"wp-image-23600\" srcset=\"https:\/\/insideamateurfussball-ffm.de\/wp-content\/uploads\/2025\/02\/tg11-1.jpg 945w, https:\/\/insideamateurfussball-ffm.de\/wp-content\/uploads\/2025\/02\/tg11-1-300x207.jpg 300w, https:\/\/insideamateurfussball-ffm.de\/wp-content\/uploads\/2025\/02\/tg11-1-768x531.jpg 768w\" sizes=\"auto, (max-width: 945px) 100vw, 945px\" \/><\/figure>\n<\/figure>\n\n\n\n<figure class=\"wp-block-gallery has-nested-images columns-default is-cropped wp-block-gallery-11 is-layout-flex wp-block-gallery-is-layout-flex\">\n<figure class=\"wp-block-image size-large\"><img loading=\"lazy\" decoding=\"async\" width=\"945\" height=\"713\" data-id=\"23601\" src=\"https:\/\/insideamateurfussball-ffm.de\/wp-content\/uploads\/2025\/02\/tg2-3.jpg\" alt=\"\" class=\"wp-image-23601\" srcset=\"https:\/\/insideamateurfussball-ffm.de\/wp-content\/uploads\/2025\/02\/tg2-3.jpg 945w, https:\/\/insideamateurfussball-ffm.de\/wp-content\/uploads\/2025\/02\/tg2-3-300x226.jpg 300w, https:\/\/insideamateurfussball-ffm.de\/wp-content\/uploads\/2025\/02\/tg2-3-768x579.jpg 768w\" sizes=\"auto, (max-width: 945px) 100vw, 945px\" \/><\/figure>\n<\/figure>\n","protected":false},"excerpt":{"rendered":"<p>TuRa Niederh\u00f6chstadt II aus der Kreisoberliga Maintaunus erwies sich als w\u00fcrdiger Gegner f\u00fcr T\u00fcrkg\u00fcc\u00fc Frankfurt. Der Gruppenligist gewann das Testspiel im Eschborner Stadtteil mit 4:3.\u00a0 TuRa Niederh\u00f6chstadt II &#8211; TSKV T\u00fcrkg\u00fcc\u00fc Frankfurt 3:4 (1:2) T\u00fcrkg\u00fcc\u00fc-Trainer Hakan Tekin sprach von einem &#8222;guten Test gegen einen Gegner aus der gleichen Liga wie jener vom Donnerstag.&#8220; Kurioserweise war [&hellip;]<\/p>\n","protected":false},"author":1,"featured_media":23590,"comment_status":"closed","ping_status":"closed","sticky":true,"template":"","format":"standard","meta":{"footnotes":""},"categories":[21],"tags":[],"class_list":["post-23589","post","type-post","status-publish","format-standard","has-post-thumbnail","hentry","category-testspiele"],"_links":{"self":[{"href":"https:\/\/insideamateurfussball-ffm.de\/index.php?rest_route=\/wp\/v2\/posts\/23589","targetHints":{"allow":["GET"]}}],"collection":[{"href":"https:\/\/insideamateurfussball-ffm.de\/index.php?rest_route=\/wp\/v2\/posts"}],"about":[{"href":"https:\/\/insideamateurfussball-ffm.de\/index.php?rest_route=\/wp\/v2\/types\/post"}],"author":[{"embeddable":true,"href":"https:\/\/insideamateurfussball-ffm.de\/index.php?rest_route=\/wp\/v2\/users\/1"}],"replies":[{"embeddable":true,"href":"https:\/\/insideamateurfussball-ffm.de\/index.php?rest_route=%2Fwp%2Fv2%2Fcomments&post=23589"}],"version-history":[{"count":1,"href":"https:\/\/insideamateurfussball-ffm.de\/index.php?rest_route=\/wp\/v2\/posts\/23589\/revisions"}],"predecessor-version":[{"id":23602,"href":"https:\/\/insideamateurfussball-ffm.de\/index.php?rest_route=\/wp\/v2\/posts\/23589\/revisions\/23602"}],"wp:featuredmedia":[{"embeddable":true,"href":"https:\/\/insideamateurfussball-ffm.de\/index.php?rest_route=\/wp\/v2\/media\/23590"}],"wp:attachment":[{"href":"https:\/\/insideamateurfussball-ffm.de\/index.php?rest_route=%2Fwp%2Fv2%2Fmedia&parent=23589"}],"wp:term":[{"taxonomy":"category","embeddable":true,"href":"https:\/\/insideamateurfussball-ffm.de\/index.php?rest_route=%2Fwp%2Fv2%2Fcategories&post=23589"},{"taxonomy":"post_tag","embeddable":true,"href":"https:\/\/insideamateurfussball-ffm.de\/index.php?rest_route=%2Fwp%2Fv2%2Ftags&post=23589"}],"curies":[{"name":"wp","href":"https:\/\/api.w.org\/{rel}","templated":true}]}}