{"id":23571,"date":"2025-02-09T20:38:34","date_gmt":"2025-02-09T19:38:34","guid":{"rendered":"https:\/\/insideamateurfussball-ffm.de\/?p=23571"},"modified":"2025-02-09T20:38:34","modified_gmt":"2025-02-09T19:38:34","slug":"seckbach-haelt-gegen-rw-darmstadt-gut-mit","status":"publish","type":"post","link":"https:\/\/insideamateurfussball-ffm.de\/?p=23571","title":{"rendered":"Seckbach h\u00e4lt gegen RW Darmstadt gut mit"},"content":{"rendered":"<h3>Bereits am Samstagnachmittag zeigte die FG Seckbach gegen Verbandsligist SKV Rot-Wei\u00df Darmstadt eine gute Leistung und unterlag nur knapp mit 2:3.\u00a0<\/h3>\n<figure id=\"attachment_23572\" aria-describedby=\"caption-attachment-23572\" style=\"width: 945px\" class=\"wp-caption alignnone\"><img loading=\"lazy\" decoding=\"async\" class=\"wp-image-23572 size-full\" src=\"http:\/\/insideamateurfussball-ffm.de\/wp-content\/uploads\/2025\/02\/seckb3.jpg\" alt=\"\" width=\"945\" height=\"690\" srcset=\"https:\/\/insideamateurfussball-ffm.de\/wp-content\/uploads\/2025\/02\/seckb3.jpg 945w, https:\/\/insideamateurfussball-ffm.de\/wp-content\/uploads\/2025\/02\/seckb3-300x219.jpg 300w, https:\/\/insideamateurfussball-ffm.de\/wp-content\/uploads\/2025\/02\/seckb3-768x561.jpg 768w\" sizes=\"auto, (max-width: 945px) 100vw, 945px\" \/><figcaption id=\"caption-attachment-23572\" class=\"wp-caption-text\">Schiedsrichter Siar Djamsched begr\u00fc\u00dft die Kapit\u00e4ne Milad Wardak (Seckbach) und Patrick Bohn (Darmstadt). Foto: Mithat G\u00fcrser.<\/figcaption><\/figure>\n<h3>FG Seckbach &#8211; SKV Rot-Wei\u00df Darmstadt 2:3 (2:2)<\/h3>\n<p><img loading=\"lazy\" decoding=\"async\" class=\"alignnone size-full wp-image-544\" src=\"http:\/\/insideamateurfussball-ffm.de\/wp-content\/uploads\/2022\/06\/Seckbach.jpg\" alt=\"\" width=\"80\" height=\"80\" \/><img loading=\"lazy\" decoding=\"async\" class=\"alignnone size-full wp-image-328\" src=\"http:\/\/insideamateurfussball-ffm.de\/wp-content\/uploads\/2022\/05\/RWDA.png\" alt=\"\" width=\"76\" height=\"80\" \/><\/p>\n<p>Aufgrund eines Mannschaftsabends wurde die Partie bereits am Samstag ausgespielt. Seckbach konnte gegen den Verbandsligisten gut mithalten und sogar durch Adrian Speck in F\u00fchrung gehen (5.). Dann wurden die G\u00e4ste st\u00e4rker, glichen mit Lukas Orth (22.) aus und legten durch Robin Schwarz den zweiten Treffer nach (26.). Seckbachs Kapit\u00e4n Milad Wardak sorgte f\u00fcr den Pausenstand (42.), der bis kurz vor Schluss noch Bestand hatte. Dann erst traf Emin Aykir f\u00fcr den Favoriten zum Sieg (88.). &#8222;Eine unn\u00f6tige Niederlage&#8220;, konstatierte Seckbachs Spielertrainer Manuel May, der an der Seitenlinie coachte und nicht aktiv mitwirken konnte. &#8222;Ein Remis w\u00e4re gerecht gewesen&#8220;, f\u00fcgte er an.\u00a0<\/p>\n<h3><span style=\"text-decoration: underline;\">Schiedsrichter: Siar Djamsched (SV Bonames). Zuschauer: 55. <\/span><\/h3>\n<h3><span style=\"text-decoration: underline;\">Tore: 1:0 Adrian Speck (5.), 1:1 Lukas Orth (22.), 1:2 Robin Schwarz (26.), 2:2 Milad Wardak (42.), 2:3 Emin Aykir (88.). <\/span><\/h3>\n<h3><span style=\"text-decoration: underline;\">Bildergalerie: Mithat G\u00fcrser war f\u00fcr uns vor Ort!<\/span>\u00a0<\/h3>\n<p>\u00a0<\/p>\n\n\n<figure class=\"wp-block-gallery has-nested-images columns-default is-cropped wp-block-gallery-1 is-layout-flex wp-block-gallery-is-layout-flex\">\n<figure class=\"wp-block-image size-large\"><img loading=\"lazy\" decoding=\"async\" width=\"945\" height=\"627\" data-id=\"23574\" src=\"https:\/\/insideamateurfussball-ffm.de\/wp-content\/uploads\/2025\/02\/seckb6.jpg\" alt=\"\" class=\"wp-image-23574\" srcset=\"https:\/\/insideamateurfussball-ffm.de\/wp-content\/uploads\/2025\/02\/seckb6.jpg 945w, https:\/\/insideamateurfussball-ffm.de\/wp-content\/uploads\/2025\/02\/seckb6-300x199.jpg 300w, https:\/\/insideamateurfussball-ffm.de\/wp-content\/uploads\/2025\/02\/seckb6-768x510.jpg 768w\" sizes=\"auto, (max-width: 945px) 100vw, 945px\" \/><\/figure>\n<\/figure>\n\n\n\n<figure class=\"wp-block-gallery has-nested-images columns-default is-cropped wp-block-gallery-2 is-layout-flex wp-block-gallery-is-layout-flex\">\n<figure class=\"wp-block-image size-large\"><img loading=\"lazy\" decoding=\"async\" width=\"945\" height=\"648\" data-id=\"23575\" src=\"https:\/\/insideamateurfussball-ffm.de\/wp-content\/uploads\/2025\/02\/seckb9.jpg\" alt=\"\" class=\"wp-image-23575\" srcset=\"https:\/\/insideamateurfussball-ffm.de\/wp-content\/uploads\/2025\/02\/seckb9.jpg 945w, https:\/\/insideamateurfussball-ffm.de\/wp-content\/uploads\/2025\/02\/seckb9-300x206.jpg 300w, https:\/\/insideamateurfussball-ffm.de\/wp-content\/uploads\/2025\/02\/seckb9-768x527.jpg 768w\" sizes=\"auto, (max-width: 945px) 100vw, 945px\" \/><\/figure>\n<\/figure>\n\n\n\n<figure class=\"wp-block-gallery has-nested-images columns-default is-cropped wp-block-gallery-3 is-layout-flex wp-block-gallery-is-layout-flex\">\n<figure class=\"wp-block-image size-large\"><img loading=\"lazy\" decoding=\"async\" width=\"887\" height=\"691\" data-id=\"23576\" src=\"https:\/\/insideamateurfussball-ffm.de\/wp-content\/uploads\/2025\/02\/seckb12.jpg\" alt=\"\" class=\"wp-image-23576\" srcset=\"https:\/\/insideamateurfussball-ffm.de\/wp-content\/uploads\/2025\/02\/seckb12.jpg 887w, https:\/\/insideamateurfussball-ffm.de\/wp-content\/uploads\/2025\/02\/seckb12-300x234.jpg 300w, https:\/\/insideamateurfussball-ffm.de\/wp-content\/uploads\/2025\/02\/seckb12-768x598.jpg 768w\" sizes=\"auto, (max-width: 887px) 100vw, 887px\" \/><\/figure>\n<\/figure>\n\n\n\n<figure class=\"wp-block-gallery has-nested-images columns-default is-cropped wp-block-gallery-4 is-layout-flex wp-block-gallery-is-layout-flex\">\n<figure class=\"wp-block-image size-large\"><img loading=\"lazy\" decoding=\"async\" width=\"929\" height=\"691\" data-id=\"23577\" src=\"https:\/\/insideamateurfussball-ffm.de\/wp-content\/uploads\/2025\/02\/seckb15.jpg\" alt=\"\" class=\"wp-image-23577\" srcset=\"https:\/\/insideamateurfussball-ffm.de\/wp-content\/uploads\/2025\/02\/seckb15.jpg 929w, https:\/\/insideamateurfussball-ffm.de\/wp-content\/uploads\/2025\/02\/seckb15-300x223.jpg 300w, https:\/\/insideamateurfussball-ffm.de\/wp-content\/uploads\/2025\/02\/seckb15-768x571.jpg 768w\" sizes=\"auto, (max-width: 929px) 100vw, 929px\" \/><\/figure>\n<\/figure>\n\n\n\n<figure class=\"wp-block-gallery has-nested-images columns-default is-cropped wp-block-gallery-5 is-layout-flex wp-block-gallery-is-layout-flex\">\n<figure class=\"wp-block-image size-large\"><img loading=\"lazy\" decoding=\"async\" width=\"945\" height=\"615\" data-id=\"23578\" src=\"https:\/\/insideamateurfussball-ffm.de\/wp-content\/uploads\/2025\/02\/seckb4.jpg\" alt=\"\" class=\"wp-image-23578\" srcset=\"https:\/\/insideamateurfussball-ffm.de\/wp-content\/uploads\/2025\/02\/seckb4.jpg 945w, https:\/\/insideamateurfussball-ffm.de\/wp-content\/uploads\/2025\/02\/seckb4-300x195.jpg 300w, https:\/\/insideamateurfussball-ffm.de\/wp-content\/uploads\/2025\/02\/seckb4-768x500.jpg 768w\" sizes=\"auto, (max-width: 945px) 100vw, 945px\" \/><\/figure>\n<\/figure>\n\n\n\n<figure class=\"wp-block-gallery has-nested-images columns-default is-cropped wp-block-gallery-6 is-layout-flex wp-block-gallery-is-layout-flex\">\n<figure class=\"wp-block-image size-large\"><img loading=\"lazy\" decoding=\"async\" width=\"945\" height=\"650\" data-id=\"23579\" src=\"https:\/\/insideamateurfussball-ffm.de\/wp-content\/uploads\/2025\/02\/seckb7.jpg\" alt=\"\" class=\"wp-image-23579\" srcset=\"https:\/\/insideamateurfussball-ffm.de\/wp-content\/uploads\/2025\/02\/seckb7.jpg 945w, https:\/\/insideamateurfussball-ffm.de\/wp-content\/uploads\/2025\/02\/seckb7-300x206.jpg 300w, https:\/\/insideamateurfussball-ffm.de\/wp-content\/uploads\/2025\/02\/seckb7-768x528.jpg 768w\" sizes=\"auto, (max-width: 945px) 100vw, 945px\" \/><\/figure>\n<\/figure>\n\n\n\n<figure class=\"wp-block-gallery has-nested-images columns-default is-cropped wp-block-gallery-7 is-layout-flex wp-block-gallery-is-layout-flex\">\n<figure class=\"wp-block-image size-large\"><img loading=\"lazy\" decoding=\"async\" width=\"945\" height=\"669\" data-id=\"23580\" src=\"https:\/\/insideamateurfussball-ffm.de\/wp-content\/uploads\/2025\/02\/seckb10.jpg\" alt=\"\" class=\"wp-image-23580\" srcset=\"https:\/\/insideamateurfussball-ffm.de\/wp-content\/uploads\/2025\/02\/seckb10.jpg 945w, https:\/\/insideamateurfussball-ffm.de\/wp-content\/uploads\/2025\/02\/seckb10-300x212.jpg 300w, https:\/\/insideamateurfussball-ffm.de\/wp-content\/uploads\/2025\/02\/seckb10-768x544.jpg 768w\" sizes=\"auto, (max-width: 945px) 100vw, 945px\" \/><\/figure>\n<\/figure>\n\n\n\n<figure class=\"wp-block-gallery has-nested-images columns-default is-cropped wp-block-gallery-8 is-layout-flex wp-block-gallery-is-layout-flex\">\n<figure class=\"wp-block-image size-large\"><img loading=\"lazy\" decoding=\"async\" width=\"903\" height=\"691\" data-id=\"23581\" src=\"https:\/\/insideamateurfussball-ffm.de\/wp-content\/uploads\/2025\/02\/seckb13.jpg\" alt=\"\" class=\"wp-image-23581\" srcset=\"https:\/\/insideamateurfussball-ffm.de\/wp-content\/uploads\/2025\/02\/seckb13.jpg 903w, https:\/\/insideamateurfussball-ffm.de\/wp-content\/uploads\/2025\/02\/seckb13-300x230.jpg 300w, https:\/\/insideamateurfussball-ffm.de\/wp-content\/uploads\/2025\/02\/seckb13-768x588.jpg 768w\" sizes=\"auto, (max-width: 903px) 100vw, 903px\" \/><\/figure>\n<\/figure>\n\n\n\n<figure class=\"wp-block-gallery has-nested-images columns-default is-cropped wp-block-gallery-9 is-layout-flex wp-block-gallery-is-layout-flex\">\n<figure class=\"wp-block-image size-large\"><img loading=\"lazy\" decoding=\"async\" width=\"945\" height=\"647\" data-id=\"23582\" src=\"https:\/\/insideamateurfussball-ffm.de\/wp-content\/uploads\/2025\/02\/seckb1.jpg\" alt=\"\" class=\"wp-image-23582\" srcset=\"https:\/\/insideamateurfussball-ffm.de\/wp-content\/uploads\/2025\/02\/seckb1.jpg 945w, https:\/\/insideamateurfussball-ffm.de\/wp-content\/uploads\/2025\/02\/seckb1-300x205.jpg 300w, https:\/\/insideamateurfussball-ffm.de\/wp-content\/uploads\/2025\/02\/seckb1-768x526.jpg 768w\" sizes=\"auto, (max-width: 945px) 100vw, 945px\" \/><\/figure>\n<\/figure>\n\n\n\n<figure class=\"wp-block-gallery has-nested-images columns-default is-cropped wp-block-gallery-10 is-layout-flex wp-block-gallery-is-layout-flex\">\n<figure class=\"wp-block-image size-large\"><img loading=\"lazy\" decoding=\"async\" width=\"921\" height=\"691\" data-id=\"23583\" src=\"https:\/\/insideamateurfussball-ffm.de\/wp-content\/uploads\/2025\/02\/seckb5.jpg\" alt=\"\" class=\"wp-image-23583\" srcset=\"https:\/\/insideamateurfussball-ffm.de\/wp-content\/uploads\/2025\/02\/seckb5.jpg 921w, https:\/\/insideamateurfussball-ffm.de\/wp-content\/uploads\/2025\/02\/seckb5-300x225.jpg 300w, https:\/\/insideamateurfussball-ffm.de\/wp-content\/uploads\/2025\/02\/seckb5-768x576.jpg 768w\" sizes=\"auto, (max-width: 921px) 100vw, 921px\" \/><\/figure>\n<\/figure>\n\n\n\n<figure class=\"wp-block-gallery has-nested-images columns-default is-cropped wp-block-gallery-11 is-layout-flex wp-block-gallery-is-layout-flex\">\n<figure class=\"wp-block-image size-large\"><img loading=\"lazy\" decoding=\"async\" width=\"942\" height=\"691\" data-id=\"23584\" src=\"https:\/\/insideamateurfussball-ffm.de\/wp-content\/uploads\/2025\/02\/seckb8.jpg\" alt=\"\" class=\"wp-image-23584\" srcset=\"https:\/\/insideamateurfussball-ffm.de\/wp-content\/uploads\/2025\/02\/seckb8.jpg 942w, https:\/\/insideamateurfussball-ffm.de\/wp-content\/uploads\/2025\/02\/seckb8-300x220.jpg 300w, https:\/\/insideamateurfussball-ffm.de\/wp-content\/uploads\/2025\/02\/seckb8-768x563.jpg 768w\" sizes=\"auto, (max-width: 942px) 100vw, 942px\" \/><\/figure>\n<\/figure>\n\n\n\n<figure class=\"wp-block-gallery has-nested-images columns-default is-cropped wp-block-gallery-12 is-layout-flex wp-block-gallery-is-layout-flex\">\n<figure class=\"wp-block-image size-large\"><img loading=\"lazy\" decoding=\"async\" width=\"945\" height=\"689\" data-id=\"23585\" src=\"https:\/\/insideamateurfussball-ffm.de\/wp-content\/uploads\/2025\/02\/seckb11.jpg\" alt=\"\" class=\"wp-image-23585\" srcset=\"https:\/\/insideamateurfussball-ffm.de\/wp-content\/uploads\/2025\/02\/seckb11.jpg 945w, https:\/\/insideamateurfussball-ffm.de\/wp-content\/uploads\/2025\/02\/seckb11-300x219.jpg 300w, https:\/\/insideamateurfussball-ffm.de\/wp-content\/uploads\/2025\/02\/seckb11-768x560.jpg 768w\" sizes=\"auto, (max-width: 945px) 100vw, 945px\" \/><\/figure>\n<\/figure>\n\n\n\n<figure class=\"wp-block-gallery has-nested-images columns-default is-cropped wp-block-gallery-13 is-layout-flex wp-block-gallery-is-layout-flex\">\n<figure class=\"wp-block-image size-large\"><img loading=\"lazy\" decoding=\"async\" width=\"945\" height=\"667\" data-id=\"23586\" src=\"https:\/\/insideamateurfussball-ffm.de\/wp-content\/uploads\/2025\/02\/seckb14.jpg\" alt=\"\" class=\"wp-image-23586\" srcset=\"https:\/\/insideamateurfussball-ffm.de\/wp-content\/uploads\/2025\/02\/seckb14.jpg 945w, https:\/\/insideamateurfussball-ffm.de\/wp-content\/uploads\/2025\/02\/seckb14-300x212.jpg 300w, https:\/\/insideamateurfussball-ffm.de\/wp-content\/uploads\/2025\/02\/seckb14-768x542.jpg 768w\" sizes=\"auto, (max-width: 945px) 100vw, 945px\" \/><\/figure>\n<\/figure>\n\n\n\n<figure class=\"wp-block-gallery has-nested-images columns-default is-cropped wp-block-gallery-14 is-layout-flex wp-block-gallery-is-layout-flex\">\n<figure class=\"wp-block-image size-large\"><img loading=\"lazy\" decoding=\"async\" width=\"945\" height=\"690\" data-id=\"23587\" src=\"https:\/\/insideamateurfussball-ffm.de\/wp-content\/uploads\/2025\/02\/seckb2.jpg\" alt=\"\" class=\"wp-image-23587\" srcset=\"https:\/\/insideamateurfussball-ffm.de\/wp-content\/uploads\/2025\/02\/seckb2.jpg 945w, https:\/\/insideamateurfussball-ffm.de\/wp-content\/uploads\/2025\/02\/seckb2-300x219.jpg 300w, https:\/\/insideamateurfussball-ffm.de\/wp-content\/uploads\/2025\/02\/seckb2-768x561.jpg 768w\" sizes=\"auto, (max-width: 945px) 100vw, 945px\" \/><\/figure>\n<\/figure>\n","protected":false},"excerpt":{"rendered":"<p>Bereits am Samstagnachmittag zeigte die FG Seckbach gegen Verbandsligist SKV Rot-Wei\u00df Darmstadt eine gute Leistung und unterlag nur knapp mit 2:3.\u00a0 FG Seckbach &#8211; SKV Rot-Wei\u00df Darmstadt 2:3 (2:2) Aufgrund eines Mannschaftsabends wurde die Partie bereits am Samstag ausgespielt. Seckbach konnte gegen den Verbandsligisten gut mithalten und sogar durch Adrian Speck in F\u00fchrung gehen (5.). [&hellip;]<\/p>\n","protected":false},"author":1,"featured_media":23572,"comment_status":"closed","ping_status":"closed","sticky":true,"template":"","format":"standard","meta":{"footnotes":""},"categories":[21],"tags":[],"class_list":["post-23571","post","type-post","status-publish","format-standard","has-post-thumbnail","hentry","category-testspiele"],"_links":{"self":[{"href":"https:\/\/insideamateurfussball-ffm.de\/index.php?rest_route=\/wp\/v2\/posts\/23571","targetHints":{"allow":["GET"]}}],"collection":[{"href":"https:\/\/insideamateurfussball-ffm.de\/index.php?rest_route=\/wp\/v2\/posts"}],"about":[{"href":"https:\/\/insideamateurfussball-ffm.de\/index.php?rest_route=\/wp\/v2\/types\/post"}],"author":[{"embeddable":true,"href":"https:\/\/insideamateurfussball-ffm.de\/index.php?rest_route=\/wp\/v2\/users\/1"}],"replies":[{"embeddable":true,"href":"https:\/\/insideamateurfussball-ffm.de\/index.php?rest_route=%2Fwp%2Fv2%2Fcomments&post=23571"}],"version-history":[{"count":2,"href":"https:\/\/insideamateurfussball-ffm.de\/index.php?rest_route=\/wp\/v2\/posts\/23571\/revisions"}],"predecessor-version":[{"id":23588,"href":"https:\/\/insideamateurfussball-ffm.de\/index.php?rest_route=\/wp\/v2\/posts\/23571\/revisions\/23588"}],"wp:featuredmedia":[{"embeddable":true,"href":"https:\/\/insideamateurfussball-ffm.de\/index.php?rest_route=\/wp\/v2\/media\/23572"}],"wp:attachment":[{"href":"https:\/\/insideamateurfussball-ffm.de\/index.php?rest_route=%2Fwp%2Fv2%2Fmedia&parent=23571"}],"wp:term":[{"taxonomy":"category","embeddable":true,"href":"https:\/\/insideamateurfussball-ffm.de\/index.php?rest_route=%2Fwp%2Fv2%2Fcategories&post=23571"},{"taxonomy":"post_tag","embeddable":true,"href":"https:\/\/insideamateurfussball-ffm.de\/index.php?rest_route=%2Fwp%2Fv2%2Ftags&post=23571"}],"curies":[{"name":"wp","href":"https:\/\/api.w.org\/{rel}","templated":true}]}}