{"id":23542,"date":"2025-02-06T18:26:39","date_gmt":"2025-02-06T17:26:39","guid":{"rendered":"https:\/\/insideamateurfussball-ffm.de\/?p=23542"},"modified":"2025-02-06T18:26:39","modified_gmt":"2025-02-06T17:26:39","slug":"bosnier-gewinnen-erstes-derby-gegen-croatia-seit-2012","status":"publish","type":"post","link":"https:\/\/insideamateurfussball-ffm.de\/?p=23542","title":{"rendered":"Bosnier gewinnen erstes &#8222;Derby&#8220; gegen Croatia seit 2012"},"content":{"rendered":"<h3>Im ersten Aufeinandertreffen seit der Saison 2011\/12 gewann Gruppenligist SV Bosnien\/Herzegowina das Testpiel gegen Kreisoberliga-Schlusslicht FC Croatia mit 5:1 (2:0).\u00a0<\/h3>\n<figure id=\"attachment_23543\" aria-describedby=\"caption-attachment-23543\" style=\"width: 886px\" class=\"wp-caption alignnone\"><img loading=\"lazy\" decoding=\"async\" class=\"wp-image-23543 size-full\" src=\"http:\/\/insideamateurfussball-ffm.de\/wp-content\/uploads\/2025\/02\/derb3.jpg\" alt=\"\" width=\"886\" height=\"620\" srcset=\"https:\/\/insideamateurfussball-ffm.de\/wp-content\/uploads\/2025\/02\/derb3.jpg 886w, https:\/\/insideamateurfussball-ffm.de\/wp-content\/uploads\/2025\/02\/derb3-300x210.jpg 300w, https:\/\/insideamateurfussball-ffm.de\/wp-content\/uploads\/2025\/02\/derb3-768x537.jpg 768w\" sizes=\"auto, (max-width: 886px) 100vw, 886px\" \/><figcaption id=\"caption-attachment-23543\" class=\"wp-caption-text\">Schiedsrichter Georgios Gouziotis (Mitte) mit seinem Gespann und den Kapit\u00e4nen beider Teams. Foto: Mithat G\u00fcrser.<\/figcaption><\/figure>\n<h3>SV Bosnien\/Herzegowina &#8211; FC Croatia 5:1 (2:0)<\/h3>\n<p><img loading=\"lazy\" decoding=\"async\" class=\"alignnone size-full wp-image-139\" src=\"http:\/\/insideamateurfussball-ffm.de\/wp-content\/uploads\/2022\/05\/Bosnien.jpg\" alt=\"\" width=\"79\" height=\"80\" \/><img loading=\"lazy\" decoding=\"async\" class=\"alignnone size-full wp-image-29\" src=\"http:\/\/insideamateurfussball-ffm.de\/wp-content\/uploads\/2021\/11\/croatia.jpg\" alt=\"\" width=\"63\" height=\"80\" \/><\/p>\n<p>Trotz der K\u00e4lte hatte sich am Mittwochabend eine ordentliche Kulisse rund um den Kunstrasenplatz an der Ackermannwiese versammelt. Die Gastgeber legten in der ersten Viertelstunde mit Hamza Reko (9.) und Nudzeim Imamovic (15.) den Grundstein zum Sieg, die den vom Hessenligisten Hanau 93 gekommenen neuen Croatia-Torh\u00fcter Josip Galic \u00fcberwanden.<\/p>\n<p>Weitere Chancen wurden vom Team von Trainer Amir Mustafic kl\u00e4glich vergeben, der froh sein musste, als die G\u00e4ste in Person von Mateo Gamulin die Latte trafen.<\/p>\n<h3><span style=\"text-decoration: underline;\">Jasic und Rusev sorgen f\u00fcr standesgem\u00e4\u00dfes Resultat<\/span><\/h3>\n<p>Nach dem Seitenwechsel kam es zu den \u00fcblichen Wechselspielen auf beiden Seiten. Die Hausherren erh\u00f6hten durch Moussa Diabang (57.), kurz darauf verk\u00fcrzte Ante Coric f\u00fcr Croatia (59.). Mit den Treffern von Elvedin Jasic (63.) und Ventsislav Rusev (71.) kam ein standesgem\u00e4\u00dfes Resultat heraus.<\/p>\n<p>In der 81. Minute erkl\u00e4rte der Schiedsrichter den Testkick aufgrund von Verletzungen zweier Spieler vorzeitig f\u00fcr beendet.\u00a0<\/p>\n<h3><span style=\"text-decoration: underline;\">Schiedsrichter: Georgios Gouziotis (FFV Sportfreunde 04). Zuschauer: 87. <\/span><\/h3>\n<h3><span style=\"text-decoration: underline;\">Tore: 1:0 Hamza Reko (9.), 2:0 Nudzeim Imamovic (15.), 3:0 Secouba Diatta (57.), 3:1 Ante Coric (59.), 4:1 Elvedin Jasic (63.), 5:1 Ventsislav Rusev (71.). <\/span><\/h3>\n<h3><span style=\"text-decoration: underline;\">Bildergalerie: Mithat G\u00fcrser war beim Balkan-Derby vor Ort!<\/span><\/h3>\n\n\n<figure class=\"wp-block-gallery has-nested-images columns-default is-cropped wp-block-gallery-1 is-layout-flex wp-block-gallery-is-layout-flex\">\n<figure class=\"wp-block-image size-large\"><img loading=\"lazy\" decoding=\"async\" width=\"945\" height=\"671\" data-id=\"23544\" src=\"https:\/\/insideamateurfussball-ffm.de\/wp-content\/uploads\/2025\/02\/derb6.jpg\" alt=\"\" class=\"wp-image-23544\" srcset=\"https:\/\/insideamateurfussball-ffm.de\/wp-content\/uploads\/2025\/02\/derb6.jpg 945w, https:\/\/insideamateurfussball-ffm.de\/wp-content\/uploads\/2025\/02\/derb6-300x213.jpg 300w, https:\/\/insideamateurfussball-ffm.de\/wp-content\/uploads\/2025\/02\/derb6-768x545.jpg 768w\" sizes=\"auto, (max-width: 945px) 100vw, 945px\" \/><\/figure>\n<\/figure>\n\n\n\n<figure class=\"wp-block-gallery has-nested-images columns-default is-cropped wp-block-gallery-2 is-layout-flex wp-block-gallery-is-layout-flex\">\n<figure class=\"wp-block-image size-large\"><img loading=\"lazy\" decoding=\"async\" width=\"906\" height=\"603\" data-id=\"23545\" src=\"https:\/\/insideamateurfussball-ffm.de\/wp-content\/uploads\/2025\/02\/derb10.jpg\" alt=\"\" class=\"wp-image-23545\" srcset=\"https:\/\/insideamateurfussball-ffm.de\/wp-content\/uploads\/2025\/02\/derb10.jpg 906w, https:\/\/insideamateurfussball-ffm.de\/wp-content\/uploads\/2025\/02\/derb10-300x200.jpg 300w, https:\/\/insideamateurfussball-ffm.de\/wp-content\/uploads\/2025\/02\/derb10-768x511.jpg 768w\" sizes=\"auto, (max-width: 906px) 100vw, 906px\" \/><\/figure>\n<\/figure>\n\n\n\n<figure class=\"wp-block-gallery has-nested-images columns-default is-cropped wp-block-gallery-3 is-layout-flex wp-block-gallery-is-layout-flex\">\n<figure class=\"wp-block-image size-large\"><img loading=\"lazy\" decoding=\"async\" width=\"945\" height=\"629\" data-id=\"23546\" src=\"https:\/\/insideamateurfussball-ffm.de\/wp-content\/uploads\/2025\/02\/derb1.jpg\" alt=\"\" class=\"wp-image-23546\" srcset=\"https:\/\/insideamateurfussball-ffm.de\/wp-content\/uploads\/2025\/02\/derb1.jpg 945w, https:\/\/insideamateurfussball-ffm.de\/wp-content\/uploads\/2025\/02\/derb1-300x200.jpg 300w, https:\/\/insideamateurfussball-ffm.de\/wp-content\/uploads\/2025\/02\/derb1-768x511.jpg 768w\" sizes=\"auto, (max-width: 945px) 100vw, 945px\" \/><\/figure>\n<\/figure>\n\n\n\n<figure class=\"wp-block-gallery has-nested-images columns-default is-cropped wp-block-gallery-4 is-layout-flex wp-block-gallery-is-layout-flex\">\n<figure class=\"wp-block-image size-large\"><img loading=\"lazy\" decoding=\"async\" width=\"945\" height=\"720\" data-id=\"23547\" src=\"https:\/\/insideamateurfussball-ffm.de\/wp-content\/uploads\/2025\/02\/derb4.jpg\" alt=\"\" class=\"wp-image-23547\" srcset=\"https:\/\/insideamateurfussball-ffm.de\/wp-content\/uploads\/2025\/02\/derb4.jpg 945w, https:\/\/insideamateurfussball-ffm.de\/wp-content\/uploads\/2025\/02\/derb4-300x229.jpg 300w, https:\/\/insideamateurfussball-ffm.de\/wp-content\/uploads\/2025\/02\/derb4-768x585.jpg 768w\" sizes=\"auto, (max-width: 945px) 100vw, 945px\" \/><\/figure>\n<\/figure>\n\n\n\n<figure class=\"wp-block-gallery has-nested-images columns-default is-cropped wp-block-gallery-5 is-layout-flex wp-block-gallery-is-layout-flex\">\n<figure class=\"wp-block-image size-large\"><img loading=\"lazy\" decoding=\"async\" width=\"945\" height=\"668\" data-id=\"23548\" src=\"https:\/\/insideamateurfussball-ffm.de\/wp-content\/uploads\/2025\/02\/derb8.jpg\" alt=\"\" class=\"wp-image-23548\" srcset=\"https:\/\/insideamateurfussball-ffm.de\/wp-content\/uploads\/2025\/02\/derb8.jpg 945w, https:\/\/insideamateurfussball-ffm.de\/wp-content\/uploads\/2025\/02\/derb8-300x212.jpg 300w, https:\/\/insideamateurfussball-ffm.de\/wp-content\/uploads\/2025\/02\/derb8-768x543.jpg 768w\" sizes=\"auto, (max-width: 945px) 100vw, 945px\" \/><\/figure>\n<\/figure>\n\n\n\n<figure class=\"wp-block-gallery has-nested-images columns-default is-cropped wp-block-gallery-6 is-layout-flex wp-block-gallery-is-layout-flex\">\n<figure class=\"wp-block-image size-large\"><img loading=\"lazy\" decoding=\"async\" width=\"945\" height=\"651\" data-id=\"23549\" src=\"https:\/\/insideamateurfussball-ffm.de\/wp-content\/uploads\/2025\/02\/derb11.jpg\" alt=\"\" class=\"wp-image-23549\" srcset=\"https:\/\/insideamateurfussball-ffm.de\/wp-content\/uploads\/2025\/02\/derb11.jpg 945w, https:\/\/insideamateurfussball-ffm.de\/wp-content\/uploads\/2025\/02\/derb11-300x207.jpg 300w, https:\/\/insideamateurfussball-ffm.de\/wp-content\/uploads\/2025\/02\/derb11-768x529.jpg 768w\" sizes=\"auto, (max-width: 945px) 100vw, 945px\" \/><\/figure>\n<\/figure>\n\n\n\n<figure class=\"wp-block-gallery has-nested-images columns-default is-cropped wp-block-gallery-7 is-layout-flex wp-block-gallery-is-layout-flex\">\n<figure class=\"wp-block-image size-large\"><img loading=\"lazy\" decoding=\"async\" width=\"945\" height=\"668\" data-id=\"23550\" src=\"https:\/\/insideamateurfussball-ffm.de\/wp-content\/uploads\/2025\/02\/derb2.jpg\" alt=\"\" class=\"wp-image-23550\" srcset=\"https:\/\/insideamateurfussball-ffm.de\/wp-content\/uploads\/2025\/02\/derb2.jpg 945w, https:\/\/insideamateurfussball-ffm.de\/wp-content\/uploads\/2025\/02\/derb2-300x212.jpg 300w, https:\/\/insideamateurfussball-ffm.de\/wp-content\/uploads\/2025\/02\/derb2-768x543.jpg 768w\" sizes=\"auto, (max-width: 945px) 100vw, 945px\" \/><\/figure>\n<\/figure>\n\n\n\n<figure class=\"wp-block-gallery has-nested-images columns-default is-cropped wp-block-gallery-8 is-layout-flex wp-block-gallery-is-layout-flex\">\n<figure class=\"wp-block-image size-large\"><img loading=\"lazy\" decoding=\"async\" width=\"886\" height=\"666\" data-id=\"23551\" src=\"https:\/\/insideamateurfussball-ffm.de\/wp-content\/uploads\/2025\/02\/derb5.jpg\" alt=\"\" class=\"wp-image-23551\" srcset=\"https:\/\/insideamateurfussball-ffm.de\/wp-content\/uploads\/2025\/02\/derb5.jpg 886w, https:\/\/insideamateurfussball-ffm.de\/wp-content\/uploads\/2025\/02\/derb5-300x226.jpg 300w, https:\/\/insideamateurfussball-ffm.de\/wp-content\/uploads\/2025\/02\/derb5-768x577.jpg 768w\" sizes=\"auto, (max-width: 886px) 100vw, 886px\" \/><\/figure>\n<\/figure>\n\n\n\n<figure class=\"wp-block-gallery has-nested-images columns-default is-cropped wp-block-gallery-9 is-layout-flex wp-block-gallery-is-layout-flex\">\n<figure class=\"wp-block-image size-large\"><img loading=\"lazy\" decoding=\"async\" width=\"945\" height=\"629\" data-id=\"23552\" src=\"https:\/\/insideamateurfussball-ffm.de\/wp-content\/uploads\/2025\/02\/derb9.jpg\" alt=\"\" class=\"wp-image-23552\" srcset=\"https:\/\/insideamateurfussball-ffm.de\/wp-content\/uploads\/2025\/02\/derb9.jpg 945w, https:\/\/insideamateurfussball-ffm.de\/wp-content\/uploads\/2025\/02\/derb9-300x200.jpg 300w, https:\/\/insideamateurfussball-ffm.de\/wp-content\/uploads\/2025\/02\/derb9-768x511.jpg 768w\" sizes=\"auto, (max-width: 945px) 100vw, 945px\" \/><\/figure>\n<\/figure>\n\n\n\n<figure class=\"wp-block-gallery has-nested-images columns-default is-cropped wp-block-gallery-10 is-layout-flex wp-block-gallery-is-layout-flex\">\n<figure class=\"wp-block-image size-large\"><img loading=\"lazy\" decoding=\"async\" width=\"945\" height=\"688\" data-id=\"23553\" src=\"https:\/\/insideamateurfussball-ffm.de\/wp-content\/uploads\/2025\/02\/derb12.jpg\" alt=\"\" class=\"wp-image-23553\" srcset=\"https:\/\/insideamateurfussball-ffm.de\/wp-content\/uploads\/2025\/02\/derb12.jpg 945w, https:\/\/insideamateurfussball-ffm.de\/wp-content\/uploads\/2025\/02\/derb12-300x218.jpg 300w, https:\/\/insideamateurfussball-ffm.de\/wp-content\/uploads\/2025\/02\/derb12-768x559.jpg 768w\" sizes=\"auto, (max-width: 945px) 100vw, 945px\" \/><\/figure>\n<\/figure>\n","protected":false},"excerpt":{"rendered":"<p>Im ersten Aufeinandertreffen seit der Saison 2011\/12 gewann Gruppenligist SV Bosnien\/Herzegowina das Testpiel gegen Kreisoberliga-Schlusslicht FC Croatia mit 5:1 (2:0).\u00a0 SV Bosnien\/Herzegowina &#8211; FC Croatia 5:1 (2:0) Trotz der K\u00e4lte hatte sich am Mittwochabend eine ordentliche Kulisse rund um den Kunstrasenplatz an der Ackermannwiese versammelt. Die Gastgeber legten in der ersten Viertelstunde mit Hamza Reko [&hellip;]<\/p>\n","protected":false},"author":1,"featured_media":23543,"comment_status":"closed","ping_status":"closed","sticky":true,"template":"","format":"standard","meta":{"footnotes":""},"categories":[21],"tags":[],"class_list":["post-23542","post","type-post","status-publish","format-standard","has-post-thumbnail","hentry","category-testspiele"],"_links":{"self":[{"href":"https:\/\/insideamateurfussball-ffm.de\/index.php?rest_route=\/wp\/v2\/posts\/23542","targetHints":{"allow":["GET"]}}],"collection":[{"href":"https:\/\/insideamateurfussball-ffm.de\/index.php?rest_route=\/wp\/v2\/posts"}],"about":[{"href":"https:\/\/insideamateurfussball-ffm.de\/index.php?rest_route=\/wp\/v2\/types\/post"}],"author":[{"embeddable":true,"href":"https:\/\/insideamateurfussball-ffm.de\/index.php?rest_route=\/wp\/v2\/users\/1"}],"replies":[{"embeddable":true,"href":"https:\/\/insideamateurfussball-ffm.de\/index.php?rest_route=%2Fwp%2Fv2%2Fcomments&post=23542"}],"version-history":[{"count":1,"href":"https:\/\/insideamateurfussball-ffm.de\/index.php?rest_route=\/wp\/v2\/posts\/23542\/revisions"}],"predecessor-version":[{"id":23554,"href":"https:\/\/insideamateurfussball-ffm.de\/index.php?rest_route=\/wp\/v2\/posts\/23542\/revisions\/23554"}],"wp:featuredmedia":[{"embeddable":true,"href":"https:\/\/insideamateurfussball-ffm.de\/index.php?rest_route=\/wp\/v2\/media\/23543"}],"wp:attachment":[{"href":"https:\/\/insideamateurfussball-ffm.de\/index.php?rest_route=%2Fwp%2Fv2%2Fmedia&parent=23542"}],"wp:term":[{"taxonomy":"category","embeddable":true,"href":"https:\/\/insideamateurfussball-ffm.de\/index.php?rest_route=%2Fwp%2Fv2%2Fcategories&post=23542"},{"taxonomy":"post_tag","embeddable":true,"href":"https:\/\/insideamateurfussball-ffm.de\/index.php?rest_route=%2Fwp%2Fv2%2Ftags&post=23542"}],"curies":[{"name":"wp","href":"https:\/\/api.w.org\/{rel}","templated":true}]}}