{"id":23536,"date":"2025-02-05T17:41:56","date_gmt":"2025-02-05T16:41:56","guid":{"rendered":"https:\/\/insideamateurfussball-ffm.de\/?p=23536"},"modified":"2025-02-05T17:41:56","modified_gmt":"2025-02-05T16:41:56","slug":"oberrad-freut-sich-auf-neuzugang-dennis-klitscher","status":"publish","type":"post","link":"https:\/\/insideamateurfussball-ffm.de\/?p=23536","title":{"rendered":"Oberrad freut sich auf Neuzugang Dennis Klitscher"},"content":{"rendered":"<h3>Kurz vor dem Ende der Transferperiode II ist der Spvgg. 05 Oberrad ein Transfercoup gelungen. Der West-Gruppenligist freut sich, den Zugang von Dennis Klitscher vom SV Empor Berlin bekannt zu geben.<\/h3>\n<figure id=\"attachment_23537\" aria-describedby=\"caption-attachment-23537\" style=\"width: 640px\" class=\"wp-caption alignright\"><img loading=\"lazy\" decoding=\"async\" class=\"wp-image-23537 size-large\" src=\"http:\/\/insideamateurfussball-ffm.de\/wp-content\/uploads\/2025\/02\/Oberrad-Klitscher-819x1024.jpg\" alt=\"\" width=\"640\" height=\"800\" srcset=\"https:\/\/insideamateurfussball-ffm.de\/wp-content\/uploads\/2025\/02\/Oberrad-Klitscher-819x1024.jpg 819w, https:\/\/insideamateurfussball-ffm.de\/wp-content\/uploads\/2025\/02\/Oberrad-Klitscher-240x300.jpg 240w, https:\/\/insideamateurfussball-ffm.de\/wp-content\/uploads\/2025\/02\/Oberrad-Klitscher-768x960.jpg 768w, https:\/\/insideamateurfussball-ffm.de\/wp-content\/uploads\/2025\/02\/Oberrad-Klitscher-1229x1536.jpg 1229w, https:\/\/insideamateurfussball-ffm.de\/wp-content\/uploads\/2025\/02\/Oberrad-Klitscher.jpg 1440w\" sizes=\"auto, (max-width: 640px) 100vw, 640px\" \/><figcaption id=\"caption-attachment-23537\" class=\"wp-caption-text\">Dennis Klitscher spielte zuletzt in der sechtsklassigen Berlin-Liga beim SV Empor Berlin. Grafik: Spvgg. 05 Oberrad.\u00a0<\/figcaption><\/figure>\n<p><img loading=\"lazy\" decoding=\"async\" class=\"alignnone size-full wp-image-137\" src=\"http:\/\/insideamateurfussball-ffm.de\/wp-content\/uploads\/2022\/05\/Oberrad05.jpg\" alt=\"\" width=\"79\" height=\"80\" \/><\/p>\n<p>Der 27-j\u00e4hrige spielte zuletzt in der sechstklassigen Berlin-Liga beim SV Empor Berlin. Der beim Halleschen FC ausgebildete Abwehrspieler sammelte Erfahrungen in der NOFV-Oberliga S\u00fcd (5. Liga) beim VfL Halle 96 und TV Askania Bernburg.<\/p>\n<p>Da ihn nun sein beruflicher Weg ins Rhein-Main-Gebiet gef\u00fchrt hat und der Spieler sich mit den Verantwortlichen der Oberr\u00e4der auf eine Zusammenarbeit einigen konnte, l\u00e4uft er ab sofort im gr\u00fcnen Dress der 05er auf.<\/p>\n<p>&#8222;Das ist ein guter Transfer, der Spieler ist bewusst auf uns zugekommen. Charakterlich passt er gut in die Mannschaft&#8220;, freut sich der Fu\u00dfball-Abteilungsleiter Markus Klandt.<\/p>\n<p>Neben den schon bekannten Abg\u00e4ngen von Milan Matijevic (DJK Sportfreunde Bad Homburg) und Yannick Seith (FC Langen) vermeldete Klandt noch den Abgang von Ion Samoila mit unbekanntem Ziel.<\/p>\n<h3><\/h3>\n<h3><\/h3>\n","protected":false},"excerpt":{"rendered":"<p>Kurz vor dem Ende der Transferperiode II ist der Spvgg. 05 Oberrad ein Transfercoup gelungen. Der West-Gruppenligist freut sich, den Zugang von Dennis Klitscher vom SV Empor Berlin bekannt zu geben. Der 27-j\u00e4hrige spielte zuletzt in der sechstklassigen Berlin-Liga beim SV Empor Berlin. Der beim Halleschen FC ausgebildete Abwehrspieler sammelte Erfahrungen in der NOFV-Oberliga S\u00fcd [&hellip;]<\/p>\n","protected":false},"author":1,"featured_media":23537,"comment_status":"closed","ping_status":"closed","sticky":true,"template":"","format":"standard","meta":{"footnotes":""},"categories":[13],"tags":[],"class_list":["post-23536","post","type-post","status-publish","format-standard","has-post-thumbnail","hentry","category-gruppenliga-frankfurt-west"],"_links":{"self":[{"href":"https:\/\/insideamateurfussball-ffm.de\/index.php?rest_route=\/wp\/v2\/posts\/23536","targetHints":{"allow":["GET"]}}],"collection":[{"href":"https:\/\/insideamateurfussball-ffm.de\/index.php?rest_route=\/wp\/v2\/posts"}],"about":[{"href":"https:\/\/insideamateurfussball-ffm.de\/index.php?rest_route=\/wp\/v2\/types\/post"}],"author":[{"embeddable":true,"href":"https:\/\/insideamateurfussball-ffm.de\/index.php?rest_route=\/wp\/v2\/users\/1"}],"replies":[{"embeddable":true,"href":"https:\/\/insideamateurfussball-ffm.de\/index.php?rest_route=%2Fwp%2Fv2%2Fcomments&post=23536"}],"version-history":[{"count":1,"href":"https:\/\/insideamateurfussball-ffm.de\/index.php?rest_route=\/wp\/v2\/posts\/23536\/revisions"}],"predecessor-version":[{"id":23538,"href":"https:\/\/insideamateurfussball-ffm.de\/index.php?rest_route=\/wp\/v2\/posts\/23536\/revisions\/23538"}],"wp:featuredmedia":[{"embeddable":true,"href":"https:\/\/insideamateurfussball-ffm.de\/index.php?rest_route=\/wp\/v2\/media\/23537"}],"wp:attachment":[{"href":"https:\/\/insideamateurfussball-ffm.de\/index.php?rest_route=%2Fwp%2Fv2%2Fmedia&parent=23536"}],"wp:term":[{"taxonomy":"category","embeddable":true,"href":"https:\/\/insideamateurfussball-ffm.de\/index.php?rest_route=%2Fwp%2Fv2%2Fcategories&post=23536"},{"taxonomy":"post_tag","embeddable":true,"href":"https:\/\/insideamateurfussball-ffm.de\/index.php?rest_route=%2Fwp%2Fv2%2Ftags&post=23536"}],"curies":[{"name":"wp","href":"https:\/\/api.w.org\/{rel}","templated":true}]}}