{"id":23533,"date":"2025-02-05T17:12:16","date_gmt":"2025-02-05T16:12:16","guid":{"rendered":"https:\/\/insideamateurfussball-ffm.de\/?p=23533"},"modified":"2025-02-06T14:45:27","modified_gmt":"2025-02-06T13:45:27","slug":"trauer-um-mtk-fussballer-reda-el-ouardani","status":"publish","type":"post","link":"https:\/\/insideamateurfussball-ffm.de\/?p=23533","title":{"rendered":"Trauer um MTK-Fu\u00dfballer Reda El Ouardani"},"content":{"rendered":"<h3>Trauer um Reda El Ouardani, der im Alter von nur 36 Jahren pl\u00f6tzlich und unerwartet verstorben ist. Der Fu\u00dfballer spielte in seiner Laufbahn ausschlie\u00dflich im Main-Taunus-Kreis und war bis zuletzt bei T\u00fcrk Hattersheim aktiv.<\/h3>\n<figure id=\"attachment_23534\" aria-describedby=\"caption-attachment-23534\" style=\"width: 640px\" class=\"wp-caption alignright\"><img loading=\"lazy\" decoding=\"async\" class=\"wp-image-23534 size-large\" src=\"http:\/\/insideamateurfussball-ffm.de\/wp-content\/uploads\/2025\/02\/Reda-819x1024.jpg\" alt=\"\" width=\"640\" height=\"800\" srcset=\"https:\/\/insideamateurfussball-ffm.de\/wp-content\/uploads\/2025\/02\/Reda-819x1024.jpg 819w, https:\/\/insideamateurfussball-ffm.de\/wp-content\/uploads\/2025\/02\/Reda-240x300.jpg 240w, https:\/\/insideamateurfussball-ffm.de\/wp-content\/uploads\/2025\/02\/Reda-768x960.jpg 768w, https:\/\/insideamateurfussball-ffm.de\/wp-content\/uploads\/2025\/02\/Reda-1229x1536.jpg 1229w, https:\/\/insideamateurfussball-ffm.de\/wp-content\/uploads\/2025\/02\/Reda.jpg 1440w\" sizes=\"auto, (max-width: 640px) 100vw, 640px\" \/><figcaption id=\"caption-attachment-23534\" class=\"wp-caption-text\">Fotos: SV Zeilsheim.<\/figcaption><\/figure>\n<p>El Ouardani geh\u00f6rte zu den bekanntesten Fu\u00dfballer im letzten Jahrzehnt in unserem Nachbarkreis und spielte f\u00fcr den VfB Unterliederbach, den SV Zeilsheim, DJK Hattersheim, DJK Fl\u00f6rsheim, Germania Schwanheim und T\u00fcrk Hattersheim. F\u00fcr Zeilsheim, Fl\u00f6rsheim und Schwanheim absolvierte der Fu\u00dfballer 46 Verbandsliga Mitte-Spiele. Die Zeilsheimer w\u00fcrdigen ihren ehemaligen Spieler nach der Nachricht vom pl\u00f6tzlichen Tod als &#8220; herausragenden Spieler und au\u00dfergew\u00f6hnlichen Menschen. Mit Leidenschaft, Ehrgeiz und Fairness hat er den Fu\u00dfball gepr\u00e4gt und unseren Verein \u00fcber viele Jahre hinweg mit Stolz vertreten. Besonders in der Saison 2015\/2016, als er mit dem SV Zeilsheim Meister der Gruppenliga wurde und anschlie\u00dfend in der Verbandsliga spielte, zeigte er sein au\u00dfergew\u00f6hnliches K\u00f6nnen und seinen unerm\u00fcdlichen Einsatz. Mit tiefem Schmerz und gro\u00dfer Trauer nehmen wir Abschied von Reda El Ouardani, der viel zu fr\u00fch von uns gegangen ist. Sein Verlust hinterl\u00e4sst eine schmerzliche L\u00fccke in unserer SV Zeilsheim-Familie und in der gesamten Fu\u00dfballgemeinschaft des Main-Taunus-Kreises. <span style=\"color: initial;\">Sein Verm\u00e4chtnis wird in den Erinnerungen seiner Mitspieler, Trainer und Fans weiterleben. Unser tiefes Mitgef\u00fchl gilt seiner Familie, seinen Freunden und allen, die ihn gesch\u00e4tzt haben.&#8220;<\/span><\/p>\n<div class=\"x11i5rnm xat24cr x1mh8g0r x1vvkbs xtlvy1s x126k92a\">\n<div dir=\"auto\">Auch sein letzter Verein T\u00fcrk Hattersheim postete via sozialer Medien: &#8222;Wir sind schockiert und in tiefster Trauer! Unser Kapit\u00e4n, Fu\u00dfballer, Bruder und Freund Reda El Ouardani ist am vergangenen Freitag verstorben. Wir w\u00fcnschen der Familie viel Kraft und Geduld in diesen schweren Zeiten, m\u00f6ge Allah Reda das Paradies \u00f6ffnen.&#8220;<\/div>\n<\/div>\n","protected":false},"excerpt":{"rendered":"<p>Trauer um Reda El Ouardani, der im Alter von nur 36 Jahren pl\u00f6tzlich und unerwartet verstorben ist. Der Fu\u00dfballer spielte in seiner Laufbahn ausschlie\u00dflich im Main-Taunus-Kreis und war bis zuletzt bei T\u00fcrk Hattersheim aktiv. El Ouardani geh\u00f6rte zu den bekanntesten Fu\u00dfballer im letzten Jahrzehnt in unserem Nachbarkreis und spielte f\u00fcr den VfB Unterliederbach, den SV [&hellip;]<\/p>\n","protected":false},"author":1,"featured_media":23534,"comment_status":"closed","ping_status":"closed","sticky":true,"template":"","format":"standard","meta":{"footnotes":""},"categories":[34],"tags":[],"class_list":["post-23533","post","type-post","status-publish","format-standard","has-post-thumbnail","hentry","category-trauer"],"_links":{"self":[{"href":"https:\/\/insideamateurfussball-ffm.de\/index.php?rest_route=\/wp\/v2\/posts\/23533","targetHints":{"allow":["GET"]}}],"collection":[{"href":"https:\/\/insideamateurfussball-ffm.de\/index.php?rest_route=\/wp\/v2\/posts"}],"about":[{"href":"https:\/\/insideamateurfussball-ffm.de\/index.php?rest_route=\/wp\/v2\/types\/post"}],"author":[{"embeddable":true,"href":"https:\/\/insideamateurfussball-ffm.de\/index.php?rest_route=\/wp\/v2\/users\/1"}],"replies":[{"embeddable":true,"href":"https:\/\/insideamateurfussball-ffm.de\/index.php?rest_route=%2Fwp%2Fv2%2Fcomments&post=23533"}],"version-history":[{"count":3,"href":"https:\/\/insideamateurfussball-ffm.de\/index.php?rest_route=\/wp\/v2\/posts\/23533\/revisions"}],"predecessor-version":[{"id":23540,"href":"https:\/\/insideamateurfussball-ffm.de\/index.php?rest_route=\/wp\/v2\/posts\/23533\/revisions\/23540"}],"wp:featuredmedia":[{"embeddable":true,"href":"https:\/\/insideamateurfussball-ffm.de\/index.php?rest_route=\/wp\/v2\/media\/23534"}],"wp:attachment":[{"href":"https:\/\/insideamateurfussball-ffm.de\/index.php?rest_route=%2Fwp%2Fv2%2Fmedia&parent=23533"}],"wp:term":[{"taxonomy":"category","embeddable":true,"href":"https:\/\/insideamateurfussball-ffm.de\/index.php?rest_route=%2Fwp%2Fv2%2Fcategories&post=23533"},{"taxonomy":"post_tag","embeddable":true,"href":"https:\/\/insideamateurfussball-ffm.de\/index.php?rest_route=%2Fwp%2Fv2%2Ftags&post=23533"}],"curies":[{"name":"wp","href":"https:\/\/api.w.org\/{rel}","templated":true}]}}